{"id":28565,"date":"2025-07-27T08:00:00","date_gmt":"2025-07-27T11:00:00","guid":{"rendered":"https:\/\/sgvaimudar.com.br\/?p=28565"},"modified":"2025-07-27T05:24:10","modified_gmt":"2025-07-27T08:24:10","slug":"caravana-de-arte-e-lazer-anima-goncalenses-na-praca-dos-ex-combatentes","status":"publish","type":"post","link":"https:\/\/sgvaimudar.com.br\/index.php\/2025\/07\/27\/caravana-de-arte-e-lazer-anima-goncalenses-na-praca-dos-ex-combatentes\/","title":{"rendered":"Caravana de Arte e Lazer anima gon\u00e7alenses na Pra\u00e7a dos Ex-Combatentes"},"content":{"rendered":"\n<p><em>este domingo, o projeto seguir\u00e1 para o bairro Engenho Pequeno&nbsp;<\/em><\/p>\n\n\n\n<p>Na manh\u00e3 deste s\u00e1bado (26), diversas fam\u00edlias aproveitaram a Caravana de Arte e Lazer. O evento, que promove atividades recreativas, aconteceu em um ponto super acess\u00edvel da cidade, a Pra\u00e7a dos Ex-Combatentes, no Patronato. Neste domingo (27), a a\u00e7\u00e3o seguir\u00e1 para o bairro Engenho Pequeno.<\/p>\n\n\n\n<p>O projeto \u00e9 realizado pela Funda\u00e7\u00e3o de Artes, Esporte e Lazer de S\u00e3o Gon\u00e7alo e leva momentos de lazer e alegria para as crian\u00e7as goncalenses, garantindo a elas o acesso \u00e0 pula-pula, brinquedos infl\u00e1veis e jogos de tabuleiro. Al\u00e9m de m\u00fasica e brincadeiras, o evento tamb\u00e9m disponibiliza barracas de lanches para os pequenos e seus respons\u00e1veis.<\/p>\n\n\n\n<figure class=\"wp-block-image size-large\"><img fetchpriority=\"high\" decoding=\"async\" width=\"1024\" height=\"684\" src=\"https:\/\/sgvaimudar.com.br\/wp-content\/uploads\/2025\/07\/unnamed-14-6-1024x684.jpg\" alt=\"\" class=\"wp-image-28566\" srcset=\"https:\/\/sgvaimudar.com.br\/wp-content\/uploads\/2025\/07\/unnamed-14-6-1024x684.jpg 1024w, https:\/\/sgvaimudar.com.br\/wp-content\/uploads\/2025\/07\/unnamed-14-6-300x200.jpg 300w, https:\/\/sgvaimudar.com.br\/wp-content\/uploads\/2025\/07\/unnamed-14-6-768x513.jpg 768w, https:\/\/sgvaimudar.com.br\/wp-content\/uploads\/2025\/07\/unnamed-14-6-1536x1027.jpg 1536w, https:\/\/sgvaimudar.com.br\/wp-content\/uploads\/2025\/07\/unnamed-14-6.jpg 1616w\" sizes=\"(max-width: 1024px) 100vw, 1024px\" \/><\/figure>\n\n\n\n<p>A moradora do Para\u00edso, Jessica Souza, de 23 anos, levou seu filho Davi, de 5 anos, para se divertir.<\/p>\n\n\n\n<p>\u201cEle est\u00e1 amando, j\u00e1 brincou em todos os brinquedos. Soube que ia ter a caravana atrav\u00e9s do Instagram da Prefeitura. \u00c9 muito legal um evento como esse, principalmente para as crian\u00e7as de comunidade que n\u00e3o t\u00eam tantas oportunidades,\u201d contou.<\/p>\n\n\n\n<p>A cuidadora de idosos Simone Oliveira, de 50 anos, diz que n\u00e3o conhecia o evento e seu neto Daniel Rocha, estava comemorando o anivers\u00e1rio de 8 anos, ent\u00e3o ela fez quest\u00e3o de participar.<\/p>\n\n\n\n<p>\u201cHoje ele est\u00e1 fazendo anivers\u00e1rio e j\u00e1 come\u00e7ou o dia brincando. Achei muito legal, um evento desse tem mesmo que rodar a cidade toda, as crian\u00e7as se divertem bastante,\u201d disse.<\/p>\n\n\n\n<p><strong>Servi\u00e7o:&nbsp;<\/strong><\/p>\n\n\n\n<p><strong>Domingo (27\/07):&nbsp;<\/strong>Rua Monte Pascoal &#8211; Engenho Pequeno, das 9h \u00e0s 13h.<\/p>\n\n\n\n<p>Fotos: Renan Otto<\/p>\n\n\n\n<p><strong><em>S\u00e3o Gon\u00e7alo vai mudar: Not\u00edcias de S\u00e3o Gon\u00e7alo e toda regi\u00e3o.<\/em><\/strong><\/p>\n\n\n\n<figure class=\"wp-block-image size-large\"><img decoding=\"async\" width=\"1024\" height=\"252\" src=\"https:\/\/sgvaimudar.com.br\/wp-content\/uploads\/2025\/03\/Anuncie-Aqui-Sao-Goncalo-vai-mudar-1024x252.jpg\" alt=\"\" class=\"wp-image-22693\" srcset=\"https:\/\/sgvaimudar.com.br\/wp-content\/uploads\/2025\/03\/Anuncie-Aqui-Sao-Goncalo-vai-mudar-1024x252.jpg 1024w, https:\/\/sgvaimudar.com.br\/wp-content\/uploads\/2025\/03\/Anuncie-Aqui-Sao-Goncalo-vai-mudar-300x74.jpg 300w, https:\/\/sgvaimudar.com.br\/wp-content\/uploads\/2025\/03\/Anuncie-Aqui-Sao-Goncalo-vai-mudar-768x189.jpg 768w, https:\/\/sgvaimudar.com.br\/wp-content\/uploads\/2025\/03\/Anuncie-Aqui-Sao-Goncalo-vai-mudar-1536x378.jpg 1536w, https:\/\/sgvaimudar.com.br\/wp-content\/uploads\/2025\/03\/Anuncie-Aqui-Sao-Goncalo-vai-mudar-2048x504.jpg 2048w\" sizes=\"(max-width: 1024px) 100vw, 1024px\" \/><\/figure>\n","protected":false},"excerpt":{"rendered":"<p>este domingo, o projeto seguir\u00e1 para o bairro Engenho Pequeno&nbsp; Na manh\u00e3 deste s\u00e1bado (26), diversas fam\u00edlias aproveitaram a Caravana&hellip;<\/p>\n","protected":false},"author":5,"featured_media":28567,"comment_status":"open","ping_status":"open","sticky":false,"template":"","format":"standard","meta":{"fifu_image_url":"","fifu_image_alt":"","footnotes":""},"categories":[6],"tags":[47,75],"class_list":["post-28565","post","type-post","status-publish","format-standard","has-post-thumbnail","hentry","category-entretenimento","tag-rj","tag-sao-goncalo"],"_links":{"self":[{"href":"https:\/\/sgvaimudar.com.br\/index.php\/wp-json\/wp\/v2\/posts\/28565","targetHints":{"allow":["GET"]}}],"collection":[{"href":"https:\/\/sgvaimudar.com.br\/index.php\/wp-json\/wp\/v2\/posts"}],"about":[{"href":"https:\/\/sgvaimudar.com.br\/index.php\/wp-json\/wp\/v2\/types\/post"}],"author":[{"embeddable":true,"href":"https:\/\/sgvaimudar.com.br\/index.php\/wp-json\/wp\/v2\/users\/5"}],"replies":[{"embeddable":true,"href":"https:\/\/sgvaimudar.com.br\/index.php\/wp-json\/wp\/v2\/comments?post=28565"}],"version-history":[{"count":1,"href":"https:\/\/sgvaimudar.com.br\/index.php\/wp-json\/wp\/v2\/posts\/28565\/revisions"}],"predecessor-version":[{"id":28568,"href":"https:\/\/sgvaimudar.com.br\/index.php\/wp-json\/wp\/v2\/posts\/28565\/revisions\/28568"}],"wp:featuredmedia":[{"embeddable":true,"href":"https:\/\/sgvaimudar.com.br\/index.php\/wp-json\/wp\/v2\/media\/28567"}],"wp:attachment":[{"href":"https:\/\/sgvaimudar.com.br\/index.php\/wp-json\/wp\/v2\/media?parent=28565"}],"wp:term":[{"taxonomy":"category","embeddable":true,"href":"https:\/\/sgvaimudar.com.br\/index.php\/wp-json\/wp\/v2\/categories?post=28565"},{"taxonomy":"post_tag","embeddable":true,"href":"https:\/\/sgvaimudar.com.br\/index.php\/wp-json\/wp\/v2\/tags?post=28565"}],"curies":[{"name":"wp","href":"https:\/\/api.w.org\/{rel}","templated":true}]}}