{"id":28554,"date":"2025-07-26T19:00:00","date_gmt":"2025-07-26T22:00:00","guid":{"rendered":"https:\/\/sgvaimudar.com.br\/?p=28554"},"modified":"2025-07-26T08:17:30","modified_gmt":"2025-07-26T11:17:30","slug":"qualidade-de-vida-em-alta-obras-de-infraestrutura-avancam-na-venda-da-cruz","status":"publish","type":"post","link":"https:\/\/sgvaimudar.com.br\/index.php\/2025\/07\/26\/qualidade-de-vida-em-alta-obras-de-infraestrutura-avancam-na-venda-da-cruz\/","title":{"rendered":"Qualidade de vida em alta: Obras de infraestrutura avan\u00e7am na Venda da Cruz"},"content":{"rendered":"\n<p><em>Galerias celulares s\u00e3o instaladas em canal na Travessa Figueiredo<\/em><\/p>\n\n\n\n<p>A Secretaria de Desenvolvimento Urbano da Prefeitura de S\u00e3o Gon\u00e7alo realizou, na manh\u00e3 desta sexta-feira (25), a instala\u00e7\u00e3o de galerias celulares no canal que passa pela Travessa Figueiredo, na Venda da Cruz.<\/p>\n\n\n\n<p>A obra de infraestrutura foi iniciada h\u00e1 cerca de tr\u00eas meses, ap\u00f3s um trecho da rua ceder. Toda a \u00e1rea vinha sendo preparada para receber as galerias. A canaliza\u00e7\u00e3o evita enchentes e eros\u00f5es na \u00e1rea, facilitando o ir e vir e a seguran\u00e7a dos moradores.<\/p>\n\n\n\n<figure class=\"wp-block-image size-large\"><img fetchpriority=\"high\" decoding=\"async\" width=\"1024\" height=\"682\" src=\"https:\/\/sgvaimudar.com.br\/wp-content\/uploads\/2025\/07\/unnamed-12-7-1024x682.jpg\" alt=\"\" class=\"wp-image-28555\" srcset=\"https:\/\/sgvaimudar.com.br\/wp-content\/uploads\/2025\/07\/unnamed-12-7-1024x682.jpg 1024w, https:\/\/sgvaimudar.com.br\/wp-content\/uploads\/2025\/07\/unnamed-12-7-300x200.jpg 300w, https:\/\/sgvaimudar.com.br\/wp-content\/uploads\/2025\/07\/unnamed-12-7-768x512.jpg 768w, https:\/\/sgvaimudar.com.br\/wp-content\/uploads\/2025\/07\/unnamed-12-7-1536x1024.jpg 1536w, https:\/\/sgvaimudar.com.br\/wp-content\/uploads\/2025\/07\/unnamed-12-7.jpg 2000w\" sizes=\"(max-width: 1024px) 100vw, 1024px\" \/><\/figure>\n\n\n\n<p>O secret\u00e1rio de Desenvolvimento Urbano, J\u00fanior Barboza, refor\u00e7a a import\u00e2ncia dessa revitaliza\u00e7\u00e3o.<\/p>\n\n\n\n<p>\u201cRealizamos um trabalho de limpeza no canal que passa por aqui e a prepara\u00e7\u00e3o para o assentamento das aduelas. Esse processo \u00e9 de suma relev\u00e2ncia para a canaliza\u00e7\u00e3o, garantindo uma melhor estrutura e qualidade de vida para os moradores da regi\u00e3o,\u201d afirmou.<\/p>\n\n\n\n<p>Ap\u00f3s a instala\u00e7\u00e3o das galerias, a interven\u00e7\u00e3o seguir\u00e1 com a\u00e7\u00f5es de urbaniza\u00e7\u00e3o, com confec\u00e7\u00e3o de cal\u00e7adas e recupera\u00e7\u00e3o do pavimento danificado.<\/p>\n\n\n\n<p>A moradora Nelita Neves, de 75 anos, contou que vive h\u00e1 60 anos na travessa e est\u00e1 muito feliz em ver a obra de melhoria no local.<\/p>\n\n\n\n<p>\u201cA rua caiu e passar por aqui era muito perigoso. Agora n\u00e3o tem mais risco de enchente tamb\u00e9m. Vejo que, com a instala\u00e7\u00e3o dessa galeria hoje, vai ficar ainda melhor, foi um \u00f3timo trabalho\u201d, afirmou a moradora.<\/p>\n\n\n\n<p><em>Fotos: Julio Diniz<\/em><\/p>\n\n\n\n<p><strong><em>S\u00e3o Gon\u00e7alo vai mudar: Not\u00edcias de S\u00e3o Gon\u00e7alo e toda regi\u00e3o.<\/em><\/strong><\/p>\n\n\n\n<figure class=\"wp-block-image size-large\"><img decoding=\"async\" width=\"1024\" height=\"252\" src=\"https:\/\/sgvaimudar.com.br\/wp-content\/uploads\/2025\/03\/Anuncie-Aqui-Sao-Goncalo-vai-mudar-1024x252.jpg\" alt=\"\" class=\"wp-image-22693\" srcset=\"https:\/\/sgvaimudar.com.br\/wp-content\/uploads\/2025\/03\/Anuncie-Aqui-Sao-Goncalo-vai-mudar-1024x252.jpg 1024w, https:\/\/sgvaimudar.com.br\/wp-content\/uploads\/2025\/03\/Anuncie-Aqui-Sao-Goncalo-vai-mudar-300x74.jpg 300w, https:\/\/sgvaimudar.com.br\/wp-content\/uploads\/2025\/03\/Anuncie-Aqui-Sao-Goncalo-vai-mudar-768x189.jpg 768w, https:\/\/sgvaimudar.com.br\/wp-content\/uploads\/2025\/03\/Anuncie-Aqui-Sao-Goncalo-vai-mudar-1536x378.jpg 1536w, https:\/\/sgvaimudar.com.br\/wp-content\/uploads\/2025\/03\/Anuncie-Aqui-Sao-Goncalo-vai-mudar-2048x504.jpg 2048w\" sizes=\"(max-width: 1024px) 100vw, 1024px\" \/><\/figure>\n","protected":false},"excerpt":{"rendered":"<p>Galerias celulares s\u00e3o instaladas em canal na Travessa Figueiredo A Secretaria de Desenvolvimento Urbano da Prefeitura de S\u00e3o Gon\u00e7alo realizou,&hellip;<\/p>\n","protected":false},"author":5,"featured_media":28556,"comment_status":"open","ping_status":"open","sticky":false,"template":"","format":"standard","meta":{"fifu_image_url":"","fifu_image_alt":"","footnotes":""},"categories":[3],"tags":[47,75],"class_list":["post-28554","post","type-post","status-publish","format-standard","has-post-thumbnail","hentry","category-sao-goncalo","tag-rj","tag-sao-goncalo"],"_links":{"self":[{"href":"https:\/\/sgvaimudar.com.br\/index.php\/wp-json\/wp\/v2\/posts\/28554","targetHints":{"allow":["GET"]}}],"collection":[{"href":"https:\/\/sgvaimudar.com.br\/index.php\/wp-json\/wp\/v2\/posts"}],"about":[{"href":"https:\/\/sgvaimudar.com.br\/index.php\/wp-json\/wp\/v2\/types\/post"}],"author":[{"embeddable":true,"href":"https:\/\/sgvaimudar.com.br\/index.php\/wp-json\/wp\/v2\/users\/5"}],"replies":[{"embeddable":true,"href":"https:\/\/sgvaimudar.com.br\/index.php\/wp-json\/wp\/v2\/comments?post=28554"}],"version-history":[{"count":1,"href":"https:\/\/sgvaimudar.com.br\/index.php\/wp-json\/wp\/v2\/posts\/28554\/revisions"}],"predecessor-version":[{"id":28557,"href":"https:\/\/sgvaimudar.com.br\/index.php\/wp-json\/wp\/v2\/posts\/28554\/revisions\/28557"}],"wp:featuredmedia":[{"embeddable":true,"href":"https:\/\/sgvaimudar.com.br\/index.php\/wp-json\/wp\/v2\/media\/28556"}],"wp:attachment":[{"href":"https:\/\/sgvaimudar.com.br\/index.php\/wp-json\/wp\/v2\/media?parent=28554"}],"wp:term":[{"taxonomy":"category","embeddable":true,"href":"https:\/\/sgvaimudar.com.br\/index.php\/wp-json\/wp\/v2\/categories?post=28554"},{"taxonomy":"post_tag","embeddable":true,"href":"https:\/\/sgvaimudar.com.br\/index.php\/wp-json\/wp\/v2\/tags?post=28554"}],"curies":[{"name":"wp","href":"https:\/\/api.w.org\/{rel}","templated":true}]}}