{"id":28511,"date":"2025-07-25T14:00:00","date_gmt":"2025-07-25T17:00:00","guid":{"rendered":"https:\/\/sgvaimudar.com.br\/?p=28511"},"modified":"2025-07-25T10:08:13","modified_gmt":"2025-07-25T13:08:13","slug":"secretaria-de-assistencia-social-realiza-cadastro-de-familias-voluntarias-no-servico-de-acolhimento-familiar","status":"publish","type":"post","link":"https:\/\/sgvaimudar.com.br\/index.php\/2025\/07\/25\/secretaria-de-assistencia-social-realiza-cadastro-de-familias-voluntarias-no-servico-de-acolhimento-familiar\/","title":{"rendered":"Secretaria de Assist\u00eancia Social realiza cadastro de fam\u00edlias volunt\u00e1rias no Servi\u00e7o de Acolhimento Familiar"},"content":{"rendered":"\n<p><em>Fam\u00edlias que desejam acolher crian\u00e7as e adolescentes de forma tempor\u00e1ria devem procurar o equipamento, na Venda da Cruz<\/em><\/p>\n\n\n\n<p>O munic\u00edpio de S\u00e3o Gon\u00e7alo conta com um servi\u00e7o essencial para o acolhimento de crian\u00e7as ou adolescentes que precisam ser afastados de suas fam\u00edlias de origem, por raz\u00e3o de uma medida protetiva. O Servi\u00e7o de Acolhimento Familiar (SAF) est\u00e1 aberto para receber fam\u00edlias volunt\u00e1rias, que desejam oferecer um lar tempor\u00e1rio para esses jovens, evitando o acolhimento institucional.<\/p>\n\n\n\n<p>O SAF \u00e9 um servi\u00e7o ligado \u00e0 Secretaria de Assist\u00eancia Social da Prefeitura de S\u00e3o Gon\u00e7alo, atrav\u00e9s da Subsecretaria da Inf\u00e2ncia e Adolesc\u00eancia, e tem como objetivo garantir um ambiente afetivo, seguro e protetivo para essas pessoas, at\u00e9 que possam retornar \u00e0 sua fam\u00edlia de origem e\/ou extensa ou at\u00e9 mesmo serem encaminhados para uma fam\u00edlia adotiva.<\/p>\n\n\n\n<figure class=\"wp-block-image size-large\"><img fetchpriority=\"high\" decoding=\"async\" width=\"1024\" height=\"684\" src=\"https:\/\/sgvaimudar.com.br\/wp-content\/uploads\/2025\/07\/unnamed-5-14-1024x684.jpg\" alt=\"\" class=\"wp-image-28512\" srcset=\"https:\/\/sgvaimudar.com.br\/wp-content\/uploads\/2025\/07\/unnamed-5-14-1024x684.jpg 1024w, https:\/\/sgvaimudar.com.br\/wp-content\/uploads\/2025\/07\/unnamed-5-14-300x200.jpg 300w, https:\/\/sgvaimudar.com.br\/wp-content\/uploads\/2025\/07\/unnamed-5-14-768x513.jpg 768w, https:\/\/sgvaimudar.com.br\/wp-content\/uploads\/2025\/07\/unnamed-5-14-1536x1027.jpg 1536w, https:\/\/sgvaimudar.com.br\/wp-content\/uploads\/2025\/07\/unnamed-5-14.jpg 1616w\" sizes=\"(max-width: 1024px) 100vw, 1024px\" \/><\/figure>\n\n\n\n<p>\u201cEstamos buscando mais pessoas que estejam dispostas ao voluntariado, para proporcionar um ambiente protetivo, de cuidado, zelo e ensino para essas crian\u00e7as, que precisam muito. O n\u00famero de crian\u00e7as necessitando desse acolhimento est\u00e1 aumentando e, por isso, precisamos de mais fam\u00edlias. Cabe refor\u00e7ar que o servi\u00e7o tem um prazo certo para acontecer e esse tempo \u00e9 comunicado \u00e0s fam\u00edlias acolhedoras\u201d, destacou a coordenadora do SAF em S\u00e3o Gon\u00e7alo, July Pacheco.&nbsp;<\/p>\n\n\n\n<p>No momento, o SAF conta com 22 fam\u00edlias habilitadas e 30 crian\u00e7as est\u00e3o em acolhimento.<\/p>\n\n\n\n<p>Pode ser uma fam\u00edlia acolhedora aquela que seja composta por membros com disponibilidade de tempo, intelig\u00eancia emocional e afetiva para cuidar de uma crian\u00e7a ou adolescente. Vale refor\u00e7ar que acolher n\u00e3o \u00e9 adotar. O v\u00ednculo \u00e9 tempor\u00e1rio.<\/p>\n\n\n\n<p>Para realizar o cadastro, \u00e9 preciso ir at\u00e9 a sede do Servi\u00e7o de Acolhimento Familiar, que fica na Rua Doutor Porci\u00fancula, 395, na Venda da Cruz. Ou contatar uma equipe atrav\u00e9s do e-mail&nbsp;<a href=\"mailto:paf.fiasg@gmail.com\" rel=\"noreferrer noopener\" target=\"_blank\"><u>paf.fiasg@gmail.com<\/u><\/a>.<\/p>\n\n\n\n<p>A fam\u00edlia acolhedora precisa residir em endere\u00e7o fixo, tendo dois anos em S\u00e3o Gon\u00e7alo ou munic\u00edpios lim\u00edtrofes e ter concord\u00e2ncia entre todos os residentes no domic\u00edlio quanto ao acolhimento. Os volunt\u00e1rios tamb\u00e9m n\u00e3o devem ser benefici\u00e1rios de nenhum programa de transfer\u00eancia de renda e n\u00e3o podem estar inscritos no cadastro de ado\u00e7\u00e3o (SNA). No ato do cadastro \u00e9 preciso ter em m\u00e3os os seguintes documentos:<\/p>\n\n\n\n<ol class=\"wp-block-list\">\n<li>C\u00f3pia do RG;<\/li>\n\n\n\n<li>C\u00f3pia do CPF;<\/li>\n\n\n\n<li>C\u00f3pia do comprovante de resid\u00eancia;<\/li>\n\n\n\n<li>Certid\u00e3o de antecedentes c\u00edveis e criminais;<\/li>\n\n\n\n<li>Atestado de sa\u00fade f\u00edsica e mental;<\/li>\n\n\n\n<li>Certid\u00e3o de casamento ou nascimento.<\/li>\n<\/ol>\n\n\n\n<p><em>Foto: Renan Otto<\/em><\/p>\n\n\n\n<p><strong><em>S\u00e3o Gon\u00e7alo vai mudar: Not\u00edcias de S\u00e3o Gon\u00e7alo e toda regi\u00e3o.<\/em><\/strong><\/p>\n\n\n\n<figure class=\"wp-block-image size-large\"><img decoding=\"async\" width=\"1024\" height=\"252\" src=\"https:\/\/sgvaimudar.com.br\/wp-content\/uploads\/2025\/03\/Anuncie-Aqui-Sao-Goncalo-vai-mudar-1024x252.jpg\" alt=\"\" class=\"wp-image-22693\" srcset=\"https:\/\/sgvaimudar.com.br\/wp-content\/uploads\/2025\/03\/Anuncie-Aqui-Sao-Goncalo-vai-mudar-1024x252.jpg 1024w, https:\/\/sgvaimudar.com.br\/wp-content\/uploads\/2025\/03\/Anuncie-Aqui-Sao-Goncalo-vai-mudar-300x74.jpg 300w, https:\/\/sgvaimudar.com.br\/wp-content\/uploads\/2025\/03\/Anuncie-Aqui-Sao-Goncalo-vai-mudar-768x189.jpg 768w, https:\/\/sgvaimudar.com.br\/wp-content\/uploads\/2025\/03\/Anuncie-Aqui-Sao-Goncalo-vai-mudar-1536x378.jpg 1536w, https:\/\/sgvaimudar.com.br\/wp-content\/uploads\/2025\/03\/Anuncie-Aqui-Sao-Goncalo-vai-mudar-2048x504.jpg 2048w\" sizes=\"(max-width: 1024px) 100vw, 1024px\" \/><\/figure>\n","protected":false},"excerpt":{"rendered":"<p>Fam\u00edlias que desejam acolher crian\u00e7as e adolescentes de forma tempor\u00e1ria devem procurar o equipamento, na Venda da Cruz O munic\u00edpio&hellip;<\/p>\n","protected":false},"author":5,"featured_media":28513,"comment_status":"open","ping_status":"open","sticky":false,"template":"","format":"standard","meta":{"fifu_image_url":"","fifu_image_alt":"","footnotes":""},"categories":[3],"tags":[47,75],"class_list":["post-28511","post","type-post","status-publish","format-standard","has-post-thumbnail","hentry","category-sao-goncalo","tag-rj","tag-sao-goncalo"],"_links":{"self":[{"href":"https:\/\/sgvaimudar.com.br\/index.php\/wp-json\/wp\/v2\/posts\/28511","targetHints":{"allow":["GET"]}}],"collection":[{"href":"https:\/\/sgvaimudar.com.br\/index.php\/wp-json\/wp\/v2\/posts"}],"about":[{"href":"https:\/\/sgvaimudar.com.br\/index.php\/wp-json\/wp\/v2\/types\/post"}],"author":[{"embeddable":true,"href":"https:\/\/sgvaimudar.com.br\/index.php\/wp-json\/wp\/v2\/users\/5"}],"replies":[{"embeddable":true,"href":"https:\/\/sgvaimudar.com.br\/index.php\/wp-json\/wp\/v2\/comments?post=28511"}],"version-history":[{"count":1,"href":"https:\/\/sgvaimudar.com.br\/index.php\/wp-json\/wp\/v2\/posts\/28511\/revisions"}],"predecessor-version":[{"id":28514,"href":"https:\/\/sgvaimudar.com.br\/index.php\/wp-json\/wp\/v2\/posts\/28511\/revisions\/28514"}],"wp:featuredmedia":[{"embeddable":true,"href":"https:\/\/sgvaimudar.com.br\/index.php\/wp-json\/wp\/v2\/media\/28513"}],"wp:attachment":[{"href":"https:\/\/sgvaimudar.com.br\/index.php\/wp-json\/wp\/v2\/media?parent=28511"}],"wp:term":[{"taxonomy":"category","embeddable":true,"href":"https:\/\/sgvaimudar.com.br\/index.php\/wp-json\/wp\/v2\/categories?post=28511"},{"taxonomy":"post_tag","embeddable":true,"href":"https:\/\/sgvaimudar.com.br\/index.php\/wp-json\/wp\/v2\/tags?post=28511"}],"curies":[{"name":"wp","href":"https:\/\/api.w.org\/{rel}","templated":true}]}}