{"id":28500,"date":"2025-07-25T11:00:00","date_gmt":"2025-07-25T14:00:00","guid":{"rendered":"https:\/\/sgvaimudar.com.br\/?p=28500"},"modified":"2025-07-25T09:35:38","modified_gmt":"2025-07-25T12:35:38","slug":"secretario-de-agricultura-investe-na-criacao-de-hortas-em-unidades-de-ensino","status":"publish","type":"post","link":"https:\/\/sgvaimudar.com.br\/index.php\/2025\/07\/25\/secretario-de-agricultura-investe-na-criacao-de-hortas-em-unidades-de-ensino\/","title":{"rendered":"Secret\u00e1rio de Agricultura investe na cria\u00e7\u00e3o de hortas em unidades de ensino"},"content":{"rendered":"\n<p><em>P\u00e9s de alface cultivados em creche municipal em obras s\u00e3o entregues para programa da Assist\u00eancia Social<\/em><\/p>\n\n\n\n<p>A Secretaria de Agricultura e Pesca da Prefeitura de S\u00e3o Gon\u00e7alo, na tarde desta ter\u00e7a-feira (24), realizou a colheita de mais de 200 p\u00e9s de alface cultivados na horta da Creche do Jardim Miriambi. O espa\u00e7o, cedido pela Secretaria de Educa\u00e7\u00e3o, mesmo ainda em fase de obras, j\u00e1 abriga uma horta ativa e produtiva.<\/p>\n\n\n\n<p>A a\u00e7\u00e3o foi realizada em parceria com a Secretaria de Assist\u00eancia Social, que encaminhou os alimentos para o Espa\u00e7o de Reinser\u00e7\u00e3o Dandara, garantindo o aproveitamento da hortali\u00e7a em projetos sociais.\u00a0<\/p>\n\n\n\n<figure class=\"wp-block-image size-large\"><img fetchpriority=\"high\" decoding=\"async\" width=\"1024\" height=\"684\" src=\"https:\/\/sgvaimudar.com.br\/wp-content\/uploads\/2025\/07\/unnamed-2-17-1024x684.jpg\" alt=\"\" class=\"wp-image-28501\" srcset=\"https:\/\/sgvaimudar.com.br\/wp-content\/uploads\/2025\/07\/unnamed-2-17-1024x684.jpg 1024w, https:\/\/sgvaimudar.com.br\/wp-content\/uploads\/2025\/07\/unnamed-2-17-300x200.jpg 300w, https:\/\/sgvaimudar.com.br\/wp-content\/uploads\/2025\/07\/unnamed-2-17-768x513.jpg 768w, https:\/\/sgvaimudar.com.br\/wp-content\/uploads\/2025\/07\/unnamed-2-17-1536x1027.jpg 1536w, https:\/\/sgvaimudar.com.br\/wp-content\/uploads\/2025\/07\/unnamed-2-17.jpg 1616w\" sizes=\"(max-width: 1024px) 100vw, 1024px\" \/><\/figure>\n\n\n\n<p>Al\u00e9m do alface, a horta da creche conta com o cultivo de temperos verdes e almeir\u00e3o roxo, todos produzidos de forma agroecol\u00f3gica, sem uso de agrot\u00f3xico.&nbsp;<\/p>\n\n\n\n<p>Para o secret\u00e1rio de Agricultura e Pesca, Magno Jos\u00e9, o Magu, a iniciativa demonstra como o trabalho integrado pode gerar muitos resultados positivos.<\/p>\n\n\n\n<p>\u201cMesmo antes da conclus\u00e3o da creche, a horta j\u00e1 est\u00e1 dando frutos ou melhor, folhas. \u00c9 uma produ\u00e7\u00e3o saud\u00e1vel, sem agrot\u00f3xicos, que contribui para a seguran\u00e7a alimentar e beneficia diretamente quem mais precisa. Nosso compromisso \u00e9 ampliar essas a\u00e7\u00f5es em outras unidades tamb\u00e9m\u201d, destacou o secret\u00e1rio.<\/p>\n\n\n\n<p>A iniciativa refor\u00e7a a import\u00e2ncia da ocupa\u00e7\u00e3o produtiva de espa\u00e7os p\u00fablicos, promovendo sustentabilidade, integra\u00e7\u00e3o entre as secretarias e apoio social em S\u00e3o Gon\u00e7alo.&nbsp;<\/p>\n\n\n\n<p><em>Foto: Renan Otto<\/em><\/p>\n\n\n\n<p><strong><em>S\u00e3o Gon\u00e7alo vai mudar: Not\u00edcias de S\u00e3o Gon\u00e7alo e toda regi\u00e3o.<\/em><\/strong><\/p>\n\n\n\n<figure class=\"wp-block-image size-large\"><img decoding=\"async\" width=\"1024\" height=\"252\" src=\"https:\/\/sgvaimudar.com.br\/wp-content\/uploads\/2025\/03\/Anuncie-Aqui-Sao-Goncalo-vai-mudar-1024x252.jpg\" alt=\"\" class=\"wp-image-22693\" srcset=\"https:\/\/sgvaimudar.com.br\/wp-content\/uploads\/2025\/03\/Anuncie-Aqui-Sao-Goncalo-vai-mudar-1024x252.jpg 1024w, https:\/\/sgvaimudar.com.br\/wp-content\/uploads\/2025\/03\/Anuncie-Aqui-Sao-Goncalo-vai-mudar-300x74.jpg 300w, https:\/\/sgvaimudar.com.br\/wp-content\/uploads\/2025\/03\/Anuncie-Aqui-Sao-Goncalo-vai-mudar-768x189.jpg 768w, https:\/\/sgvaimudar.com.br\/wp-content\/uploads\/2025\/03\/Anuncie-Aqui-Sao-Goncalo-vai-mudar-1536x378.jpg 1536w, https:\/\/sgvaimudar.com.br\/wp-content\/uploads\/2025\/03\/Anuncie-Aqui-Sao-Goncalo-vai-mudar-2048x504.jpg 2048w\" sizes=\"(max-width: 1024px) 100vw, 1024px\" \/><\/figure>\n","protected":false},"excerpt":{"rendered":"<p>P\u00e9s de alface cultivados em creche municipal em obras s\u00e3o entregues para programa da Assist\u00eancia Social A Secretaria de Agricultura&hellip;<\/p>\n","protected":false},"author":5,"featured_media":28502,"comment_status":"open","ping_status":"open","sticky":false,"template":"","format":"standard","meta":{"fifu_image_url":"","fifu_image_alt":"","footnotes":""},"categories":[3],"tags":[47,75],"class_list":["post-28500","post","type-post","status-publish","format-standard","has-post-thumbnail","hentry","category-sao-goncalo","tag-rj","tag-sao-goncalo"],"_links":{"self":[{"href":"https:\/\/sgvaimudar.com.br\/index.php\/wp-json\/wp\/v2\/posts\/28500","targetHints":{"allow":["GET"]}}],"collection":[{"href":"https:\/\/sgvaimudar.com.br\/index.php\/wp-json\/wp\/v2\/posts"}],"about":[{"href":"https:\/\/sgvaimudar.com.br\/index.php\/wp-json\/wp\/v2\/types\/post"}],"author":[{"embeddable":true,"href":"https:\/\/sgvaimudar.com.br\/index.php\/wp-json\/wp\/v2\/users\/5"}],"replies":[{"embeddable":true,"href":"https:\/\/sgvaimudar.com.br\/index.php\/wp-json\/wp\/v2\/comments?post=28500"}],"version-history":[{"count":1,"href":"https:\/\/sgvaimudar.com.br\/index.php\/wp-json\/wp\/v2\/posts\/28500\/revisions"}],"predecessor-version":[{"id":28503,"href":"https:\/\/sgvaimudar.com.br\/index.php\/wp-json\/wp\/v2\/posts\/28500\/revisions\/28503"}],"wp:featuredmedia":[{"embeddable":true,"href":"https:\/\/sgvaimudar.com.br\/index.php\/wp-json\/wp\/v2\/media\/28502"}],"wp:attachment":[{"href":"https:\/\/sgvaimudar.com.br\/index.php\/wp-json\/wp\/v2\/media?parent=28500"}],"wp:term":[{"taxonomy":"category","embeddable":true,"href":"https:\/\/sgvaimudar.com.br\/index.php\/wp-json\/wp\/v2\/categories?post=28500"},{"taxonomy":"post_tag","embeddable":true,"href":"https:\/\/sgvaimudar.com.br\/index.php\/wp-json\/wp\/v2\/tags?post=28500"}],"curies":[{"name":"wp","href":"https:\/\/api.w.org\/{rel}","templated":true}]}}