{"id":28450,"date":"2025-07-24T10:59:00","date_gmt":"2025-07-24T13:59:00","guid":{"rendered":"https:\/\/sgvaimudar.com.br\/?p=28450"},"modified":"2025-07-24T09:56:47","modified_gmt":"2025-07-24T12:56:47","slug":"tiquinho-sem-bracos-e-preso-pelos-policiais-do-12obpm-no-viradouro-em-niteroi","status":"publish","type":"post","link":"https:\/\/sgvaimudar.com.br\/index.php\/2025\/07\/24\/tiquinho-sem-bracos-e-preso-pelos-policiais-do-12obpm-no-viradouro-em-niteroi\/","title":{"rendered":"Tiquinho sem m\u00e3os \u00e9 preso pelos policiais do 12\u00baBPM no Viradouro, em Niter\u00f3i"},"content":{"rendered":"\n<p><em>Foragido da Justi\u00e7a, que tinha v\u00e1rios mandados de pris\u00e3o, aterrorizava os niteroienses<\/em><\/p>\n\n\n\n<p>Um criminoso ligado a Organiza\u00e7\u00e3o Criminosa Comando Vermelho (CV) e uma das lideran\u00e7as do tr\u00e1fico de drogas da Comunidade do Viradouro, em Niter\u00f3i, Marcos Patrick da Silva de Aquino, vulgo <strong><em>Tiquinho<\/em><\/strong> ou <strong><em>Put\u00e3o<\/em><\/strong>, de 35 anos foi preso, na noite desta quarta-feira (23), pelos policiais militares do 4\u00ba Comando de Policiamento de \u00c1rea (CPA), lotados no 12\u00ba BPM (Niter\u00f3i), ap\u00f3s trabalho de monitoramento e informa\u00e7\u00f5es passadas pelo Disque Den\u00fancia (2253-1177).<\/p>\n\n\n\n<figure class=\"wp-block-video\"><video height=\"464\" style=\"aspect-ratio: 816 \/ 464;\" width=\"816\" controls src=\"https:\/\/sgvaimudar.com.br\/wp-content\/uploads\/2025\/07\/WhatsApp-Video-2025-07-24-at-08.50.49.mp4\"><\/video><\/figure>\n\n\n\n<p>A a\u00e7\u00e3o, aconteceu na noite desta quarta-feira (23), na Rua Nossa Senhora das Gra\u00e7as, na Comunidade do Viradouro, em Niter\u00f3i.<\/p>\n\n\n\n<p>Ap\u00f3s informa\u00e7\u00f5es sobre a localiza\u00e7\u00e3o do traficante, os policiais da Patamo 4\u00aa CIA, em patrulhamento, procederam para verificar informa\u00e7\u00f5es sobre indiv\u00edduos comercializando a venda de entorpecentes no local. Ao chegar na regi\u00e3o diversos traficantes fugiram, sendo poss\u00edvel deter o criminoso <strong><em>Tiquinho<\/em><\/strong>.&nbsp;<\/p>\n\n\n\n<figure class=\"wp-block-image size-full is-resized\"><img fetchpriority=\"high\" decoding=\"async\" width=\"508\" height=\"720\" src=\"https:\/\/sgvaimudar.com.br\/wp-content\/uploads\/2025\/07\/Tiquinho-e-preso-na-Comunidade-do-Viradouro-em-Nit0015763800202507240831-ScaleDownProportional.webp\" alt=\"\" class=\"wp-image-28453\" style=\"aspect-ratio:0.7055555555555556;width:693px;height:auto\" srcset=\"https:\/\/sgvaimudar.com.br\/wp-content\/uploads\/2025\/07\/Tiquinho-e-preso-na-Comunidade-do-Viradouro-em-Nit0015763800202507240831-ScaleDownProportional.webp 508w, https:\/\/sgvaimudar.com.br\/wp-content\/uploads\/2025\/07\/Tiquinho-e-preso-na-Comunidade-do-Viradouro-em-Nit0015763800202507240831-ScaleDownProportional-212x300.webp 212w\" sizes=\"(max-width: 508px) 100vw, 508px\" \/><\/figure>\n\n\n\n<p>Considerado pela pol\u00edcia de Alt\u00edssima Periculosidade pelo sistema carcer\u00e1rio, em liberdade desde junho de 2023, a pris\u00e3o de <strong><em>Tiquinho<\/em><\/strong> foi comemorada pelos policiais. &#8220;Excelente pris\u00e3o. Esse cara aterrorizou Niter\u00f3i por muito tempo&#8221;, disse o comandante da 4\u00aa CIA de \u00e1rea, coronel PM Sylvio Guerra. <\/p>\n\n\n\n<p><strong><em>Tiquinho<\/em><\/strong> \u00e9 um dos envolvidos na execu\u00e7\u00e3o de Filipe Rodrigues, de 24 anos, Rayssa Santos, de 23, e o beb\u00ea Miguel Filipe, de 7 meses, &nbsp;membros de uma fam\u00edlia, executados dentro de um carro, na noite de 17 de mar\u00e7o de 2024, em um acerto de contas com traficantes. <\/p>\n\n\n\n<p>Segundo as investiga\u00e7\u00f5es, o ataque a tiros que matou a fam\u00edlia aconteceu depois que Filipe, enganou traficantes da comunidade do Castro, ao se passar por policial militar e pedir R$ 50 mil para identificar e entregar um suposto informante.<\/p>\n\n\n\n<p><strong><em>Tiquinho<\/em><\/strong> \u00e9 conhecido no meio policial, por n\u00e3o ter uma das m\u00e3os ap\u00f3s perd\u00ea-la ao tentar jogar uma granada contra policiais do 12\u00baBPM (Niter\u00f3i), no Complexo do Viradouro, em Santa Rosa. <\/p>\n\n\n\n<p>Perigos\u00edssimo, ele tamb\u00e9m seria uma das lideran\u00e7as do tr\u00e1fico de drogas da Favela Grota do Surucucu, em S\u00e3o Francisco, Zona Sul de Niter\u00f3i e tamb\u00e9m estaria envolvido na morte Thatyane Brites, de 24 anos, que foi morta pelo ex-namorado,&nbsp;<strong><em>CH<\/em><\/strong> <strong><em>da<\/em><\/strong> <strong><em>Viradouro<\/em><\/strong>, que era integrante do tr\u00e1fico local. Ela foi executada ap\u00f3s ir a um baile funk na comunidade para trabalhar vendendo doces e cigarros.<\/p>\n\n\n\n<p>O criminoso, tamb\u00e9m \u00e9 um dos envolvidos no ataque contra a sede da 77\u00aa DP (Icara\u00ed), O crime aconteceu na madrugada do dia 31 de agosto de 2019.&nbsp; Na ocasi\u00e3o, integrantes de um bando passaram numa moto em frente \u00e0 delegacia e efetuaram diversos disparos contra a fachada da delegacia. Eles fugiram em seguida.<\/p>\n\n\n\n<p>Na a\u00e7\u00e3o, o criminoso foi encaminhado \u00e0 79\u00aa DP (Jurujuba), onde foi constatado que contra o traficante, constavam dois mandados de pris\u00e3o, sendo um expedido pela 3\u00aa Vara Criminal da Comarca de Niter\u00f3i, pelo crime de Homic\u00eddio Qualificado\/Concurso de Pessoas e outro pela 2\u00aa Vara Criminal da Comarca de Niter\u00f3i, pelo crime de Tr\u00e1fico de Drogas, onde fora condenado a uma pena de 14 anos, em regime fechado. <\/p>\n\n\n\n<p>Da delegacia <strong><em>Tiquinho<\/em><\/strong> ser\u00e1 encaminhado a uma unidade prisional da Sistema Estadual Administra\u00e7\u00e3o Prisional do Rio de Janeiro (Seap\/RJ), onde ficar\u00e1 acautelado \u00e0 disposi\u00e7\u00e3o da Justi\u00e7a.<\/p>\n\n\n\n<p><strong><em>Fa\u00e7a sua den\u00fancia pelo nosso WhatsApp: (21) <\/em><\/strong><strong><em>99744 5345<\/em><\/strong><strong><em><\/em><\/strong><\/p>\n\n\n\n<p><strong><em>S\u00e3o Gon\u00e7alo vai mudar: Not\u00edcias de S\u00e3o Gon\u00e7alo e toda regi\u00e3o.<\/em><\/strong><\/p>\n\n\n\n<figure class=\"wp-block-image size-large\"><img decoding=\"async\" width=\"1024\" height=\"252\" src=\"https:\/\/sgvaimudar.com.br\/wp-content\/uploads\/2025\/03\/Anuncie-Aqui-Sao-Goncalo-vai-mudar-1024x252.jpg\" alt=\"\" class=\"wp-image-22693\" srcset=\"https:\/\/sgvaimudar.com.br\/wp-content\/uploads\/2025\/03\/Anuncie-Aqui-Sao-Goncalo-vai-mudar-1024x252.jpg 1024w, https:\/\/sgvaimudar.com.br\/wp-content\/uploads\/2025\/03\/Anuncie-Aqui-Sao-Goncalo-vai-mudar-300x74.jpg 300w, https:\/\/sgvaimudar.com.br\/wp-content\/uploads\/2025\/03\/Anuncie-Aqui-Sao-Goncalo-vai-mudar-768x189.jpg 768w, https:\/\/sgvaimudar.com.br\/wp-content\/uploads\/2025\/03\/Anuncie-Aqui-Sao-Goncalo-vai-mudar-1536x378.jpg 1536w, https:\/\/sgvaimudar.com.br\/wp-content\/uploads\/2025\/03\/Anuncie-Aqui-Sao-Goncalo-vai-mudar-2048x504.jpg 2048w\" sizes=\"(max-width: 1024px) 100vw, 1024px\" \/><\/figure>\n\n\n\n<p><\/p>\n","protected":false},"excerpt":{"rendered":"<p>Foragido da Justi\u00e7a, que tinha v\u00e1rios mandados de pris\u00e3o, aterrorizava os niteroienses Um criminoso ligado a Organiza\u00e7\u00e3o Criminosa Comando Vermelho&hellip;<\/p>\n","protected":false},"author":5,"featured_media":28452,"comment_status":"open","ping_status":"open","sticky":false,"template":"","format":"standard","meta":{"fifu_image_url":"","fifu_image_alt":"","footnotes":""},"categories":[32],"tags":[39,41,47],"class_list":["post-28450","post","type-post","status-publish","format-standard","has-post-thumbnail","hentry","category-casos-de-policia","tag-ataque","tag-conflito","tag-rj"],"_links":{"self":[{"href":"https:\/\/sgvaimudar.com.br\/index.php\/wp-json\/wp\/v2\/posts\/28450","targetHints":{"allow":["GET"]}}],"collection":[{"href":"https:\/\/sgvaimudar.com.br\/index.php\/wp-json\/wp\/v2\/posts"}],"about":[{"href":"https:\/\/sgvaimudar.com.br\/index.php\/wp-json\/wp\/v2\/types\/post"}],"author":[{"embeddable":true,"href":"https:\/\/sgvaimudar.com.br\/index.php\/wp-json\/wp\/v2\/users\/5"}],"replies":[{"embeddable":true,"href":"https:\/\/sgvaimudar.com.br\/index.php\/wp-json\/wp\/v2\/comments?post=28450"}],"version-history":[{"count":2,"href":"https:\/\/sgvaimudar.com.br\/index.php\/wp-json\/wp\/v2\/posts\/28450\/revisions"}],"predecessor-version":[{"id":28455,"href":"https:\/\/sgvaimudar.com.br\/index.php\/wp-json\/wp\/v2\/posts\/28450\/revisions\/28455"}],"wp:featuredmedia":[{"embeddable":true,"href":"https:\/\/sgvaimudar.com.br\/index.php\/wp-json\/wp\/v2\/media\/28452"}],"wp:attachment":[{"href":"https:\/\/sgvaimudar.com.br\/index.php\/wp-json\/wp\/v2\/media?parent=28450"}],"wp:term":[{"taxonomy":"category","embeddable":true,"href":"https:\/\/sgvaimudar.com.br\/index.php\/wp-json\/wp\/v2\/categories?post=28450"},{"taxonomy":"post_tag","embeddable":true,"href":"https:\/\/sgvaimudar.com.br\/index.php\/wp-json\/wp\/v2\/tags?post=28450"}],"curies":[{"name":"wp","href":"https:\/\/api.w.org\/{rel}","templated":true}]}}