{"id":28373,"date":"2025-07-22T11:00:00","date_gmt":"2025-07-22T14:00:00","guid":{"rendered":"https:\/\/sgvaimudar.com.br\/?p=28373"},"modified":"2025-07-22T10:14:45","modified_gmt":"2025-07-22T13:14:45","slug":"sao-goncalo-leva-diversos-atletas-para-campeonato-internacional-de-jiu-jitsu","status":"publish","type":"post","link":"https:\/\/sgvaimudar.com.br\/index.php\/2025\/07\/22\/sao-goncalo-leva-diversos-atletas-para-campeonato-internacional-de-jiu-jitsu\/","title":{"rendered":"S\u00e3o Gon\u00e7alo leva diversos atletas para campeonato internacional de jiu-j\u00edtsu"},"content":{"rendered":"\n<p><em>Dezoito medalhas foram conquistadas pelos gon\u00e7alenses no \u00faltimo s\u00e1bado<\/em><\/p>\n\n\n\n<p>A Secretaria de Esporte e Lazer da Prefeitura de S\u00e3o Gon\u00e7alo levou mais de 30 atletas de jiu-j\u00edtsu da cidade para o campeonato Abu Dhabi Grand Slam Jiu-Jitsu World Tour. A competi\u00e7\u00e3o aconteceu na Arena Carioca 1, no Parque Ol\u00edmpico, na Barra da Tijuca, no \u00faltimo s\u00e1bado (19).<\/p>\n\n\n\n<p>A competi\u00e7\u00e3o \u00e9 uma das mais prestigiadas do circuito internacional, considerada a mais globalizada disputa de jiu-j\u00edtsu do mundo. O torneio atrai competidores de diversos pa\u00edses em busca de premia\u00e7\u00e3o e pontos no ranking mundial. Parte dos atletas participantes de S\u00e3o Gon\u00e7alo \u00e9 beneficiada pelo programa Aux\u00edlio ao Atleta e os demais fazem parte dos n\u00facleos da Secretaria de Esporte e Lazer.<\/p>\n\n\n\n<figure class=\"wp-block-image size-full\"><img fetchpriority=\"high\" decoding=\"async\" width=\"980\" height=\"735\" src=\"https:\/\/sgvaimudar.com.br\/wp-content\/uploads\/2025\/07\/unnamed-30.jpg\" alt=\"\" class=\"wp-image-28374\" srcset=\"https:\/\/sgvaimudar.com.br\/wp-content\/uploads\/2025\/07\/unnamed-30.jpg 980w, https:\/\/sgvaimudar.com.br\/wp-content\/uploads\/2025\/07\/unnamed-30-300x225.jpg 300w, https:\/\/sgvaimudar.com.br\/wp-content\/uploads\/2025\/07\/unnamed-30-768x576.jpg 768w\" sizes=\"(max-width: 980px) 100vw, 980px\" \/><\/figure>\n\n\n\n<p>\u201cPara n\u00f3s, de S\u00e3o Gon\u00e7alo, que somos fortes em artes marciais, \u00e9 muito importante disputar um campeonato de n\u00edvel internacional. E, como sempre, nossos atletas n\u00e3o decepcionaram e conquistaram medalhas. Esse evento s\u00f3 comprova a nossa for\u00e7a e uni\u00e3o. Vamos continuar investindo, pois vamos longe,\u201d afirmou o subsecret\u00e1rio de Esporte e Lazer, Alex Santos.<\/p>\n\n\n\n<p>Ao todo, 18 medalhas foram conquistadas pelos gon\u00e7alenses. As medalhas de ouro foram para as m\u00e3os dos atletas Tadeu Sampaio, Nicollas Ribeiro Oliveira da Silva, Ana Luiza Fabrino da Concei\u00e7\u00e3o, Ana Klara Fabrino da Concei\u00e7\u00e3o e Geovanna Silva de Oliveira.<\/p>\n\n\n\n<figure class=\"wp-block-image size-full\"><img decoding=\"async\" src=\"https:\/\/sgvaimudar.com.br\/wp-content\/uploads\/2025\/07\/unnamed-30-1.jpg\" alt=\"\" class=\"wp-image-28375\" \/><\/figure>\n\n\n\n<p>Os atletas Josias Concei\u00e7\u00e3o, Yasmim Vitoria, Jhulya Aquino, Evellyn Gon\u00e7alves, Joyce da Silva de Souza, Maria Eduarda da Silva Reis, Marcela Antunes e Maria Luiza Santana da Silva ganharam medalhas de prata. J\u00e1 as de bronze foram conquistadas por Wanderson Duarte dos Santos, Luan Sousa, Ester Vit\u00f3ria, Nhicolly Nunes de Lima e Geovanna dos Santos Ribeiro.<\/p>\n\n\n\n<p>A lutadora, Nhicolly Nunes, de 12 anos, ganhou medalha de bronze na sua primeira participa\u00e7\u00e3o em um campeonato e afirma estar grata por todo apoio que recebeu.<\/p>\n\n\n\n<p>&#8220;Agrade\u00e7o \u00e0 Secretaria de Esporte e Lazer por ter me proporcionado esse momento, eu fiquei muito feliz em participar. Por conta da ansiedade, eu estava desanimada dos treinos, mas depois que tive essa oportunidade, estou entusiasmada em seguir firme no esporte e buscar uma medalha de ouro. Voltei ainda mais forte, o esporte salva vidas,&#8221; contou.<\/p>\n\n\n\n<p><em>Fotos: Ascom<\/em><\/p>\n\n\n\n<p><\/p>\n","protected":false},"excerpt":{"rendered":"<p>Dezoito medalhas foram conquistadas pelos gon\u00e7alenses no \u00faltimo s\u00e1bado A Secretaria de Esporte e Lazer da Prefeitura de S\u00e3o Gon\u00e7alo&hellip;<\/p>\n","protected":false},"author":5,"featured_media":28376,"comment_status":"open","ping_status":"open","sticky":false,"template":"","format":"standard","meta":{"fifu_image_url":"","fifu_image_alt":"","footnotes":""},"categories":[5],"tags":[47,75],"class_list":["post-28373","post","type-post","status-publish","format-standard","has-post-thumbnail","hentry","category-esportes","tag-rj","tag-sao-goncalo"],"_links":{"self":[{"href":"https:\/\/sgvaimudar.com.br\/index.php\/wp-json\/wp\/v2\/posts\/28373","targetHints":{"allow":["GET"]}}],"collection":[{"href":"https:\/\/sgvaimudar.com.br\/index.php\/wp-json\/wp\/v2\/posts"}],"about":[{"href":"https:\/\/sgvaimudar.com.br\/index.php\/wp-json\/wp\/v2\/types\/post"}],"author":[{"embeddable":true,"href":"https:\/\/sgvaimudar.com.br\/index.php\/wp-json\/wp\/v2\/users\/5"}],"replies":[{"embeddable":true,"href":"https:\/\/sgvaimudar.com.br\/index.php\/wp-json\/wp\/v2\/comments?post=28373"}],"version-history":[{"count":1,"href":"https:\/\/sgvaimudar.com.br\/index.php\/wp-json\/wp\/v2\/posts\/28373\/revisions"}],"predecessor-version":[{"id":28377,"href":"https:\/\/sgvaimudar.com.br\/index.php\/wp-json\/wp\/v2\/posts\/28373\/revisions\/28377"}],"wp:featuredmedia":[{"embeddable":true,"href":"https:\/\/sgvaimudar.com.br\/index.php\/wp-json\/wp\/v2\/media\/28376"}],"wp:attachment":[{"href":"https:\/\/sgvaimudar.com.br\/index.php\/wp-json\/wp\/v2\/media?parent=28373"}],"wp:term":[{"taxonomy":"category","embeddable":true,"href":"https:\/\/sgvaimudar.com.br\/index.php\/wp-json\/wp\/v2\/categories?post=28373"},{"taxonomy":"post_tag","embeddable":true,"href":"https:\/\/sgvaimudar.com.br\/index.php\/wp-json\/wp\/v2\/tags?post=28373"}],"curies":[{"name":"wp","href":"https:\/\/api.w.org\/{rel}","templated":true}]}}