{"id":28354,"date":"2025-07-22T09:11:19","date_gmt":"2025-07-22T12:11:19","guid":{"rendered":"https:\/\/sgvaimudar.com.br\/?p=28354"},"modified":"2025-07-22T09:14:25","modified_gmt":"2025-07-22T12:14:25","slug":"populacao-de-sao-goncalo-e-ouvida-para-novo-plano-municipal-de-saude","status":"publish","type":"post","link":"https:\/\/sgvaimudar.com.br\/index.php\/2025\/07\/22\/populacao-de-sao-goncalo-e-ouvida-para-novo-plano-municipal-de-saude\/","title":{"rendered":"Popula\u00e7\u00e3o de S\u00e3o Gon\u00e7alo \u00e9 ouvida para novo Plano Municipal de Sa\u00fade"},"content":{"rendered":"\n<p><em>Semin\u00e1rios re\u00fanem gestores, trabalhadores e usu\u00e1rios da rede<\/em><\/p>\n\n\n\n<p>O setor de Planejamento da Funda\u00e7\u00e3o Municipal de Sa\u00fade de S\u00e3o Gon\u00e7alo, em parceria com a Secretaria Municipal de Sa\u00fade e Defesa Civil, se articula para produzir o pr\u00f3ximo Plano Municipal de Sa\u00fade (PMS) para o quadri\u00eanio 2026-2029 e a Programa\u00e7\u00e3o Anual de Sa\u00fade (PAS) para o pr\u00f3ximo ano. <\/p>\n\n\n\n<p>Para auxiliar na elabora\u00e7\u00e3o do plano, gestores, trabalhadores e usu\u00e1rios da rede p\u00fablica municipal de sa\u00fade ser\u00e3o ouvidos durante os semin\u00e1rios regionais participativos de elabora\u00e7\u00e3o do PMS neste m\u00eas.<\/p>\n\n\n\n<figure class=\"wp-block-image size-full\"><img fetchpriority=\"high\" decoding=\"async\" width=\"711\" height=\"645\" src=\"https:\/\/sgvaimudar.com.br\/wp-content\/uploads\/2025\/07\/unnamed-28.jpg\" alt=\"\" class=\"wp-image-28355\" srcset=\"https:\/\/sgvaimudar.com.br\/wp-content\/uploads\/2025\/07\/unnamed-28.jpg 711w, https:\/\/sgvaimudar.com.br\/wp-content\/uploads\/2025\/07\/unnamed-28-300x272.jpg 300w\" sizes=\"(max-width: 711px) 100vw, 711px\" \/><\/figure>\n\n\n\n<p>\u201cDividimos o munic\u00edpio por regi\u00e3o e faremos tr\u00eas dias com seis encontros para ouvir as sugest\u00f5es de quem trabalha e de quem usa o Sistema \u00danico de Sa\u00fade (SUS). A gente vai apresentar o plano e conversar sobre os territ\u00f3rios. Queremos montar um plano com interesses e caracter\u00edsticas de quem realmente usa a sa\u00fade p\u00fablica\u201d, explicou Gilson Andrade, diretor do setor de Planejamento.<\/p>\n\n\n\n<p>A elabora\u00e7\u00e3o do PMS tamb\u00e9m leva em considera\u00e7\u00e3o as propostas oriundas das confer\u00eancias que aconteceram nos \u00faltimos tr\u00eas anos e em 2025 e que s\u00e3o de compet\u00eancia municipal e do Conselho Municipal de Sa\u00fade. Ap\u00f3s as reuni\u00f5es, as sugest\u00f5es ser\u00e3o sistematizadas e a montagem do PMS deve come\u00e7ar em agosto.<\/p>\n\n\n\n<p>O PMS \u00e9 o planejamento das a\u00e7\u00f5es, servi\u00e7os, prioridades e metas de sa\u00fade do SUS para os pr\u00f3ximos quatro anos do governo municipal. Ele tamb\u00e9m aponta os or\u00e7amentos e fontes para cada tipo de a\u00e7\u00e3o atrav\u00e9s da PAS, que \u00e9 realizado anualmente, sempre para o ano subsequente. O PMS sempre est\u00e1 em entendimento com o Plano Plurianual (PPA) e a Lei de Diretrizes Or\u00e7ament\u00e1rias (LDO) da cidade.<\/p>\n\n\n\n<p>\u201cTodo esse processo, inclusive com a participa\u00e7\u00e3o da popula\u00e7\u00e3o, al\u00e9m de regionalizar as a\u00e7\u00f5es e servi\u00e7os, valoriza a transpar\u00eancia e garante a aplica\u00e7\u00e3o dos recursos financeiros destinados \u00e0 sa\u00fade. O objetivo \u00e9 sempre, a cada plano, melhorar a assist\u00eancia quantitativamente e qualitativamente com metas e objetivos claros\u201d, finalizou Gilson.&nbsp;<\/p>\n\n\n\n<p><em>Fotos: Ascom<\/em><\/p>\n\n\n\n<p><strong><em>S\u00e3o Gon\u00e7alo vai mudar: Not\u00edcias de S\u00e3o Gon\u00e7alo e toda regi\u00e3o.<\/em><\/strong><\/p>\n\n\n\n<figure class=\"wp-block-image size-large\"><img decoding=\"async\" width=\"1024\" height=\"252\" src=\"https:\/\/sgvaimudar.com.br\/wp-content\/uploads\/2025\/03\/Anuncie-Aqui-Sao-Goncalo-vai-mudar-1024x252.jpg\" alt=\"\" class=\"wp-image-22693\" srcset=\"https:\/\/sgvaimudar.com.br\/wp-content\/uploads\/2025\/03\/Anuncie-Aqui-Sao-Goncalo-vai-mudar-1024x252.jpg 1024w, https:\/\/sgvaimudar.com.br\/wp-content\/uploads\/2025\/03\/Anuncie-Aqui-Sao-Goncalo-vai-mudar-300x74.jpg 300w, https:\/\/sgvaimudar.com.br\/wp-content\/uploads\/2025\/03\/Anuncie-Aqui-Sao-Goncalo-vai-mudar-768x189.jpg 768w, https:\/\/sgvaimudar.com.br\/wp-content\/uploads\/2025\/03\/Anuncie-Aqui-Sao-Goncalo-vai-mudar-1536x378.jpg 1536w, https:\/\/sgvaimudar.com.br\/wp-content\/uploads\/2025\/03\/Anuncie-Aqui-Sao-Goncalo-vai-mudar-2048x504.jpg 2048w\" sizes=\"(max-width: 1024px) 100vw, 1024px\" \/><\/figure>\n","protected":false},"excerpt":{"rendered":"<p>Semin\u00e1rios re\u00fanem gestores, trabalhadores e usu\u00e1rios da rede O setor de Planejamento da Funda\u00e7\u00e3o Municipal de Sa\u00fade de S\u00e3o Gon\u00e7alo,&hellip;<\/p>\n","protected":false},"author":5,"featured_media":28356,"comment_status":"open","ping_status":"open","sticky":false,"template":"","format":"standard","meta":{"fifu_image_url":"","fifu_image_alt":"","footnotes":""},"categories":[7],"tags":[47,75],"class_list":["post-28354","post","type-post","status-publish","format-standard","has-post-thumbnail","hentry","category-saude","tag-rj","tag-sao-goncalo"],"_links":{"self":[{"href":"https:\/\/sgvaimudar.com.br\/index.php\/wp-json\/wp\/v2\/posts\/28354","targetHints":{"allow":["GET"]}}],"collection":[{"href":"https:\/\/sgvaimudar.com.br\/index.php\/wp-json\/wp\/v2\/posts"}],"about":[{"href":"https:\/\/sgvaimudar.com.br\/index.php\/wp-json\/wp\/v2\/types\/post"}],"author":[{"embeddable":true,"href":"https:\/\/sgvaimudar.com.br\/index.php\/wp-json\/wp\/v2\/users\/5"}],"replies":[{"embeddable":true,"href":"https:\/\/sgvaimudar.com.br\/index.php\/wp-json\/wp\/v2\/comments?post=28354"}],"version-history":[{"count":2,"href":"https:\/\/sgvaimudar.com.br\/index.php\/wp-json\/wp\/v2\/posts\/28354\/revisions"}],"predecessor-version":[{"id":28359,"href":"https:\/\/sgvaimudar.com.br\/index.php\/wp-json\/wp\/v2\/posts\/28354\/revisions\/28359"}],"wp:featuredmedia":[{"embeddable":true,"href":"https:\/\/sgvaimudar.com.br\/index.php\/wp-json\/wp\/v2\/media\/28356"}],"wp:attachment":[{"href":"https:\/\/sgvaimudar.com.br\/index.php\/wp-json\/wp\/v2\/media?parent=28354"}],"wp:term":[{"taxonomy":"category","embeddable":true,"href":"https:\/\/sgvaimudar.com.br\/index.php\/wp-json\/wp\/v2\/categories?post=28354"},{"taxonomy":"post_tag","embeddable":true,"href":"https:\/\/sgvaimudar.com.br\/index.php\/wp-json\/wp\/v2\/tags?post=28354"}],"curies":[{"name":"wp","href":"https:\/\/api.w.org\/{rel}","templated":true}]}}