{"id":28320,"date":"2025-07-21T09:50:46","date_gmt":"2025-07-21T12:50:46","guid":{"rendered":"https:\/\/sgvaimudar.com.br\/?p=28320"},"modified":"2025-07-21T09:50:47","modified_gmt":"2025-07-21T12:50:47","slug":"prejuizo-aos-traficantes-7obpm-prende-um-acusado-de-trafico-de-drogas-na-mata-de-guaxindiba","status":"publish","type":"post","link":"https:\/\/sgvaimudar.com.br\/index.php\/2025\/07\/21\/prejuizo-aos-traficantes-7obpm-prende-um-acusado-de-trafico-de-drogas-na-mata-de-guaxindiba\/","title":{"rendered":"Preju\u00edzo aos traficantes: 7\u00baBPM prende um acusado de tr\u00e1fico de drogas na mata de Guaxindiba"},"content":{"rendered":"\n<p><em>Durante a fuga pela Rua Arthur Napole\u00e3o os bandido atacaram os policiais a tiros e se esconderam na mata, mas um foi capturado perto de uma grande quantidade de drogas <\/em><\/p>\n\n\n\n<p>Os policiais do 7\u00baBPM (S\u00e3o Gon\u00e7alo) n\u00e3o est\u00e3o para brincadeira. Tanto que, na tarde do ultimo s\u00e1bado (19), eles foram para cima da bandidagem do bairro Guaxindiba e prenderam William da Concei\u00e7\u00e3o Silva, de 25 anos, acusado de tr\u00e1fico de drogas.<\/p>\n\n\n\n<p>Segundo as informa\u00e7\u00f5es da pol\u00edcia, Willian foi capturado, perto de um r\u00e1dio transmissor ligado na frequ\u00eancia do tr\u00e1fico local, andando em uma trilha na mata pr\u00f3ximo \u00e0s casas. J\u00e1 os tabletes de maconha, \u2060o THC em \u00f3leo, e os pinos de coca\u00edna estavam escondidos  em uma saco de lixo no mesmo caminho.  <\/p>\n\n\n\n<p><strong>DIN\u00c2MICA<\/strong>: De acordo com a PM, uma guarni\u00e7\u00e3o do Grupo de A\u00e7\u00f5es T\u00e1ticas (GAT) 1\u00aaCIA, estava em patrulhamento pela Rj 104, pr\u00f3ximo ao viaduto do Feij\u00e3o carregado, na altura da batata Crac, quando teve a aten\u00e7\u00e3o voltada para uma movimenta\u00e7\u00e3o suspeita de homens.<\/p>\n\n\n\n<p>Ao chegar na equina das Ruas Laudelino Freire com Carlos Fox a viatura bateu de frente com diversos bandidos comercializando entorpecentes. Ao avistar a viatura os criminosos fugiram para o interior da comunidade. <\/p>\n\n\n\n<p>No entanto, uma equipe avan\u00e7ou at\u00e9 as Rua J\u00falio de Castilho com Arthur Napole\u00e3o onde aconteceu um breve confronto. Segundo os policiais, os agentes foram atacados a tiros pelos traficantes e tiveram que revidar a injusta agress\u00e3o, de forma moderada, at\u00e9 cessar os disparos.\u00a0 <\/p>\n\n\n\n<p>O registro da ocorr\u00eancia foi feito na 74\u00baDP.<\/p>\n\n\n\n<p><strong><em>Fa\u00e7a sua den\u00fancia pelo nosso WhatsApp: (21) <\/em><\/strong><strong><em>99744 5345<\/em><\/strong><strong><em><\/em><\/strong><\/p>\n\n\n\n<p><strong><em>S\u00e3o Gon\u00e7alo vai mudar: Not\u00edcias de S\u00e3o Gon\u00e7alo e toda regi\u00e3o.<\/em><\/strong><\/p>\n\n\n\n<figure class=\"wp-block-image size-large\"><img fetchpriority=\"high\" decoding=\"async\" width=\"1024\" height=\"252\" src=\"https:\/\/sgvaimudar.com.br\/wp-content\/uploads\/2025\/03\/Anuncie-Aqui-Sao-Goncalo-vai-mudar-1024x252.jpg\" alt=\"\" class=\"wp-image-22693\" srcset=\"https:\/\/sgvaimudar.com.br\/wp-content\/uploads\/2025\/03\/Anuncie-Aqui-Sao-Goncalo-vai-mudar-1024x252.jpg 1024w, https:\/\/sgvaimudar.com.br\/wp-content\/uploads\/2025\/03\/Anuncie-Aqui-Sao-Goncalo-vai-mudar-300x74.jpg 300w, https:\/\/sgvaimudar.com.br\/wp-content\/uploads\/2025\/03\/Anuncie-Aqui-Sao-Goncalo-vai-mudar-768x189.jpg 768w, https:\/\/sgvaimudar.com.br\/wp-content\/uploads\/2025\/03\/Anuncie-Aqui-Sao-Goncalo-vai-mudar-1536x378.jpg 1536w, https:\/\/sgvaimudar.com.br\/wp-content\/uploads\/2025\/03\/Anuncie-Aqui-Sao-Goncalo-vai-mudar-2048x504.jpg 2048w\" sizes=\"(max-width: 1024px) 100vw, 1024px\" \/><\/figure>\n\n\n\n<p><\/p>\n\n\n\n<p><\/p>\n","protected":false},"excerpt":{"rendered":"<p>Durante a fuga pela Rua Arthur Napole\u00e3o os bandido atacaram os policiais a tiros e se esconderam na mata, mas&hellip;<\/p>\n","protected":false},"author":5,"featured_media":28321,"comment_status":"open","ping_status":"open","sticky":false,"template":"","format":"standard","meta":{"fifu_image_url":"","fifu_image_alt":"","footnotes":""},"categories":[32],"tags":[39,41,40,47,75],"class_list":["post-28320","post","type-post","status-publish","format-standard","has-post-thumbnail","hentry","category-casos-de-policia","tag-ataque","tag-conflito","tag-guerra","tag-rj","tag-sao-goncalo"],"_links":{"self":[{"href":"https:\/\/sgvaimudar.com.br\/index.php\/wp-json\/wp\/v2\/posts\/28320","targetHints":{"allow":["GET"]}}],"collection":[{"href":"https:\/\/sgvaimudar.com.br\/index.php\/wp-json\/wp\/v2\/posts"}],"about":[{"href":"https:\/\/sgvaimudar.com.br\/index.php\/wp-json\/wp\/v2\/types\/post"}],"author":[{"embeddable":true,"href":"https:\/\/sgvaimudar.com.br\/index.php\/wp-json\/wp\/v2\/users\/5"}],"replies":[{"embeddable":true,"href":"https:\/\/sgvaimudar.com.br\/index.php\/wp-json\/wp\/v2\/comments?post=28320"}],"version-history":[{"count":1,"href":"https:\/\/sgvaimudar.com.br\/index.php\/wp-json\/wp\/v2\/posts\/28320\/revisions"}],"predecessor-version":[{"id":28322,"href":"https:\/\/sgvaimudar.com.br\/index.php\/wp-json\/wp\/v2\/posts\/28320\/revisions\/28322"}],"wp:featuredmedia":[{"embeddable":true,"href":"https:\/\/sgvaimudar.com.br\/index.php\/wp-json\/wp\/v2\/media\/28321"}],"wp:attachment":[{"href":"https:\/\/sgvaimudar.com.br\/index.php\/wp-json\/wp\/v2\/media?parent=28320"}],"wp:term":[{"taxonomy":"category","embeddable":true,"href":"https:\/\/sgvaimudar.com.br\/index.php\/wp-json\/wp\/v2\/categories?post=28320"},{"taxonomy":"post_tag","embeddable":true,"href":"https:\/\/sgvaimudar.com.br\/index.php\/wp-json\/wp\/v2\/tags?post=28320"}],"curies":[{"name":"wp","href":"https:\/\/api.w.org\/{rel}","templated":true}]}}