{"id":28298,"date":"2025-07-20T12:00:00","date_gmt":"2025-07-20T15:00:00","guid":{"rendered":"https:\/\/sgvaimudar.com.br\/?p=28298"},"modified":"2025-07-20T10:30:54","modified_gmt":"2025-07-20T13:30:54","slug":"diversao-em-alta-em-sg-familias-do-amendoeira-curtem-caravana-de-arte-e-lazer","status":"publish","type":"post","link":"https:\/\/sgvaimudar.com.br\/index.php\/2025\/07\/20\/diversao-em-alta-em-sg-familias-do-amendoeira-curtem-caravana-de-arte-e-lazer\/","title":{"rendered":"Divers\u00e3o em alta em SG: Fam\u00edlias do Amendoeira curtem Caravana de Arte e Lazer"},"content":{"rendered":"\n<p><em>Neste domingo, atividades recreativas acontecem no Porto Novo<\/em><\/p>\n\n\n\n<p>A Caravana de Arte e Lazer fez a alegria da crian\u00e7a do bairro Amendoeira, neste s\u00e1bado (19). O bairro contou com atividades recreativas para centenas de moradores. Neste domingo (20), \u00e9 a vez do bairro Porto Novo receber a atra\u00e7\u00e3o.<\/p>\n\n\n\n<p>O projeto \u00e9 uma iniciativa da Funda\u00e7\u00e3o de Artes, Esporte e Lazer de S\u00e3o Gon\u00e7alo (Faelsg) e garante uma manh\u00e3 repleta de brincadeiras para diversas crian\u00e7as nas \u00e1reas de vulnerabilidade social da cidade.<\/p>\n\n\n\n<figure class=\"wp-block-image size-large\"><img fetchpriority=\"high\" decoding=\"async\" width=\"1024\" height=\"576\" src=\"https:\/\/sgvaimudar.com.br\/wp-content\/uploads\/2025\/07\/unnamed-20-1-1024x576.jpg\" alt=\"\" class=\"wp-image-28299\" srcset=\"https:\/\/sgvaimudar.com.br\/wp-content\/uploads\/2025\/07\/unnamed-20-1-1024x576.jpg 1024w, https:\/\/sgvaimudar.com.br\/wp-content\/uploads\/2025\/07\/unnamed-20-1-300x169.jpg 300w, https:\/\/sgvaimudar.com.br\/wp-content\/uploads\/2025\/07\/unnamed-20-1-768x432.jpg 768w, https:\/\/sgvaimudar.com.br\/wp-content\/uploads\/2025\/07\/unnamed-20-1-1536x864.jpg 1536w, https:\/\/sgvaimudar.com.br\/wp-content\/uploads\/2025\/07\/unnamed-20-1.jpg 1600w\" sizes=\"(max-width: 1024px) 100vw, 1024px\" \/><\/figure>\n\n\n\n<p>Durante a a\u00e7\u00e3o, os moradores dos bairros t\u00eam acesso gratuito a pula-pula, brinquedos infl\u00e1veis, piscina de bolas e barraquinhas de lanches. Al\u00e9m disso, poder\u00e3o participar de diversas atividades l\u00fadicas e pinturas art\u00edsticas.<\/p>\n\n\n\n<p><strong>Servi\u00e7o:&nbsp;<\/strong><\/p>\n\n\n\n<p><strong>Domingo (20\/07):&nbsp;<\/strong>Rua Saint Clair Ornelas, 197 \u2013 Porto Novo, das 9h \u00e0s 13h.<\/p>\n\n\n\n<p><em>Fotos: Ascom<\/em><\/p>\n\n\n\n<p><strong><em>S\u00e3o Gon\u00e7alo vai mudar: Not\u00edcias de S\u00e3o Gon\u00e7alo e toda regi\u00e3o.<\/em><\/strong><\/p>\n\n\n\n<figure class=\"wp-block-image size-large\"><img decoding=\"async\" width=\"1024\" height=\"252\" src=\"https:\/\/sgvaimudar.com.br\/wp-content\/uploads\/2025\/03\/Anuncie-Aqui-Sao-Goncalo-vai-mudar-1024x252.jpg\" alt=\"\" class=\"wp-image-22693\" srcset=\"https:\/\/sgvaimudar.com.br\/wp-content\/uploads\/2025\/03\/Anuncie-Aqui-Sao-Goncalo-vai-mudar-1024x252.jpg 1024w, https:\/\/sgvaimudar.com.br\/wp-content\/uploads\/2025\/03\/Anuncie-Aqui-Sao-Goncalo-vai-mudar-300x74.jpg 300w, https:\/\/sgvaimudar.com.br\/wp-content\/uploads\/2025\/03\/Anuncie-Aqui-Sao-Goncalo-vai-mudar-768x189.jpg 768w, https:\/\/sgvaimudar.com.br\/wp-content\/uploads\/2025\/03\/Anuncie-Aqui-Sao-Goncalo-vai-mudar-1536x378.jpg 1536w, https:\/\/sgvaimudar.com.br\/wp-content\/uploads\/2025\/03\/Anuncie-Aqui-Sao-Goncalo-vai-mudar-2048x504.jpg 2048w\" sizes=\"(max-width: 1024px) 100vw, 1024px\" \/><\/figure>\n","protected":false},"excerpt":{"rendered":"<p>Neste domingo, atividades recreativas acontecem no Porto Novo A Caravana de Arte e Lazer fez a alegria da crian\u00e7a do&hellip;<\/p>\n","protected":false},"author":5,"featured_media":28300,"comment_status":"open","ping_status":"open","sticky":false,"template":"","format":"standard","meta":{"fifu_image_url":"","fifu_image_alt":"","footnotes":""},"categories":[6],"tags":[47,75],"class_list":["post-28298","post","type-post","status-publish","format-standard","has-post-thumbnail","hentry","category-entretenimento","tag-rj","tag-sao-goncalo"],"_links":{"self":[{"href":"https:\/\/sgvaimudar.com.br\/index.php\/wp-json\/wp\/v2\/posts\/28298","targetHints":{"allow":["GET"]}}],"collection":[{"href":"https:\/\/sgvaimudar.com.br\/index.php\/wp-json\/wp\/v2\/posts"}],"about":[{"href":"https:\/\/sgvaimudar.com.br\/index.php\/wp-json\/wp\/v2\/types\/post"}],"author":[{"embeddable":true,"href":"https:\/\/sgvaimudar.com.br\/index.php\/wp-json\/wp\/v2\/users\/5"}],"replies":[{"embeddable":true,"href":"https:\/\/sgvaimudar.com.br\/index.php\/wp-json\/wp\/v2\/comments?post=28298"}],"version-history":[{"count":1,"href":"https:\/\/sgvaimudar.com.br\/index.php\/wp-json\/wp\/v2\/posts\/28298\/revisions"}],"predecessor-version":[{"id":28301,"href":"https:\/\/sgvaimudar.com.br\/index.php\/wp-json\/wp\/v2\/posts\/28298\/revisions\/28301"}],"wp:featuredmedia":[{"embeddable":true,"href":"https:\/\/sgvaimudar.com.br\/index.php\/wp-json\/wp\/v2\/media\/28300"}],"wp:attachment":[{"href":"https:\/\/sgvaimudar.com.br\/index.php\/wp-json\/wp\/v2\/media?parent=28298"}],"wp:term":[{"taxonomy":"category","embeddable":true,"href":"https:\/\/sgvaimudar.com.br\/index.php\/wp-json\/wp\/v2\/categories?post=28298"},{"taxonomy":"post_tag","embeddable":true,"href":"https:\/\/sgvaimudar.com.br\/index.php\/wp-json\/wp\/v2\/tags?post=28298"}],"curies":[{"name":"wp","href":"https:\/\/api.w.org\/{rel}","templated":true}]}}