{"id":28282,"date":"2025-07-20T09:48:32","date_gmt":"2025-07-20T12:48:32","guid":{"rendered":"https:\/\/sgvaimudar.com.br\/?p=28282"},"modified":"2025-07-20T09:48:33","modified_gmt":"2025-07-20T12:48:33","slug":"governo-do-rio-investe-r-53-milhoes-em-oito-novas-unidades-do-degase-para-modernizacao-e-ampliacao-do-sistema-socioeducativo","status":"publish","type":"post","link":"https:\/\/sgvaimudar.com.br\/index.php\/2025\/07\/20\/governo-do-rio-investe-r-53-milhoes-em-oito-novas-unidades-do-degase-para-modernizacao-e-ampliacao-do-sistema-socioeducativo\/","title":{"rendered":"Governo do Rio investe R$ 53 milh\u00f5es em oito novas unidades do Degase para moderniza\u00e7\u00e3o e amplia\u00e7\u00e3o do sistema socioeducativo"},"content":{"rendered":"\n<p><em>Obras v\u00e3o gerar 219 novas vagas e refor\u00e7a o compromisso do Estado com seguran\u00e7a p\u00fablica e transforma\u00e7\u00e3o social<br><\/em><br>O Governo do Estado do Rio de Janeiro est\u00e1 investindo aproximadamente R$ 53 milh\u00f5es na expans\u00e3o e moderniza\u00e7\u00e3o do sistema socioeducativo. Ser\u00e3o constru\u00eddas oito novas unidades do Departamento Geral de A\u00e7\u00f5es Socioeducativas (Degase), que juntas v\u00e3o ampliar em mais de 21% a capacidade atual, com a cria\u00e7\u00e3o de 219 novas vagas.<\/p>\n\n\n\n<p>As obras, executadas pela Empresa de Obras P\u00fablicas do Estado do Rio de Janeiro (EMOP-RJ), incluem centros com infraestrutura moderna, que v\u00e3o dispor de quadras poliesportivas, salas de aula, unidades de sa\u00fade, alojamentos, \u00e1reas exclusivas para servidores e refor\u00e7o nos sistemas de seguran\u00e7a. A iniciativa faz parte de uma pol\u00edtica estadual que alia seguran\u00e7a p\u00fablica a oportunidades de reintegra\u00e7\u00e3o social.<\/p>\n\n\n\n<figure class=\"wp-block-image size-large\"><img fetchpriority=\"high\" decoding=\"async\" width=\"1024\" height=\"683\" src=\"https:\/\/sgvaimudar.com.br\/wp-content\/uploads\/2025\/07\/Obras-CRIAAD-Bangu_Foto-Rafael-Campos-19-1024x683.jpg\" alt=\"\" class=\"wp-image-28283\" srcset=\"https:\/\/sgvaimudar.com.br\/wp-content\/uploads\/2025\/07\/Obras-CRIAAD-Bangu_Foto-Rafael-Campos-19-1024x683.jpg 1024w, https:\/\/sgvaimudar.com.br\/wp-content\/uploads\/2025\/07\/Obras-CRIAAD-Bangu_Foto-Rafael-Campos-19-300x200.jpg 300w, https:\/\/sgvaimudar.com.br\/wp-content\/uploads\/2025\/07\/Obras-CRIAAD-Bangu_Foto-Rafael-Campos-19-768x512.jpg 768w, https:\/\/sgvaimudar.com.br\/wp-content\/uploads\/2025\/07\/Obras-CRIAAD-Bangu_Foto-Rafael-Campos-19-1536x1024.jpg 1536w, https:\/\/sgvaimudar.com.br\/wp-content\/uploads\/2025\/07\/Obras-CRIAAD-Bangu_Foto-Rafael-Campos-19-2048x1365.jpg 2048w\" sizes=\"(max-width: 1024px) 100vw, 1024px\" \/><figcaption class=\"wp-element-caption\">28\/05\/2025 &#8211; Obras Centro de Recursos Integrados de Atendimento ao Adolescente \u2013 CRIAAD Bangu &#8211; Fotos :Rafael Campos<\/figcaption><\/figure>\n\n\n\n<p>&#8211; A amplia\u00e7\u00e3o das vagas, aliada \u00e0 moderniza\u00e7\u00e3o da infraestrutura, reflete nosso compromisso com uma pol\u00edtica de seguran\u00e7a p\u00fablica eficaz e socialmente respons\u00e1vel. Uma socioeduca\u00e7\u00e3o forte tem o poder de interromper ciclos de viol\u00eancia e reduzir a reincid\u00eancia dos jovens em nosso estado- &nbsp;afirma o governador Cl\u00e1udio Castro.<\/p>\n\n\n\n<p><strong>Novas unidades em tr\u00eas munic\u00edpios<\/strong><\/p>\n\n\n\n<p>Ser\u00e3o constru\u00eddos tr\u00eas novos Centros de Socioeduca\u00e7\u00e3o (CENSEs) nos munic\u00edpios de Cabo Frio, S\u00e3o Gon\u00e7alo e Bangu, com 40 vagas cada. Al\u00e9m disso, quatro Centros de Recursos Integrados de Atendimento ao Adolescente (CRIAADs), com 20 vagas cada, est\u00e3o sendo erguidos em Padre Miguel, Riachuelo, S\u00e3o Gon\u00e7alo e Cabo Frio.<\/p>\n\n\n\n<p>O projeto tamb\u00e9m contempla a constru\u00e7\u00e3o de um CENSE de Interna\u00e7\u00e3o Provis\u00f3ria Feminina na Ilha do Governador, com 19 vagas, que ir\u00e1 ampliar e qualificar o atendimento de meninas em priva\u00e7\u00e3o de liberdade.<\/p>\n\n\n\n<p>Segundo o diretor-geral do Degase, Victor Poubel, as novas unidades v\u00e3o oferecer ambientes mais seguros e humanizados para os adolescentes, al\u00e9m de contribuir para a regionaliza\u00e7\u00e3o das medidas socioeducativas.<\/p>\n\n\n\n<p>&#8211; Esse investimento representa um reequil\u00edbrio no sistema, permitindo que os adolescentes cumpram suas medidas mais pr\u00f3ximos das fam\u00edlias, o que favorece a visita\u00e7\u00e3o e o acompanhamento. Teremos unidades com energia solar, reuso de \u00e1gua e instala\u00e7\u00f5es modernas, voltadas para uma socioeduca\u00e7\u00e3o de qualidade- explicou.<\/p>\n\n\n\n<p><strong>Educa\u00e7\u00e3o e capacita\u00e7\u00e3o como pilares da ressocializa\u00e7\u00e3o<\/strong><\/p>\n\n\n\n<p>Mais do que infraestrutura, o Governo do Estado aposta na educa\u00e7\u00e3o e na profissionaliza\u00e7\u00e3o como estrat\u00e9gias fundamentais para reduzir a reincid\u00eancia infracional. O Degase mant\u00e9m parcerias com institui\u00e7\u00f5es como o Senac e a Faetec para oferecer cursos t\u00e9cnicos e oficinas profissionalizantes dentro das unidades.<\/p>\n\n\n\n<p>&#8211; Estamos capacitando esses jovens para que tenham chances reais de inser\u00e7\u00e3o no mercado de trabalho. Ao oferecer qualifica\u00e7\u00e3o, damos a eles a oportunidade de uma vida digna e afastamos os riscos de retorno ao sistema- refor\u00e7a Poubel.<\/p>\n\n\n\n<p><em>Fotos: Rafael Campos<\/em><\/p>\n\n\n\n<p><strong><em>Fa\u00e7a sua den\u00fancia pelo nosso WhatsApp: (21) <\/em><\/strong><strong><em>99744 5345<\/em><\/strong><strong><em><\/em><\/strong><\/p>\n\n\n\n<p><strong><em>S\u00e3o Gon\u00e7alo vai mudar: Not\u00edcias de S\u00e3o Gon\u00e7alo e toda regi\u00e3o.<\/em><\/strong><\/p>\n\n\n\n<figure class=\"wp-block-image size-large\"><img decoding=\"async\" width=\"1024\" height=\"252\" src=\"https:\/\/sgvaimudar.com.br\/wp-content\/uploads\/2025\/03\/Anuncie-Aqui-Sao-Goncalo-vai-mudar-1024x252.jpg\" alt=\"\" class=\"wp-image-22693\" srcset=\"https:\/\/sgvaimudar.com.br\/wp-content\/uploads\/2025\/03\/Anuncie-Aqui-Sao-Goncalo-vai-mudar-1024x252.jpg 1024w, https:\/\/sgvaimudar.com.br\/wp-content\/uploads\/2025\/03\/Anuncie-Aqui-Sao-Goncalo-vai-mudar-300x74.jpg 300w, https:\/\/sgvaimudar.com.br\/wp-content\/uploads\/2025\/03\/Anuncie-Aqui-Sao-Goncalo-vai-mudar-768x189.jpg 768w, https:\/\/sgvaimudar.com.br\/wp-content\/uploads\/2025\/03\/Anuncie-Aqui-Sao-Goncalo-vai-mudar-1536x378.jpg 1536w, https:\/\/sgvaimudar.com.br\/wp-content\/uploads\/2025\/03\/Anuncie-Aqui-Sao-Goncalo-vai-mudar-2048x504.jpg 2048w\" sizes=\"(max-width: 1024px) 100vw, 1024px\" \/><\/figure>\n","protected":false},"excerpt":{"rendered":"<p>Obras v\u00e3o gerar 219 novas vagas e refor\u00e7a o compromisso do Estado com seguran\u00e7a p\u00fablica e transforma\u00e7\u00e3o socialO Governo do&hellip;<\/p>\n","protected":false},"author":5,"featured_media":28284,"comment_status":"open","ping_status":"open","sticky":false,"template":"","format":"standard","meta":{"fifu_image_url":"","fifu_image_alt":"","footnotes":""},"categories":[32],"tags":[47],"class_list":["post-28282","post","type-post","status-publish","format-standard","has-post-thumbnail","hentry","category-casos-de-policia","tag-rj"],"_links":{"self":[{"href":"https:\/\/sgvaimudar.com.br\/index.php\/wp-json\/wp\/v2\/posts\/28282","targetHints":{"allow":["GET"]}}],"collection":[{"href":"https:\/\/sgvaimudar.com.br\/index.php\/wp-json\/wp\/v2\/posts"}],"about":[{"href":"https:\/\/sgvaimudar.com.br\/index.php\/wp-json\/wp\/v2\/types\/post"}],"author":[{"embeddable":true,"href":"https:\/\/sgvaimudar.com.br\/index.php\/wp-json\/wp\/v2\/users\/5"}],"replies":[{"embeddable":true,"href":"https:\/\/sgvaimudar.com.br\/index.php\/wp-json\/wp\/v2\/comments?post=28282"}],"version-history":[{"count":1,"href":"https:\/\/sgvaimudar.com.br\/index.php\/wp-json\/wp\/v2\/posts\/28282\/revisions"}],"predecessor-version":[{"id":28285,"href":"https:\/\/sgvaimudar.com.br\/index.php\/wp-json\/wp\/v2\/posts\/28282\/revisions\/28285"}],"wp:featuredmedia":[{"embeddable":true,"href":"https:\/\/sgvaimudar.com.br\/index.php\/wp-json\/wp\/v2\/media\/28284"}],"wp:attachment":[{"href":"https:\/\/sgvaimudar.com.br\/index.php\/wp-json\/wp\/v2\/media?parent=28282"}],"wp:term":[{"taxonomy":"category","embeddable":true,"href":"https:\/\/sgvaimudar.com.br\/index.php\/wp-json\/wp\/v2\/categories?post=28282"},{"taxonomy":"post_tag","embeddable":true,"href":"https:\/\/sgvaimudar.com.br\/index.php\/wp-json\/wp\/v2\/tags?post=28282"}],"curies":[{"name":"wp","href":"https:\/\/api.w.org\/{rel}","templated":true}]}}