{"id":28261,"date":"2025-07-19T14:00:00","date_gmt":"2025-07-19T17:00:00","guid":{"rendered":"https:\/\/sgvaimudar.com.br\/?p=28261"},"modified":"2025-07-19T10:25:43","modified_gmt":"2025-07-19T13:25:43","slug":"sao-goncalo-realiza-mais-uma-edicao-da-feira-aduke","status":"publish","type":"post","link":"https:\/\/sgvaimudar.com.br\/index.php\/2025\/07\/19\/sao-goncalo-realiza-mais-uma-edicao-da-feira-aduke\/","title":{"rendered":"S\u00e3o Gon\u00e7alo realiza mais uma edi\u00e7\u00e3o da Feira Aduke"},"content":{"rendered":"\n<p><em>Nesta sexta-feira, o foco foi destacar o protagonismo feminino negro<\/em><\/p>\n\n\n\n<p>Nesta sexta-feira (18), aconteceu mais uma edi\u00e7\u00e3o da Feira Aduke, iniciativa que valoriza o empreendedorismo negro e fortalece a economia criativa e solid\u00e1ria local. O evento acontece no Centro Cultural Joaquim Lavoura, na Estrela do Norte, at\u00e9 o final desta tarde, com o tema \u201cResist\u00eancia ancestral de mulheres negras\u201d.<\/p>\n\n\n\n<p>A proposta desta edi\u00e7\u00e3o \u00e9 destacar o protagonismo feminino negro por meio da exposi\u00e7\u00e3o e venda de produtos artesanais, gastronomia afro-brasileira, al\u00e9m de apresenta\u00e7\u00f5es e atividades culturais voltadas para a valoriza\u00e7\u00e3o da heran\u00e7a ancestral e das trajet\u00f3rias de luta das mulheres negras da cidade.<\/p>\n\n\n\n<figure class=\"wp-block-image size-large\"><img fetchpriority=\"high\" decoding=\"async\" width=\"1024\" height=\"684\" src=\"https:\/\/sgvaimudar.com.br\/wp-content\/uploads\/2025\/07\/unnamed-6-11-1024x684.jpg\" alt=\"\" class=\"wp-image-28263\" srcset=\"https:\/\/sgvaimudar.com.br\/wp-content\/uploads\/2025\/07\/unnamed-6-11-1024x684.jpg 1024w, https:\/\/sgvaimudar.com.br\/wp-content\/uploads\/2025\/07\/unnamed-6-11-300x200.jpg 300w, https:\/\/sgvaimudar.com.br\/wp-content\/uploads\/2025\/07\/unnamed-6-11-768x513.jpg 768w, https:\/\/sgvaimudar.com.br\/wp-content\/uploads\/2025\/07\/unnamed-6-11-1536x1027.jpg 1536w, https:\/\/sgvaimudar.com.br\/wp-content\/uploads\/2025\/07\/unnamed-6-11.jpg 1616w\" sizes=\"(max-width: 1024px) 100vw, 1024px\" \/><\/figure>\n\n\n\n<p>\u201c\u00c9 muito importante o trabalho desses profissionais, pessoas que comp\u00f5em a sua renda com esse espa\u00e7o. Ent\u00e3o precisamos desse lugar e de outros, onde as pessoas possam expor os seus trabalhos com vendas e encontrar pertencimento. A Feira Aduke se d\u00e1 nesse foco\u201d, afirmou Daniele Fontoura, coordenadora da Secretaria de Assist\u00eancia Social.<\/p>\n\n\n\n<p>Realizada mensalmente, a Feira Aduke tem se consolidado como um importante espa\u00e7o de visibilidade para empreendedoras negras de S\u00e3o Gon\u00e7alo, promovendo gera\u00e7\u00e3o de renda, troca de saberes e fortalecimento da identidade cultural.<\/p>\n\n\n\n<p>A iniciativa \u00e9 da Prefeitura de S\u00e3o Gon\u00e7alo, por meio da Secretaria de Assist\u00eancia Social (Coordenadoria de Promo\u00e7\u00e3o da Igualdade Racial) e da Secretaria de Turismo e Cultura, com apoio do Conselho de Defesa dos Direitos do Negro e do COMIRSG (Conselho Municipal de Igualdade Racial de S\u00e3o Gon\u00e7alo).<\/p>\n\n\n\n<p><em>Foto: Renan Otto<\/em><\/p>\n\n\n\n<p><strong><em>S\u00e3o Gon\u00e7alo vai mudar: Not\u00edcias de S\u00e3o Gon\u00e7alo e toda regi\u00e3o.<\/em><\/strong><\/p>\n\n\n\n<figure class=\"wp-block-image size-large\"><img decoding=\"async\" width=\"1024\" height=\"252\" src=\"https:\/\/sgvaimudar.com.br\/wp-content\/uploads\/2025\/03\/Anuncie-Aqui-Sao-Goncalo-vai-mudar-1024x252.jpg\" alt=\"\" class=\"wp-image-22693\" srcset=\"https:\/\/sgvaimudar.com.br\/wp-content\/uploads\/2025\/03\/Anuncie-Aqui-Sao-Goncalo-vai-mudar-1024x252.jpg 1024w, https:\/\/sgvaimudar.com.br\/wp-content\/uploads\/2025\/03\/Anuncie-Aqui-Sao-Goncalo-vai-mudar-300x74.jpg 300w, https:\/\/sgvaimudar.com.br\/wp-content\/uploads\/2025\/03\/Anuncie-Aqui-Sao-Goncalo-vai-mudar-768x189.jpg 768w, https:\/\/sgvaimudar.com.br\/wp-content\/uploads\/2025\/03\/Anuncie-Aqui-Sao-Goncalo-vai-mudar-1536x378.jpg 1536w, https:\/\/sgvaimudar.com.br\/wp-content\/uploads\/2025\/03\/Anuncie-Aqui-Sao-Goncalo-vai-mudar-2048x504.jpg 2048w\" sizes=\"(max-width: 1024px) 100vw, 1024px\" \/><\/figure>\n","protected":false},"excerpt":{"rendered":"<p>Nesta sexta-feira, o foco foi destacar o protagonismo feminino negro Nesta sexta-feira (18), aconteceu mais uma edi\u00e7\u00e3o da Feira Aduke,&hellip;<\/p>\n","protected":false},"author":5,"featured_media":28262,"comment_status":"open","ping_status":"open","sticky":false,"template":"","format":"standard","meta":{"fifu_image_url":"","fifu_image_alt":"","footnotes":""},"categories":[6],"tags":[47,75],"class_list":["post-28261","post","type-post","status-publish","format-standard","has-post-thumbnail","hentry","category-entretenimento","tag-rj","tag-sao-goncalo"],"_links":{"self":[{"href":"https:\/\/sgvaimudar.com.br\/index.php\/wp-json\/wp\/v2\/posts\/28261","targetHints":{"allow":["GET"]}}],"collection":[{"href":"https:\/\/sgvaimudar.com.br\/index.php\/wp-json\/wp\/v2\/posts"}],"about":[{"href":"https:\/\/sgvaimudar.com.br\/index.php\/wp-json\/wp\/v2\/types\/post"}],"author":[{"embeddable":true,"href":"https:\/\/sgvaimudar.com.br\/index.php\/wp-json\/wp\/v2\/users\/5"}],"replies":[{"embeddable":true,"href":"https:\/\/sgvaimudar.com.br\/index.php\/wp-json\/wp\/v2\/comments?post=28261"}],"version-history":[{"count":1,"href":"https:\/\/sgvaimudar.com.br\/index.php\/wp-json\/wp\/v2\/posts\/28261\/revisions"}],"predecessor-version":[{"id":28264,"href":"https:\/\/sgvaimudar.com.br\/index.php\/wp-json\/wp\/v2\/posts\/28261\/revisions\/28264"}],"wp:featuredmedia":[{"embeddable":true,"href":"https:\/\/sgvaimudar.com.br\/index.php\/wp-json\/wp\/v2\/media\/28262"}],"wp:attachment":[{"href":"https:\/\/sgvaimudar.com.br\/index.php\/wp-json\/wp\/v2\/media?parent=28261"}],"wp:term":[{"taxonomy":"category","embeddable":true,"href":"https:\/\/sgvaimudar.com.br\/index.php\/wp-json\/wp\/v2\/categories?post=28261"},{"taxonomy":"post_tag","embeddable":true,"href":"https:\/\/sgvaimudar.com.br\/index.php\/wp-json\/wp\/v2\/tags?post=28261"}],"curies":[{"name":"wp","href":"https:\/\/api.w.org\/{rel}","templated":true}]}}