{"id":28251,"date":"2025-07-19T12:00:00","date_gmt":"2025-07-19T15:00:00","guid":{"rendered":"https:\/\/sgvaimudar.com.br\/?p=28251"},"modified":"2025-07-20T10:04:12","modified_gmt":"2025-07-20T13:04:12","slug":"sao-goncalo-leva-cinema-gratuito-as-ruas-com-o-projeto-i-cinera","status":"publish","type":"post","link":"https:\/\/sgvaimudar.com.br\/index.php\/2025\/07\/19\/sao-goncalo-leva-cinema-gratuito-as-ruas-com-o-projeto-i-cinera\/","title":{"rendered":"S\u00e3o Gon\u00e7alo leva cinema gratuito \u00e0s ruas com o projeto I Cinera"},"content":{"rendered":"\n<p><em>Sess\u00f5es acontecem neste s\u00e1bado e domingo, com recursos da Lei Paulo Gustavo; secret\u00e1ria de Cultura J\u00falia Sobreira disse que quer valorizar os espa\u00e7os p\u00fablicos<\/em><\/p>\n\n\n\n<p>Os gon\u00e7alenses est\u00e3o com tudo e n\u00e3o est\u00e3o prosa. Pois, \u00e9 s\u00f3 eles sa\u00edrem \u00e0s ruas para conferirem as sess\u00f5es gratuitas de cinema em pra\u00e7as e espa\u00e7os p\u00fablicos do munic\u00edpio.<\/p>\n\n\n\n<p>O iniciativa \u00e9 realizada pela Secretaria de Turismo e Cultura da Prefeitura como mais uma a\u00e7\u00e3o ao acesso \u00e0 cultura atrav\u00e9s do projeto I Cinera contemplado pela Lei Paulo Gustavo e tem como principal objetivo democratizar o acesso \u00e0 cultura por meio do audiovisual.<\/p>\n\n\n\n<p>As primeiras sess\u00f5es do projeto acontecer\u00e3o neste final de semana, nos dias 19 e 20 de julho, sempre a partir das 16h30min., com entrada franca e distribui\u00e7\u00e3o gratuita de pipoca. A proposta \u00e9 transformar espa\u00e7os p\u00fablicos em verdadeiras salas de cinema ao ar livre, oferecendo lazer e cultura para toda a fam\u00edlia.<\/p>\n\n\n\n<figure class=\"wp-block-image size-large\"><img fetchpriority=\"high\" decoding=\"async\" width=\"819\" height=\"1024\" src=\"https:\/\/sgvaimudar.com.br\/wp-content\/uploads\/2025\/07\/unnamed-1-14-819x1024.jpg\" alt=\"\" class=\"wp-image-28252\" srcset=\"https:\/\/sgvaimudar.com.br\/wp-content\/uploads\/2025\/07\/unnamed-1-14-819x1024.jpg 819w, https:\/\/sgvaimudar.com.br\/wp-content\/uploads\/2025\/07\/unnamed-1-14-240x300.jpg 240w, https:\/\/sgvaimudar.com.br\/wp-content\/uploads\/2025\/07\/unnamed-1-14-768x960.jpg 768w, https:\/\/sgvaimudar.com.br\/wp-content\/uploads\/2025\/07\/unnamed-1-14.jpg 1080w\" sizes=\"(max-width: 819px) 100vw, 819px\" \/><\/figure>\n\n\n\n<p>\u201cAtrav\u00e9s do I Cinera, queremos valorizar os espa\u00e7os p\u00fablicos e proporcionar momentos de divers\u00e3o e reflex\u00e3o para os moradores da cidade, com acesso gratuito a obras do cinema nacional e internacional\u201d, destacou Julia Sobreira, Secretaria de Turismo e Cultura.<\/p>\n\n\n\n<p>Entre os filmes que ser\u00e3o exibido neste final de semana, no s\u00e1bado ser\u00e3o &#8220;Jongo Vozes Que Ensinam Pela Ancestralidade&#8221;, &#8220;D\u00fad\u00fa e o L\u00e1pis Cor da Pele&#8221; e &#8220;Funk&#8221;. No domingo, ser\u00e3o exibidos o filme &#8220;L&#8221; e &#8220;O olho e o Zarolho&#8221;.<\/p>\n\n\n\n<p><strong>Confira a programa\u00e7\u00e3o:<\/strong><\/p>\n\n\n\n<p>19\/07: 3\u00ba BI<\/p>\n\n\n\n<p>Rua Doutor Porci\u00fancula, 832 \u2013 Venda da Cruz \u2013 S\u00e3o Gon\u00e7alo<\/p>\n\n\n\n<p>20\/07: Pra\u00e7a do Rocha<\/p>\n\n\n\n<p>Rua Jos\u00e9 Louren\u00e7o de Azevedo \u2013 Rocha \u2013 S\u00e3o Gon\u00e7alo.<\/p>\n\n\n\n<p><strong><em>S\u00e3o Gon\u00e7alo vai mudar: Not\u00edcias de S\u00e3o Gon\u00e7alo e toda regi\u00e3o.<\/em><\/strong><\/p>\n\n\n\n<figure class=\"wp-block-image size-large\"><img decoding=\"async\" width=\"1024\" height=\"252\" src=\"https:\/\/sgvaimudar.com.br\/wp-content\/uploads\/2025\/03\/Anuncie-Aqui-Sao-Goncalo-vai-mudar-1024x252.jpg\" alt=\"\" class=\"wp-image-22693\" srcset=\"https:\/\/sgvaimudar.com.br\/wp-content\/uploads\/2025\/03\/Anuncie-Aqui-Sao-Goncalo-vai-mudar-1024x252.jpg 1024w, https:\/\/sgvaimudar.com.br\/wp-content\/uploads\/2025\/03\/Anuncie-Aqui-Sao-Goncalo-vai-mudar-300x74.jpg 300w, https:\/\/sgvaimudar.com.br\/wp-content\/uploads\/2025\/03\/Anuncie-Aqui-Sao-Goncalo-vai-mudar-768x189.jpg 768w, https:\/\/sgvaimudar.com.br\/wp-content\/uploads\/2025\/03\/Anuncie-Aqui-Sao-Goncalo-vai-mudar-1536x378.jpg 1536w, https:\/\/sgvaimudar.com.br\/wp-content\/uploads\/2025\/03\/Anuncie-Aqui-Sao-Goncalo-vai-mudar-2048x504.jpg 2048w\" sizes=\"(max-width: 1024px) 100vw, 1024px\" \/><\/figure>\n","protected":false},"excerpt":{"rendered":"<p>Secret\u00e1ria Cultura J\u00falia Sobreira &#8211; Reprodu\u00e7\u00e3o<\/p>\n","protected":false},"author":5,"featured_media":28253,"comment_status":"open","ping_status":"open","sticky":false,"template":"","format":"standard","meta":{"fifu_image_url":"","fifu_image_alt":"","footnotes":""},"categories":[6],"tags":[47,75],"class_list":["post-28251","post","type-post","status-publish","format-standard","has-post-thumbnail","hentry","category-entretenimento","tag-rj","tag-sao-goncalo"],"_links":{"self":[{"href":"https:\/\/sgvaimudar.com.br\/index.php\/wp-json\/wp\/v2\/posts\/28251","targetHints":{"allow":["GET"]}}],"collection":[{"href":"https:\/\/sgvaimudar.com.br\/index.php\/wp-json\/wp\/v2\/posts"}],"about":[{"href":"https:\/\/sgvaimudar.com.br\/index.php\/wp-json\/wp\/v2\/types\/post"}],"author":[{"embeddable":true,"href":"https:\/\/sgvaimudar.com.br\/index.php\/wp-json\/wp\/v2\/users\/5"}],"replies":[{"embeddable":true,"href":"https:\/\/sgvaimudar.com.br\/index.php\/wp-json\/wp\/v2\/comments?post=28251"}],"version-history":[{"count":3,"href":"https:\/\/sgvaimudar.com.br\/index.php\/wp-json\/wp\/v2\/posts\/28251\/revisions"}],"predecessor-version":[{"id":28291,"href":"https:\/\/sgvaimudar.com.br\/index.php\/wp-json\/wp\/v2\/posts\/28251\/revisions\/28291"}],"wp:featuredmedia":[{"embeddable":true,"href":"https:\/\/sgvaimudar.com.br\/index.php\/wp-json\/wp\/v2\/media\/28253"}],"wp:attachment":[{"href":"https:\/\/sgvaimudar.com.br\/index.php\/wp-json\/wp\/v2\/media?parent=28251"}],"wp:term":[{"taxonomy":"category","embeddable":true,"href":"https:\/\/sgvaimudar.com.br\/index.php\/wp-json\/wp\/v2\/categories?post=28251"},{"taxonomy":"post_tag","embeddable":true,"href":"https:\/\/sgvaimudar.com.br\/index.php\/wp-json\/wp\/v2\/tags?post=28251"}],"curies":[{"name":"wp","href":"https:\/\/api.w.org\/{rel}","templated":true}]}}