{"id":28228,"date":"2025-07-18T17:00:00","date_gmt":"2025-07-18T20:00:00","guid":{"rendered":"https:\/\/sgvaimudar.com.br\/?p=28228"},"modified":"2025-07-18T10:36:41","modified_gmt":"2025-07-18T13:36:41","slug":"vacinacao-em-marica-cresceu-41-no-primeiro-semestre-de-2025","status":"publish","type":"post","link":"https:\/\/sgvaimudar.com.br\/index.php\/2025\/07\/18\/vacinacao-em-marica-cresceu-41-no-primeiro-semestre-de-2025\/","title":{"rendered":"Vacina\u00e7\u00e3o em Maric\u00e1 cresceu 41% no primeiro semestre de 2025"},"content":{"rendered":"\n<p><em>Foram mais de 140 mil doses aplicadas no per\u00edodo, resultado do fortalecimento das a\u00e7\u00f5es de imuniza\u00e7\u00e3o<br><\/em><br>A Prefeitura de Maric\u00e1, por meio da Secretaria de Sa\u00fade, ampliou as a\u00e7\u00f5es de vacina\u00e7\u00e3o nos quatro distritos da cidade e registrou uma conquista fundamental para o bem-estar da popula\u00e7\u00e3o: o crescimento de 41% nas doses de vacinas aplicadas no primeiro semestre de 2025, quando comparado ao igual per\u00edodo do ano anterior. No total, foram 142.217 doses administradas entre janeiro e junho, ante 100.633 nos mesmos meses em 2024.<\/p>\n\n\n\n<p>Os bons resultados ocorreram ap\u00f3s a implementa\u00e7\u00e3o de diversas estrat\u00e9gias de amplia\u00e7\u00e3o do acesso \u00e0 imuniza\u00e7\u00e3o nos quatro distritos, propostas pela Vigil\u00e2ncia em Sa\u00fade da cidade. Com isso, foram desenvolvidas mobiliza\u00e7\u00f5es variadas e descentralizadas, com oferta de vacinas previstas no Calend\u00e1rio Nacional de Vacina\u00e7\u00e3o e de campanhas espec\u00edficas, oferecidas tanto \u00e0 popula\u00e7\u00e3o em geral quanto aos servidores municipais.<\/p>\n\n\n\n<p>Atualmente, a vacina\u00e7\u00e3o de rotina, que prev\u00ea vacinas para crian\u00e7as, adolescentes e adultos, \u00e9 oferecida, de segunda a sexta-feira, em todas as Unidades de Sa\u00fade da Fam\u00edlia (USF) do munic\u00edpio. Al\u00e9m disso, para fortalecer a imuniza\u00e7\u00e3o, Maric\u00e1 agora conta com quatro USF funcionando aos s\u00e1bados, das 8h ao meio-dia, uma em cada distrito, que oferecem tamb\u00e9m vacinas de rotina, contra a Influenza (gripe) e Covid-19. S\u00e3o elas: USF Elenir Umbelino de Mello (Flamengo), USF Jardim Atl\u00e2ntico, USF Ch\u00e1cara de Ino\u00e3 e USF Marinel\u00e2ndia (Cordeirinho).<\/p>\n\n\n\n<p>O secret\u00e1rio de Sa\u00fade, Marcelo Velho, ressaltou o simbolismo do aumento nos n\u00fameros de vacina\u00e7\u00e3o no munic\u00edpio, resultado do empenho da gest\u00e3o e iniciativas desenvolvidas.<\/p>\n\n\n\n<p>\u201cO aumento de 41% nas doses aplicadas no primeiro semestre de 2025 demonstra o fortalecimento das nossas a\u00e7\u00f5es de imuniza\u00e7\u00e3o e o empenho das equipes da Vigil\u00e2ncia em Sa\u00fade e das pr\u00f3prias unidades. Esse avan\u00e7o representa mais prote\u00e7\u00e3o para a popula\u00e7\u00e3o e refor\u00e7a nosso compromisso com a preven\u00e7\u00e3o e o cuidado cont\u00ednuo. Maric\u00e1 segue investindo em sa\u00fade p\u00fablica com responsabilidade e resultados concretos\u201d, afirmou.<\/p>\n\n\n\n<p>Daniella Bittencourt, superintendente da Vigil\u00e2ncia em Sa\u00fade do munic\u00edpio, garantiu que o aumento significativo nas doses aplicadas \u00e9 resultado do trabalho desenvolvido.<\/p>\n\n\n\n<p>\u201cO crescimento na aplica\u00e7\u00e3o de vacinas no primeiro semestre reflete o impacto positivo das nossas estrat\u00e9gias de amplia\u00e7\u00e3o do acesso e sensibiliza\u00e7\u00e3o da popula\u00e7\u00e3o. Alcan\u00e7ar mais de 142 mil doses aplicadas \u00e9 um marco que refor\u00e7a a confian\u00e7a no SUS e na import\u00e2ncia da vacina\u00e7\u00e3o como ferramenta essencial de prote\u00e7\u00e3o coletiva, o que estamos empenhados para fortalecer continuamente\u201d, acrescentou.<\/p>\n\n\n\n<p><strong>Endere\u00e7os das Unidades de Sa\u00fade da Fam\u00edlia<br><br>Segunda a sexta-feira<br><\/strong><br>\u2013 USF Central: Rua Cl\u00edmaco Pereira, 241, Centro. (8h \u00e0s 19h)<br>\u2013 USF Jardim Atl\u00e2ntico: Rua 36 (esquina com a Rua 53), lote 01, quadra 206. (8h \u00e0s 19h)<br>\u2013 USF Marinel\u00e2ndia: Rua 09, quadra 15, Cordeirinho. (8h \u00e0s 17h)<br>\u2013 USF Ch\u00e1cara de Ino\u00e3: Rodovia Amaral Peixoto, km 16, ao lado do Polo Mania, Ino\u00e3. (8h \u00e0s 17h)<br>\u2013 USF Ino\u00e3 1: Rua Caio de Figueiredo (travessa CIEP), s\/n. (8h \u00e0s 17h)<br>\u2013 USF Ino\u00e3 2: Rodovia Amaral Peixoto, km 14 (ao lado do DPO). (8h \u00e0s 16h)<br>\u2013 USF Mumbuca: Rua Hip\u00f3lito de Abreu Rangel, s\/n. (8h \u00e0s 19h)<br>\u2013 USF Santa Paula: Estrada de Cassorotiba, s\/n. (8h \u00e0s 17h)<br>\u2013 USF Carlos Alberto Soares de Freitas: Rua 23, quadra 29, lote 06, Bosque Fundo, Ino\u00e3. (8h \u00e0s 17h)<br>\u2013 USF Carlos Marighella: Rua \u00c1ustria, s\/n\u00ba, condom\u00ednio MCMV de Itaipua\u00e7u. (8h \u00e0s 17h)<br>\u2013 USF Santa Rita: Rua 36, quadra 433 (esquina com Rua 83), Jardim Atl\u00e2ntico Leste, Itaipua\u00e7u. (8h \u00e0s 17h)<br>\u2013 USF Recanto: Rua Engenheiro Domingos Barbosa, s\/n, Itaipua\u00e7u. (8h \u00e0s 17h)<br>\u2013 USF S\u00e3o Jos\u00e9 1: Rua 18, s\/n, loteamento Jardim Ouro Mar. (8h \u00e0s 17h)<br>\u2013 USF S\u00e3o Jos\u00e9 2: Estrada da Cachoeira, s\/n. (8h \u00e0s 19h)<br>\u2013 USF Elenir Umbelino de Mello (Enfermeira Bill\u00fa): Rua Ary Spindola, quadra A, lote 352, Flamengo. (8h \u00e0s 17h)<br>\u2013 USF Itaipua\u00e7u (Barroco): Rua Get\u00falio Vargas (antiga Rua 2), lote 13, quadra 4, casa 2, Itaipua\u00e7u. (8h \u00e0s 17h)<br>\u2013 USF Bambu\u00ed: Avenida do Contorno, s\/n. (8h \u00e0s 17h)<br>\u2013 USF Retiro: Estrada do Retiro, s\/n. (8h \u00e0s 17h)<br>\u2013 USF Ponta Grossa: Rua Irineu Ferreira Pinto, s\/n. (8h \u00e0s 17h)<br>\u2013 USF Bairro da Amizade: Rua Eliete Rocha Santos (Rua 53), lote 31, quadra 91. (8h \u00e0s 17h)<br>\u2013 USF Guaratiba: Estrada Beira da Lagoa, s\/n. (8h \u00e0s 17h)<br>\u2013 USF Barra: Rua Ernani Manoel Soares (antiga Rua 04), lote 03, quadra 0, Divineia. (8h \u00e0s 17h)<br>\u2013 USF Espraiado: Rua Gualberto Batista de Macedo, s\/n. (8h \u00e0s 17h)<br>\u2013 USF Ubatiba: Avenida Niter\u00f3i, s\/n. (8h \u00e0s 17h)<br>\u2013 USF ACS Nathan da Silva Noronha Figueiredo (Saco das Flores): Rua 75 (esquina com a Rua 73), Saco das Flores. (8h \u00e0s 17h)<br>\u2013 USF Itaocaia Valley: Rua Tocantins, s\/n, pr\u00f3ximo \u00e0 Escola Municipal Rita Sampaio Cartaxo, Itaipua\u00e7u. (8h \u00e0s 17h)<br>\u2013 USF Ponta Negra: Estrada Um, s\/n, Ponta Negra. Pr\u00f3ximo \u00e0 Ponte Senador Paulo Duque. (8h \u00e0s 16h)<br>\u2013 USF Josefa Xavier Leal \u2013 S\u00e3o Bento da Lagoa: Rua Alcides Francisco da Cruz (esquina com a Rua Dezessete de Novembro), s\/n, loteamento Praia de Itaipua\u00e7u (8h \u00e0s 19h)<br><br><strong>S\u00e1bados<\/strong>:<\/p>\n\n\n\n<p>\u2013 USF Jardim Atl\u00e2ntico: Rua 36 (esquina com a Rua 53), lote 01, quadra 206. (8h \u00e0s 12h)<br>\u2013 USF Elenir Umbelino de Mello (Enfermeira Bill\u00fa): Rua Ary Spindola, quadra A, lote 352, Flamengo. (8h \u00e0s 12h)<br>\u2013 USF Marinel\u00e2ndia: Rua 09, quadra 15, Cordeirinho. (8h \u00e0s 12h)<br>\u2013 USF Ch\u00e1cara de Ino\u00e3: Rodovia Amaral Peixoto, km 16, ao lado do Polo Mania, Ino\u00e3. (8h \u00e0s 12h).<\/p>\n\n\n\n<p><em>Foto: Bernardo Gomes<\/em><\/p>\n\n\n\n<p><strong><em>S\u00e3o Gon\u00e7alo vai mudar: Not\u00edcias de S\u00e3o Gon\u00e7alo e toda regi\u00e3o.<\/em><\/strong><\/p>\n\n\n\n<figure class=\"wp-block-image size-large\"><img fetchpriority=\"high\" decoding=\"async\" width=\"1024\" height=\"252\" src=\"https:\/\/sgvaimudar.com.br\/wp-content\/uploads\/2025\/03\/Anuncie-Aqui-Sao-Goncalo-vai-mudar-1024x252.jpg\" alt=\"\" class=\"wp-image-22693\" srcset=\"https:\/\/sgvaimudar.com.br\/wp-content\/uploads\/2025\/03\/Anuncie-Aqui-Sao-Goncalo-vai-mudar-1024x252.jpg 1024w, https:\/\/sgvaimudar.com.br\/wp-content\/uploads\/2025\/03\/Anuncie-Aqui-Sao-Goncalo-vai-mudar-300x74.jpg 300w, https:\/\/sgvaimudar.com.br\/wp-content\/uploads\/2025\/03\/Anuncie-Aqui-Sao-Goncalo-vai-mudar-768x189.jpg 768w, https:\/\/sgvaimudar.com.br\/wp-content\/uploads\/2025\/03\/Anuncie-Aqui-Sao-Goncalo-vai-mudar-1536x378.jpg 1536w, https:\/\/sgvaimudar.com.br\/wp-content\/uploads\/2025\/03\/Anuncie-Aqui-Sao-Goncalo-vai-mudar-2048x504.jpg 2048w\" sizes=\"(max-width: 1024px) 100vw, 1024px\" \/><\/figure>\n","protected":false},"excerpt":{"rendered":"<p>Foram mais de 140 mil doses aplicadas no per\u00edodo, resultado do fortalecimento das a\u00e7\u00f5es de imuniza\u00e7\u00e3oA Prefeitura de Maric\u00e1, por&hellip;<\/p>\n","protected":false},"author":5,"featured_media":28229,"comment_status":"open","ping_status":"open","sticky":false,"template":"","format":"standard","meta":{"fifu_image_url":"","fifu_image_alt":"","footnotes":""},"categories":[7],"tags":[47],"class_list":["post-28228","post","type-post","status-publish","format-standard","has-post-thumbnail","hentry","category-saude","tag-rj"],"_links":{"self":[{"href":"https:\/\/sgvaimudar.com.br\/index.php\/wp-json\/wp\/v2\/posts\/28228","targetHints":{"allow":["GET"]}}],"collection":[{"href":"https:\/\/sgvaimudar.com.br\/index.php\/wp-json\/wp\/v2\/posts"}],"about":[{"href":"https:\/\/sgvaimudar.com.br\/index.php\/wp-json\/wp\/v2\/types\/post"}],"author":[{"embeddable":true,"href":"https:\/\/sgvaimudar.com.br\/index.php\/wp-json\/wp\/v2\/users\/5"}],"replies":[{"embeddable":true,"href":"https:\/\/sgvaimudar.com.br\/index.php\/wp-json\/wp\/v2\/comments?post=28228"}],"version-history":[{"count":1,"href":"https:\/\/sgvaimudar.com.br\/index.php\/wp-json\/wp\/v2\/posts\/28228\/revisions"}],"predecessor-version":[{"id":28230,"href":"https:\/\/sgvaimudar.com.br\/index.php\/wp-json\/wp\/v2\/posts\/28228\/revisions\/28230"}],"wp:featuredmedia":[{"embeddable":true,"href":"https:\/\/sgvaimudar.com.br\/index.php\/wp-json\/wp\/v2\/media\/28229"}],"wp:attachment":[{"href":"https:\/\/sgvaimudar.com.br\/index.php\/wp-json\/wp\/v2\/media?parent=28228"}],"wp:term":[{"taxonomy":"category","embeddable":true,"href":"https:\/\/sgvaimudar.com.br\/index.php\/wp-json\/wp\/v2\/categories?post=28228"},{"taxonomy":"post_tag","embeddable":true,"href":"https:\/\/sgvaimudar.com.br\/index.php\/wp-json\/wp\/v2\/tags?post=28228"}],"curies":[{"name":"wp","href":"https:\/\/api.w.org\/{rel}","templated":true}]}}