{"id":28221,"date":"2025-07-18T14:00:00","date_gmt":"2025-07-18T17:00:00","guid":{"rendered":"https:\/\/sgvaimudar.com.br\/?p=28221"},"modified":"2025-07-18T10:15:18","modified_gmt":"2025-07-18T13:15:18","slug":"itaborai-abre-inscricoes-para-programa-de-estagio-obrigatorio-com-mais-de-500-vagas","status":"publish","type":"post","link":"https:\/\/sgvaimudar.com.br\/index.php\/2025\/07\/18\/itaborai-abre-inscricoes-para-programa-de-estagio-obrigatorio-com-mais-de-500-vagas\/","title":{"rendered":"Itabora\u00ed abre inscri\u00e7\u00f5es para Programa de Est\u00e1gio Obrigat\u00f3rio com mais de 500 vagas"},"content":{"rendered":"\n<p>A Prefeitura de Itabora\u00ed abriu, nesta segunda-feira (14\/07), as inscri\u00e7\u00f5es para o Programa de Est\u00e1gio Itabora\u00ed 2025\/2026 \u2013 IV, destinado a estudantes de cursos t\u00e9cnicos e de n\u00edvel superior que estejam regularmente matriculados, com frequ\u00eancia ativa e que necessitem realizar est\u00e1gio curricular obrigat\u00f3rio. O programa visa oferecer est\u00e1gio curricular obrigat\u00f3rio n\u00e3o remunerado junto aos \u00f3rg\u00e3os e entidades da Administra\u00e7\u00e3o P\u00fablica Municipal Direta, Autarquias e Funda\u00e7\u00f5es.<\/p>\n\n\n\n<p>Coordenado pela Secretaria Municipal de Governo, o programa conta com mais de 500 vagas distribu\u00eddas em diversas secretarias, como Sa\u00fade, Cultura, Meio Ambiente, Defesa Civil e Planejamento. As inscri\u00e7\u00f5es devem ser realizadas exclusivamente pelas institui\u00e7\u00f5es de ensino credenciadas no munic\u00edpio, por meio do site\u00a0<a rel=\"noreferrer noopener\" href=\"http:\/\/selecaoestagiarios.ib.itaborai.rj.gov.br\/\" target=\"_blank\">selecaoestagiarios.ib.itaborai.rj.gov.br<\/a>\u00a0at\u00e9 o dia 25 de julho de 2025.<\/p>\n\n\n\n<figure class=\"wp-block-image size-large\"><img fetchpriority=\"high\" decoding=\"async\" width=\"1024\" height=\"768\" src=\"https:\/\/sgvaimudar.com.br\/wp-content\/uploads\/2025\/07\/Itaborai-abre-inscricoes-para-Programa-de-Estagio-Obrigatorio-com-mais-de-500-vagas-1024x768.jpeg\" alt=\"\" class=\"wp-image-28222\" srcset=\"https:\/\/sgvaimudar.com.br\/wp-content\/uploads\/2025\/07\/Itaborai-abre-inscricoes-para-Programa-de-Estagio-Obrigatorio-com-mais-de-500-vagas-1024x768.jpeg 1024w, https:\/\/sgvaimudar.com.br\/wp-content\/uploads\/2025\/07\/Itaborai-abre-inscricoes-para-Programa-de-Estagio-Obrigatorio-com-mais-de-500-vagas-300x225.jpeg 300w, https:\/\/sgvaimudar.com.br\/wp-content\/uploads\/2025\/07\/Itaborai-abre-inscricoes-para-Programa-de-Estagio-Obrigatorio-com-mais-de-500-vagas-768x576.jpeg 768w, https:\/\/sgvaimudar.com.br\/wp-content\/uploads\/2025\/07\/Itaborai-abre-inscricoes-para-Programa-de-Estagio-Obrigatorio-com-mais-de-500-vagas-1536x1152.jpeg 1536w, https:\/\/sgvaimudar.com.br\/wp-content\/uploads\/2025\/07\/Itaborai-abre-inscricoes-para-Programa-de-Estagio-Obrigatorio-com-mais-de-500-vagas.jpeg 1600w\" sizes=\"(max-width: 1024px) 100vw, 1024px\" \/><\/figure>\n\n\n\n<p>O edital prev\u00ea in\u00edcio da vig\u00eancia em 11 de julho de 2025 e t\u00e9rmino em 11 de julho de 2026, com carga hor\u00e1ria entre 20 e 30 horas semanais, e dura\u00e7\u00e3o m\u00ednima de seis meses, podendo se estender por at\u00e9 dois anos.<\/p>\n\n\n\n<p>As \u00e1reas com maior n\u00famero de vagas s\u00e3o:<\/p>\n\n\n\n<ul class=\"wp-block-list\">\n<li>T\u00e9cnico em Enfermagem: 500 vagas<\/li>\n\n\n\n<li>Enfermagem (superior): 50 vagas<\/li>\n\n\n\n<li>Odontologia: 30 vagas<\/li>\n\n\n\n<li>Psicologia: 25 vagas<\/li>\n\n\n\n<li>Servi\u00e7o Social: 20 vagas<\/li>\n\n\n\n<li>Educa\u00e7\u00e3o F\u00edsica, Nutri\u00e7\u00e3o, Farm\u00e1cia e Medicina: 10 vagas cada<\/li>\n<\/ul>\n\n\n\n<p>Outras \u00e1reas contempladas incluem: Radiologia, Arquitetura, Engenharia Ambiental, Administra\u00e7\u00e3o, Biblioteconomia, Museologia, Meteorologia, T\u00e9cnico em Constru\u00e7\u00e3o Civil, entre outras.<\/p>\n\n\n\n<p>A classifica\u00e7\u00e3o ser\u00e1 feita com base na maior m\u00e9dia ponderada (CR) do estudante. Em caso de empate, ser\u00e3o considerados:<\/p>\n\n\n\n<ol class=\"wp-block-list\">\n<li>O semestre\/ano mais avan\u00e7ado do curso;<\/li>\n\n\n\n<li>Maior idade;<\/li>\n\n\n\n<li>Proximidade entre o local de est\u00e1gio e o endere\u00e7o do aluno.<\/li>\n<\/ol>\n\n\n\n<p>As secretarias demandantes poder\u00e3o ainda convocar os estudantes para entrevistas de car\u00e1ter eliminat\u00f3rio. Os documentos obrigat\u00f3rios na admiss\u00e3o s\u00e3o RG e CPF, comprovante de resid\u00eancia, hist\u00f3rico escolar e atestado de frequ\u00eancia, plano de est\u00e1gio ou declara\u00e7\u00e3o da institui\u00e7\u00e3o, ap\u00f3lice de seguro, documenta\u00e7\u00e3o vacinal (\u00e1rea da sa\u00fade) e CID (para pessoas com defici\u00eancia). Ser\u00e1 disponibilizado o percentual de 10% das vagas para pessoas com defici\u00eancia.<\/p>\n\n\n\n<p>Institui\u00e7\u00f5es de ensino credenciadas devem inscrever os estudantes diretamente na plataforma e ser\u00e3o respons\u00e1veis pelos dados cadastrados. D\u00favidas devem ser encaminhadas para o e-mail:\u00a0<a rel=\"noreferrer noopener\" href=\"mailto:selecaoestagiarios@itaborai.rj.gov.br\" target=\"_blank\">selecaoestagiarios@itaborai.rj.gov.br<\/a>.<\/p>\n\n\n\n<p><strong><em>S\u00e3o Gon\u00e7alo vai mudar: Not\u00edcias de S\u00e3o Gon\u00e7alo e toda regi\u00e3o.<\/em><\/strong><\/p>\n\n\n\n<figure class=\"wp-block-image size-large\"><img decoding=\"async\" width=\"1024\" height=\"252\" src=\"https:\/\/sgvaimudar.com.br\/wp-content\/uploads\/2025\/03\/Anuncie-Aqui-Sao-Goncalo-vai-mudar-1024x252.jpg\" alt=\"\" class=\"wp-image-22693\" srcset=\"https:\/\/sgvaimudar.com.br\/wp-content\/uploads\/2025\/03\/Anuncie-Aqui-Sao-Goncalo-vai-mudar-1024x252.jpg 1024w, https:\/\/sgvaimudar.com.br\/wp-content\/uploads\/2025\/03\/Anuncie-Aqui-Sao-Goncalo-vai-mudar-300x74.jpg 300w, https:\/\/sgvaimudar.com.br\/wp-content\/uploads\/2025\/03\/Anuncie-Aqui-Sao-Goncalo-vai-mudar-768x189.jpg 768w, https:\/\/sgvaimudar.com.br\/wp-content\/uploads\/2025\/03\/Anuncie-Aqui-Sao-Goncalo-vai-mudar-1536x378.jpg 1536w, https:\/\/sgvaimudar.com.br\/wp-content\/uploads\/2025\/03\/Anuncie-Aqui-Sao-Goncalo-vai-mudar-2048x504.jpg 2048w\" sizes=\"(max-width: 1024px) 100vw, 1024px\" \/><\/figure>\n","protected":false},"excerpt":{"rendered":"<p>A Prefeitura de Itabora\u00ed abriu, nesta segunda-feira (14\/07), as inscri\u00e7\u00f5es para o Programa de Est\u00e1gio Itabora\u00ed 2025\/2026 \u2013 IV, destinado&hellip;<\/p>\n","protected":false},"author":5,"featured_media":18660,"comment_status":"open","ping_status":"open","sticky":false,"template":"","format":"standard","meta":{"fifu_image_url":"","fifu_image_alt":"","footnotes":""},"categories":[3],"tags":[47],"class_list":["post-28221","post","type-post","status-publish","format-standard","has-post-thumbnail","hentry","category-sao-goncalo","tag-rj"],"_links":{"self":[{"href":"https:\/\/sgvaimudar.com.br\/index.php\/wp-json\/wp\/v2\/posts\/28221","targetHints":{"allow":["GET"]}}],"collection":[{"href":"https:\/\/sgvaimudar.com.br\/index.php\/wp-json\/wp\/v2\/posts"}],"about":[{"href":"https:\/\/sgvaimudar.com.br\/index.php\/wp-json\/wp\/v2\/types\/post"}],"author":[{"embeddable":true,"href":"https:\/\/sgvaimudar.com.br\/index.php\/wp-json\/wp\/v2\/users\/5"}],"replies":[{"embeddable":true,"href":"https:\/\/sgvaimudar.com.br\/index.php\/wp-json\/wp\/v2\/comments?post=28221"}],"version-history":[{"count":1,"href":"https:\/\/sgvaimudar.com.br\/index.php\/wp-json\/wp\/v2\/posts\/28221\/revisions"}],"predecessor-version":[{"id":28223,"href":"https:\/\/sgvaimudar.com.br\/index.php\/wp-json\/wp\/v2\/posts\/28221\/revisions\/28223"}],"wp:featuredmedia":[{"embeddable":true,"href":"https:\/\/sgvaimudar.com.br\/index.php\/wp-json\/wp\/v2\/media\/18660"}],"wp:attachment":[{"href":"https:\/\/sgvaimudar.com.br\/index.php\/wp-json\/wp\/v2\/media?parent=28221"}],"wp:term":[{"taxonomy":"category","embeddable":true,"href":"https:\/\/sgvaimudar.com.br\/index.php\/wp-json\/wp\/v2\/categories?post=28221"},{"taxonomy":"post_tag","embeddable":true,"href":"https:\/\/sgvaimudar.com.br\/index.php\/wp-json\/wp\/v2\/tags?post=28221"}],"curies":[{"name":"wp","href":"https:\/\/api.w.org\/{rel}","templated":true}]}}