{"id":28090,"date":"2025-07-16T15:00:00","date_gmt":"2025-07-16T18:00:00","guid":{"rendered":"https:\/\/sgvaimudar.com.br\/?p=28090"},"modified":"2025-07-16T09:58:43","modified_gmt":"2025-07-16T12:58:43","slug":"itaborai-participa-da-campanha-nacional-um-dia-no-parque-com-programacao-especial-no-parque-paleontologico","status":"publish","type":"post","link":"https:\/\/sgvaimudar.com.br\/index.php\/2025\/07\/16\/itaborai-participa-da-campanha-nacional-um-dia-no-parque-com-programacao-especial-no-parque-paleontologico\/","title":{"rendered":"Itabora\u00ed participa da campanha nacional \u2018Um Dia no Parque\u2019 com programa\u00e7\u00e3o especial no Parque Paleontol\u00f3gico"},"content":{"rendered":"\n<p>Os itaboraienses e visitantes v\u00e3o ganhar no pr\u00f3ximo domingo (20\/07), das 9h \u00e0s 12h, uma programa\u00e7\u00e3o especial no Parque Natural Municipal Paleontol\u00f3gico de S\u00e3o Jos\u00e9 de Itabora\u00ed (PNMPSJI), em ades\u00e3o \u00e0 campanha nacional \u2018Um Dia no Parque\u2019. A iniciativa \u00e9 promovida pela Rede Pr\u00f3-Unidades de Conserva\u00e7\u00e3o e coordenada nacionalmente pela Coaliz\u00e3o Pr\u00f3-UCs (Unidades de Conserva\u00e7\u00e3o), com o tema: \u201cProtegendo o que nos conecta\u201d.<\/p>\n\n\n\n<figure class=\"wp-block-image size-large\"><img fetchpriority=\"high\" decoding=\"async\" width=\"1024\" height=\"768\" src=\"https:\/\/sgvaimudar.com.br\/wp-content\/uploads\/2025\/07\/Itaborai-participa-da-campanha-nacional-\u2018Um-Dia-no-Parque-com-programacao-especial-no-Parque-Paleontologico-1024x768.jpeg\" alt=\"\" class=\"wp-image-28091\" srcset=\"https:\/\/sgvaimudar.com.br\/wp-content\/uploads\/2025\/07\/Itaborai-participa-da-campanha-nacional-\u2018Um-Dia-no-Parque-com-programacao-especial-no-Parque-Paleontologico-1024x768.jpeg 1024w, https:\/\/sgvaimudar.com.br\/wp-content\/uploads\/2025\/07\/Itaborai-participa-da-campanha-nacional-\u2018Um-Dia-no-Parque-com-programacao-especial-no-Parque-Paleontologico-300x225.jpeg 300w, https:\/\/sgvaimudar.com.br\/wp-content\/uploads\/2025\/07\/Itaborai-participa-da-campanha-nacional-\u2018Um-Dia-no-Parque-com-programacao-especial-no-Parque-Paleontologico-768x576.jpeg 768w, https:\/\/sgvaimudar.com.br\/wp-content\/uploads\/2025\/07\/Itaborai-participa-da-campanha-nacional-\u2018Um-Dia-no-Parque-com-programacao-especial-no-Parque-Paleontologico-1536x1152.jpeg 1536w, https:\/\/sgvaimudar.com.br\/wp-content\/uploads\/2025\/07\/Itaborai-participa-da-campanha-nacional-\u2018Um-Dia-no-Parque-com-programacao-especial-no-Parque-Paleontologico.jpeg 1600w\" sizes=\"(max-width: 1024px) 100vw, 1024px\" \/><\/figure>\n\n\n\n<p>Com participa\u00e7\u00e3o gratuita, a a\u00e7\u00e3o tem como objetivo valorizar as \u00e1reas protegidas do pa\u00eds e sensibilizar a popula\u00e7\u00e3o sobre a import\u00e2ncia da conserva\u00e7\u00e3o da natureza. Em Itabora\u00ed, a programa\u00e7\u00e3o inclui:<\/p>\n\n\n\n<p>-Trilha paleontol\u00f3gica guiada (para todos os p\u00fablicos): uma caminhada leve de 1h pelas trilhas do parque, onde \u00e9 poss\u00edvel observar rochas sedimentares, \u00edgneas e metam\u00f3rficas, al\u00e9m de f\u00f3sseis de aproximadamente 57 milh\u00f5es de anos, em uma experi\u00eancia imersiva na natureza;<br>-Visita guiada ao museu do parque, com exposi\u00e7\u00f5es sobre a hist\u00f3ria natural da regi\u00e3o;<br>-Plantio de mudas de esp\u00e9cies nativas da Mata Atl\u00e2ntica, refor\u00e7ando o compromisso local com a restaura\u00e7\u00e3o ambiental.<\/p>\n\n\n\n<p>De acordo com a secret\u00e1ria municipal de Meio Ambiente e Urbanismo, Alyne Saldanha, a atividade refor\u00e7a o compromisso do munic\u00edpio com a educa\u00e7\u00e3o ambiental e o incentivo ao contato direto com a biodiversidade local.<\/p>\n\n\n\n<p>\u201cEstamos muito felizes em fazer parte dessa campanha nacional. O Parque Natural Municipal \u00e9 um espa\u00e7o de aprendizado, lazer e preserva\u00e7\u00e3o. Convidamos a popula\u00e7\u00e3o a viver essa experi\u00eancia e conhecer de perto a nossa hist\u00f3ria geol\u00f3gica e natural\u201d, expressou a secret\u00e1ria.<\/p>\n\n\n\n<p>Vale\u00a0destacar que a campanha \u2018Um Dia no Parque\u2019 acontecer\u00e1 simultaneamente em diversas Unidades de Conserva\u00e7\u00e3o do Brasil, mobilizando milhares de pessoas em prol da natureza.<\/p>\n\n\n\n<p>Quem vai realizar o evento \u00e9 a Prefeitura de Itabora\u00ed, por meio das secretarias municipais de Meio Ambiente e Urbanismo (Semau), Esporte e Lazer (Semel), e Turismo e Eventos (Semtur).<\/p>\n\n\n\n<p><strong>Servi\u00e7o<\/strong><\/p>\n\n\n\n<p>Um Dia no Parque \u2013 Protegendo o que nos conecta<br><strong>Data:<\/strong>\u00a020 de julho<br><strong>Hor\u00e1rio:<\/strong>\u00a0das 9h \u00e0s 12h<br><strong>Local:<\/strong>\u00a0Parque Natural Municipal Paleontol\u00f3gico de S\u00e3o Jos\u00e9 de Itabora\u00ed (PNMPSJI) &#8211; Rua Jos\u00e9 de Almeida, em S\u00e3o Jos\u00e9.<br>Evento Gratuito.<\/p>\n\n\n\n<p><strong><em>S\u00e3o Gon\u00e7alo vai mudar: Not\u00edcias de S\u00e3o Gon\u00e7alo e toda regi\u00e3o.<\/em><\/strong><\/p>\n\n\n\n<figure class=\"wp-block-image size-large\"><img decoding=\"async\" width=\"1024\" height=\"252\" src=\"https:\/\/sgvaimudar.com.br\/wp-content\/uploads\/2025\/03\/Anuncie-Aqui-Sao-Goncalo-vai-mudar-1024x252.jpg\" alt=\"\" class=\"wp-image-22693\" srcset=\"https:\/\/sgvaimudar.com.br\/wp-content\/uploads\/2025\/03\/Anuncie-Aqui-Sao-Goncalo-vai-mudar-1024x252.jpg 1024w, https:\/\/sgvaimudar.com.br\/wp-content\/uploads\/2025\/03\/Anuncie-Aqui-Sao-Goncalo-vai-mudar-300x74.jpg 300w, https:\/\/sgvaimudar.com.br\/wp-content\/uploads\/2025\/03\/Anuncie-Aqui-Sao-Goncalo-vai-mudar-768x189.jpg 768w, https:\/\/sgvaimudar.com.br\/wp-content\/uploads\/2025\/03\/Anuncie-Aqui-Sao-Goncalo-vai-mudar-1536x378.jpg 1536w, https:\/\/sgvaimudar.com.br\/wp-content\/uploads\/2025\/03\/Anuncie-Aqui-Sao-Goncalo-vai-mudar-2048x504.jpg 2048w\" sizes=\"(max-width: 1024px) 100vw, 1024px\" \/><\/figure>\n","protected":false},"excerpt":{"rendered":"<p>Os itaboraienses e visitantes v\u00e3o ganhar no pr\u00f3ximo domingo (20\/07), das 9h \u00e0s 12h, uma programa\u00e7\u00e3o especial no Parque Natural&hellip;<\/p>\n","protected":false},"author":5,"featured_media":28092,"comment_status":"open","ping_status":"open","sticky":false,"template":"","format":"standard","meta":{"fifu_image_url":"","fifu_image_alt":"","footnotes":""},"categories":[6],"tags":[47],"class_list":["post-28090","post","type-post","status-publish","format-standard","has-post-thumbnail","hentry","category-entretenimento","tag-rj"],"_links":{"self":[{"href":"https:\/\/sgvaimudar.com.br\/index.php\/wp-json\/wp\/v2\/posts\/28090","targetHints":{"allow":["GET"]}}],"collection":[{"href":"https:\/\/sgvaimudar.com.br\/index.php\/wp-json\/wp\/v2\/posts"}],"about":[{"href":"https:\/\/sgvaimudar.com.br\/index.php\/wp-json\/wp\/v2\/types\/post"}],"author":[{"embeddable":true,"href":"https:\/\/sgvaimudar.com.br\/index.php\/wp-json\/wp\/v2\/users\/5"}],"replies":[{"embeddable":true,"href":"https:\/\/sgvaimudar.com.br\/index.php\/wp-json\/wp\/v2\/comments?post=28090"}],"version-history":[{"count":1,"href":"https:\/\/sgvaimudar.com.br\/index.php\/wp-json\/wp\/v2\/posts\/28090\/revisions"}],"predecessor-version":[{"id":28093,"href":"https:\/\/sgvaimudar.com.br\/index.php\/wp-json\/wp\/v2\/posts\/28090\/revisions\/28093"}],"wp:featuredmedia":[{"embeddable":true,"href":"https:\/\/sgvaimudar.com.br\/index.php\/wp-json\/wp\/v2\/media\/28092"}],"wp:attachment":[{"href":"https:\/\/sgvaimudar.com.br\/index.php\/wp-json\/wp\/v2\/media?parent=28090"}],"wp:term":[{"taxonomy":"category","embeddable":true,"href":"https:\/\/sgvaimudar.com.br\/index.php\/wp-json\/wp\/v2\/categories?post=28090"},{"taxonomy":"post_tag","embeddable":true,"href":"https:\/\/sgvaimudar.com.br\/index.php\/wp-json\/wp\/v2\/tags?post=28090"}],"curies":[{"name":"wp","href":"https:\/\/api.w.org\/{rel}","templated":true}]}}