{"id":28088,"date":"2025-07-16T14:00:00","date_gmt":"2025-07-16T17:00:00","guid":{"rendered":"https:\/\/sgvaimudar.com.br\/?p=28088"},"modified":"2025-07-16T09:51:45","modified_gmt":"2025-07-16T12:51:45","slug":"claudio-castro-destaca-medidas-ja-adotadas-pelo-estado-durante-reuniao-com-comite-que-monitora-o-cumprimento-das-operacoes-nas-favelas","status":"publish","type":"post","link":"https:\/\/sgvaimudar.com.br\/index.php\/2025\/07\/16\/claudio-castro-destaca-medidas-ja-adotadas-pelo-estado-durante-reuniao-com-comite-que-monitora-o-cumprimento-das-operacoes-nas-favelas\/","title":{"rendered":"Cl\u00e1udio Castro destaca medidas j\u00e1 adotadas pelo Estado durante reuni\u00e3o com comit\u00ea que monitora o cumprimento das opera\u00e7\u00f5es nas favelas"},"content":{"rendered":"\n<p><em>Encontro foi realizado no Minist\u00e9rio P\u00fablico do Rio e reuniu representantes do Estado, da Uni\u00e3o e da sociedade civil<\/em><\/p>\n\n\n\n<p>O governador Cl\u00e1udio Castro destacou, durante reuni\u00e3o no Minist\u00e9rio P\u00fablico Estadual nesta ter\u00e7a-feira (15\/07), que j\u00e1 est\u00e3o sendo desenvolvidas v\u00e1rias a\u00e7\u00f5es de acordo com o estabelecido pelo Supremo Tribunal Federal dentro da \u00a0A\u00e7\u00e3o de Descumprimento de Preceito Fundamental\u00a0(ADPF) 635. \u00c9 o caso, por exemplo, do plano para retomada de territ\u00f3rios. <\/p>\n\n\n\n<p>No encontro com o comit\u00ea independente criado para monitorar o cumprimento das medidas, estavam presentes o procurador-geral de Justi\u00e7a do Rio, Antonio Jos\u00e9 Campos Moreira, e o presidente do comit\u00ea, o conselheiro do Conselho Nacional do Minist\u00e9rio P\u00fablico Ant\u00f4nio Ed\u00edlio Magalh\u00e3es Teixeira.<\/p>\n\n\n\n<p>&#8211; Nosso trabalho j\u00e1 come\u00e7ou, com metodologia e pesquisa. H\u00e1 um excelente di\u00e1logo do Governo do Estado com o Minist\u00e9rio P\u00fablico e o Tribunal de Justi\u00e7a e ser\u00e1 importante chancelar com esse comit\u00ea se o que estamos fazendo est\u00e1 dentro das diretrizes do STF, j\u00e1 que o Estado \u00e9 o executor dessa pol\u00edtica p\u00fablica \u2013 disse Cl\u00e1udio Castro.<\/p>\n\n\n\n<p>O procurador-geral de Justi\u00e7a, Antonio Jos\u00e9 Campos Moreira, enfatizou o car\u00e1ter independente do comit\u00ea, bem como a visita institucional do governador Cl\u00e1udio Castro para apresentar os trabalhos realizados pelo estado. J\u00e1 o conselheiro Ant\u00f4nio Ed\u00edlio Magalh\u00e3es Teixeira fez quest\u00e3o de destacar a import\u00e2ncia do trabalho conjunto das institui\u00e7\u00f5es:<\/p>\n\n\n\n<p>&#8211; A palavra chave para enfrentar problemas complexos \u00e9 integra\u00e7\u00e3o. A visita do governador Cl\u00e1udio Castro traz uma carga simb\u00f3lica de que todos v\u00e3o caminhar juntos para cumprir a decis\u00e3o do Supremo Tribunal Federal.<\/p>\n\n\n\n<p><strong><em>S\u00e3o Gon\u00e7alo vai mudar: Not\u00edcias de S\u00e3o Gon\u00e7alo e toda regi\u00e3o.<\/em><\/strong><\/p>\n\n\n\n<figure class=\"wp-block-image size-large\"><img fetchpriority=\"high\" decoding=\"async\" width=\"1024\" height=\"252\" src=\"https:\/\/sgvaimudar.com.br\/wp-content\/uploads\/2025\/03\/Anuncie-Aqui-Sao-Goncalo-vai-mudar-1024x252.jpg\" alt=\"\" class=\"wp-image-22693\" srcset=\"https:\/\/sgvaimudar.com.br\/wp-content\/uploads\/2025\/03\/Anuncie-Aqui-Sao-Goncalo-vai-mudar-1024x252.jpg 1024w, https:\/\/sgvaimudar.com.br\/wp-content\/uploads\/2025\/03\/Anuncie-Aqui-Sao-Goncalo-vai-mudar-300x74.jpg 300w, https:\/\/sgvaimudar.com.br\/wp-content\/uploads\/2025\/03\/Anuncie-Aqui-Sao-Goncalo-vai-mudar-768x189.jpg 768w, https:\/\/sgvaimudar.com.br\/wp-content\/uploads\/2025\/03\/Anuncie-Aqui-Sao-Goncalo-vai-mudar-1536x378.jpg 1536w, https:\/\/sgvaimudar.com.br\/wp-content\/uploads\/2025\/03\/Anuncie-Aqui-Sao-Goncalo-vai-mudar-2048x504.jpg 2048w\" sizes=\"(max-width: 1024px) 100vw, 1024px\" \/><\/figure>\n","protected":false},"excerpt":{"rendered":"<p>Encontro foi realizado no Minist\u00e9rio P\u00fablico do Rio e reuniu representantes do Estado, da Uni\u00e3o e da sociedade civil O&hellip;<\/p>\n","protected":false},"author":5,"featured_media":5707,"comment_status":"open","ping_status":"open","sticky":false,"template":"","format":"standard","meta":{"fifu_image_url":"","fifu_image_alt":"","footnotes":""},"categories":[32],"tags":[39,41,40,47],"class_list":["post-28088","post","type-post","status-publish","format-standard","has-post-thumbnail","hentry","category-casos-de-policia","tag-ataque","tag-conflito","tag-guerra","tag-rj"],"_links":{"self":[{"href":"https:\/\/sgvaimudar.com.br\/index.php\/wp-json\/wp\/v2\/posts\/28088","targetHints":{"allow":["GET"]}}],"collection":[{"href":"https:\/\/sgvaimudar.com.br\/index.php\/wp-json\/wp\/v2\/posts"}],"about":[{"href":"https:\/\/sgvaimudar.com.br\/index.php\/wp-json\/wp\/v2\/types\/post"}],"author":[{"embeddable":true,"href":"https:\/\/sgvaimudar.com.br\/index.php\/wp-json\/wp\/v2\/users\/5"}],"replies":[{"embeddable":true,"href":"https:\/\/sgvaimudar.com.br\/index.php\/wp-json\/wp\/v2\/comments?post=28088"}],"version-history":[{"count":1,"href":"https:\/\/sgvaimudar.com.br\/index.php\/wp-json\/wp\/v2\/posts\/28088\/revisions"}],"predecessor-version":[{"id":28089,"href":"https:\/\/sgvaimudar.com.br\/index.php\/wp-json\/wp\/v2\/posts\/28088\/revisions\/28089"}],"wp:featuredmedia":[{"embeddable":true,"href":"https:\/\/sgvaimudar.com.br\/index.php\/wp-json\/wp\/v2\/media\/5707"}],"wp:attachment":[{"href":"https:\/\/sgvaimudar.com.br\/index.php\/wp-json\/wp\/v2\/media?parent=28088"}],"wp:term":[{"taxonomy":"category","embeddable":true,"href":"https:\/\/sgvaimudar.com.br\/index.php\/wp-json\/wp\/v2\/categories?post=28088"},{"taxonomy":"post_tag","embeddable":true,"href":"https:\/\/sgvaimudar.com.br\/index.php\/wp-json\/wp\/v2\/tags?post=28088"}],"curies":[{"name":"wp","href":"https:\/\/api.w.org\/{rel}","templated":true}]}}