{"id":28082,"date":"2025-07-16T13:00:00","date_gmt":"2025-07-16T16:00:00","guid":{"rendered":"https:\/\/sgvaimudar.com.br\/?p=28082"},"modified":"2025-07-16T09:42:26","modified_gmt":"2025-07-16T12:42:26","slug":"museu-de-brinquedos-tera-ingressos-a-r-5-durante-as-ferias-em-sao-goncalo","status":"publish","type":"post","link":"https:\/\/sgvaimudar.com.br\/index.php\/2025\/07\/16\/museu-de-brinquedos-tera-ingressos-a-r-5-durante-as-ferias-em-sao-goncalo\/","title":{"rendered":"Museu de brinquedos ter\u00e1 ingressos a R$ 5 durante as f\u00e9rias em S\u00e3o Gon\u00e7alo"},"content":{"rendered":"\n<p><em>Parceria com a Secretaria de Turismo e Cultura oferece programa\u00e7\u00e3o especial para crian\u00e7as e fam\u00edlias<\/em><\/p>\n\n\n\n<p>A Secretaria de Turismo e Cultura da Prefeitura de S\u00e3o Gon\u00e7alo firmou uma parceria com o Museu Rebobina para oferecer uma programa\u00e7\u00e3o acess\u00edvel e divertida durante o per\u00edodo de f\u00e9rias escolares. Entre os dias 19 e 31 de julho, os ingressos para visitar o museu custar\u00e3o R$ 5,00, um valor simb\u00f3lico que visa ampliar o acesso da popula\u00e7\u00e3o gon\u00e7alense \u00e0 cultura e ao lazer.<\/p>\n\n\n\n<figure class=\"wp-block-image size-full is-resized\"><img fetchpriority=\"high\" decoding=\"async\" width=\"462\" height=\"543\" src=\"https:\/\/sgvaimudar.com.br\/wp-content\/uploads\/2025\/07\/brinquedo2.jpg\" alt=\"\" class=\"wp-image-28085\" style=\"aspect-ratio:0.850828729281768;width:693px;height:auto\" srcset=\"https:\/\/sgvaimudar.com.br\/wp-content\/uploads\/2025\/07\/brinquedo2.jpg 462w, https:\/\/sgvaimudar.com.br\/wp-content\/uploads\/2025\/07\/brinquedo2-255x300.jpg 255w\" sizes=\"(max-width: 462px) 100vw, 462px\" \/><\/figure>\n\n\n\n<p>Localizado na Avenida Presidente Kennedy, 242, no Centro de S\u00e3o Gon\u00e7alo, o Museu Rebobina \u00e9 um espa\u00e7o cultural dedicado \u00e0 mem\u00f3ria afetiva dos brinquedos. O acervo re\u00fane pe\u00e7as que v\u00e3o desde os cl\u00e1ssicos das d\u00e9cadas de 1930 e 1940 at\u00e9 os maiores sucessos dos anos 1980, 1990 e 2000. O museu funciona de segunda a s\u00e1bado, das 10h \u00e0s 17h, e proporciona uma experi\u00eancia nost\u00e1lgica para todas as idades.<\/p>\n\n\n\n<figure class=\"wp-block-image size-full is-resized\"><img decoding=\"async\" width=\"462\" height=\"540\" src=\"https:\/\/sgvaimudar.com.br\/wp-content\/uploads\/2025\/07\/brinquedo1.jpg\" alt=\"\" class=\"wp-image-28084\" style=\"aspect-ratio:0.8555555555555555;width:693px;height:auto\" srcset=\"https:\/\/sgvaimudar.com.br\/wp-content\/uploads\/2025\/07\/brinquedo1.jpg 462w, https:\/\/sgvaimudar.com.br\/wp-content\/uploads\/2025\/07\/brinquedo1-257x300.jpg 257w\" sizes=\"(max-width: 462px) 100vw, 462px\" \/><\/figure>\n\n\n\n<p>A secret\u00e1ria de Turismo e Cultura, J\u00falia Sobreira, destaca a import\u00e2ncia da a\u00e7\u00e3o.<\/p>\n\n\n\n<p>\u201cEssa parceria com o Museu Rebobina nos permite democratizar o acesso \u00e0 cultura, principalmente em um per\u00edodo em que muitas fam\u00edlias buscam op\u00e7\u00f5es de lazer para as crian\u00e7as. Queremos valorizar os equipamentos culturais do munic\u00edpio e, ao mesmo tempo, proporcionar experi\u00eancias\u201d, afirmou J\u00falia.<\/p>\n\n\n\n<p><strong><em>S\u00e3o Gon\u00e7alo vai mudar: Not\u00edcias de S\u00e3o Gon\u00e7alo e toda regi\u00e3o.<\/em><\/strong><\/p>\n\n\n\n<figure class=\"wp-block-image size-large\"><img decoding=\"async\" width=\"1024\" height=\"252\" src=\"https:\/\/sgvaimudar.com.br\/wp-content\/uploads\/2025\/03\/Anuncie-Aqui-Sao-Goncalo-vai-mudar-1024x252.jpg\" alt=\"\" class=\"wp-image-22693\" srcset=\"https:\/\/sgvaimudar.com.br\/wp-content\/uploads\/2025\/03\/Anuncie-Aqui-Sao-Goncalo-vai-mudar-1024x252.jpg 1024w, https:\/\/sgvaimudar.com.br\/wp-content\/uploads\/2025\/03\/Anuncie-Aqui-Sao-Goncalo-vai-mudar-300x74.jpg 300w, https:\/\/sgvaimudar.com.br\/wp-content\/uploads\/2025\/03\/Anuncie-Aqui-Sao-Goncalo-vai-mudar-768x189.jpg 768w, https:\/\/sgvaimudar.com.br\/wp-content\/uploads\/2025\/03\/Anuncie-Aqui-Sao-Goncalo-vai-mudar-1536x378.jpg 1536w, https:\/\/sgvaimudar.com.br\/wp-content\/uploads\/2025\/03\/Anuncie-Aqui-Sao-Goncalo-vai-mudar-2048x504.jpg 2048w\" sizes=\"(max-width: 1024px) 100vw, 1024px\" \/><\/figure>\n","protected":false},"excerpt":{"rendered":"<p>Parceria com a Secretaria de Turismo e Cultura oferece programa\u00e7\u00e3o especial para crian\u00e7as e fam\u00edlias A Secretaria de Turismo e&hellip;<\/p>\n","protected":false},"author":5,"featured_media":28086,"comment_status":"open","ping_status":"open","sticky":false,"template":"","format":"standard","meta":{"fifu_image_url":"","fifu_image_alt":"","footnotes":""},"categories":[6],"tags":[47,75],"class_list":["post-28082","post","type-post","status-publish","format-standard","has-post-thumbnail","hentry","category-entretenimento","tag-rj","tag-sao-goncalo"],"_links":{"self":[{"href":"https:\/\/sgvaimudar.com.br\/index.php\/wp-json\/wp\/v2\/posts\/28082","targetHints":{"allow":["GET"]}}],"collection":[{"href":"https:\/\/sgvaimudar.com.br\/index.php\/wp-json\/wp\/v2\/posts"}],"about":[{"href":"https:\/\/sgvaimudar.com.br\/index.php\/wp-json\/wp\/v2\/types\/post"}],"author":[{"embeddable":true,"href":"https:\/\/sgvaimudar.com.br\/index.php\/wp-json\/wp\/v2\/users\/5"}],"replies":[{"embeddable":true,"href":"https:\/\/sgvaimudar.com.br\/index.php\/wp-json\/wp\/v2\/comments?post=28082"}],"version-history":[{"count":1,"href":"https:\/\/sgvaimudar.com.br\/index.php\/wp-json\/wp\/v2\/posts\/28082\/revisions"}],"predecessor-version":[{"id":28087,"href":"https:\/\/sgvaimudar.com.br\/index.php\/wp-json\/wp\/v2\/posts\/28082\/revisions\/28087"}],"wp:featuredmedia":[{"embeddable":true,"href":"https:\/\/sgvaimudar.com.br\/index.php\/wp-json\/wp\/v2\/media\/28086"}],"wp:attachment":[{"href":"https:\/\/sgvaimudar.com.br\/index.php\/wp-json\/wp\/v2\/media?parent=28082"}],"wp:term":[{"taxonomy":"category","embeddable":true,"href":"https:\/\/sgvaimudar.com.br\/index.php\/wp-json\/wp\/v2\/categories?post=28082"},{"taxonomy":"post_tag","embeddable":true,"href":"https:\/\/sgvaimudar.com.br\/index.php\/wp-json\/wp\/v2\/tags?post=28082"}],"curies":[{"name":"wp","href":"https:\/\/api.w.org\/{rel}","templated":true}]}}