{"id":28075,"date":"2025-07-16T12:00:00","date_gmt":"2025-07-16T15:00:00","guid":{"rendered":"https:\/\/sgvaimudar.com.br\/?p=28075"},"modified":"2025-07-16T09:02:51","modified_gmt":"2025-07-16T12:02:51","slug":"campanha-do-agasalho-chega-ao-patio-alcantara","status":"publish","type":"post","link":"https:\/\/sgvaimudar.com.br\/index.php\/2025\/07\/16\/campanha-do-agasalho-chega-ao-patio-alcantara\/","title":{"rendered":"Campanha do Agasalho chega ao P\u00e1tio Alc\u00e2ntara"},"content":{"rendered":"\n<p><em>Gon\u00e7alenses podem doar itens de inverno para pessoas em situa\u00e7\u00e3o de vulnerabilidade social<\/em><\/p>\n\n\n\n<p>O Shopping P\u00e1tio Alc\u00e2ntara, que fica na Pra\u00e7a Carlos Gianelli, aderiu \u00e0 Campanha do Agasalho. A iniciativa da Secretaria de Assist\u00eancia Social da Prefeitura de S\u00e3o Gon\u00e7alo visa arrecadar doa\u00e7\u00f5es de itens de inverno para aquecer e proteger pessoas em situa\u00e7\u00e3o de vulnerabilidade social nesses dias de frio.<\/p>\n\n\n\n<p>A caixa para doa\u00e7\u00e3o no P\u00e1tio est\u00e1 localizada em frente aos elevadores, no t\u00e9rreo.<\/p>\n\n\n\n<p>Desde o in\u00edcio do m\u00eas, a Campanha do Agasalho est\u00e1 em vigor em outros locais como no Cras de Vista Alegre, Partage Shopping, no Centro, e na sede da Secretaria de Assist\u00eancia Social, na Venda da Cruz.<\/p>\n\n\n\n<p>Para contribuir, a popula\u00e7\u00e3o pode ir at\u00e9 um dos pontos e colocar na caixa de doa\u00e7\u00e3o itens de inverno, como roupas, meias, toucas e cachec\u00f3is, cobertores e mantas, desde que estejam em bom estado de conserva\u00e7\u00e3o. Pe\u00e7as rasgadas, sujas ou danificadas n\u00e3o s\u00e3o adequadas para distribui\u00e7\u00e3o.<\/p>\n\n\n\n<p>Cabe lembrar que o Centro de Acolhimento Social Gon\u00e7alense (CASG), em Vista Alegre, recebe, durante todo o ano, doa\u00e7\u00f5es para pessoas em vulnerabilidade social e em situa\u00e7\u00e3o de rua e oferece servi\u00e7os de acolhimento para homens de 18 a 59 anos. J\u00e1 as mulheres podem ser atendidas na Associa\u00e7\u00e3o Santa Rita de C\u00e1ssia, no Miriambi.<\/p>\n\n\n\n<p><em>Fotos: Renan Otto<\/em><\/p>\n\n\n\n<p><strong><em>S\u00e3o Gon\u00e7alo vai mudar: Not\u00edcias de S\u00e3o Gon\u00e7alo e toda regi\u00e3o.<\/em><\/strong><\/p>\n\n\n\n<figure class=\"wp-block-image size-large\"><img fetchpriority=\"high\" decoding=\"async\" width=\"1024\" height=\"252\" src=\"https:\/\/sgvaimudar.com.br\/wp-content\/uploads\/2025\/03\/Anuncie-Aqui-Sao-Goncalo-vai-mudar-1024x252.jpg\" alt=\"\" class=\"wp-image-22693\" srcset=\"https:\/\/sgvaimudar.com.br\/wp-content\/uploads\/2025\/03\/Anuncie-Aqui-Sao-Goncalo-vai-mudar-1024x252.jpg 1024w, https:\/\/sgvaimudar.com.br\/wp-content\/uploads\/2025\/03\/Anuncie-Aqui-Sao-Goncalo-vai-mudar-300x74.jpg 300w, https:\/\/sgvaimudar.com.br\/wp-content\/uploads\/2025\/03\/Anuncie-Aqui-Sao-Goncalo-vai-mudar-768x189.jpg 768w, https:\/\/sgvaimudar.com.br\/wp-content\/uploads\/2025\/03\/Anuncie-Aqui-Sao-Goncalo-vai-mudar-1536x378.jpg 1536w, https:\/\/sgvaimudar.com.br\/wp-content\/uploads\/2025\/03\/Anuncie-Aqui-Sao-Goncalo-vai-mudar-2048x504.jpg 2048w\" sizes=\"(max-width: 1024px) 100vw, 1024px\" \/><\/figure>\n","protected":false},"excerpt":{"rendered":"<p>Gon\u00e7alenses podem doar itens de inverno para pessoas em situa\u00e7\u00e3o de vulnerabilidade social O Shopping P\u00e1tio Alc\u00e2ntara, que fica na&hellip;<\/p>\n","protected":false},"author":5,"featured_media":28076,"comment_status":"open","ping_status":"open","sticky":false,"template":"","format":"standard","meta":{"fifu_image_url":"","fifu_image_alt":"","footnotes":""},"categories":[3],"tags":[47,75],"class_list":["post-28075","post","type-post","status-publish","format-standard","has-post-thumbnail","hentry","category-sao-goncalo","tag-rj","tag-sao-goncalo"],"_links":{"self":[{"href":"https:\/\/sgvaimudar.com.br\/index.php\/wp-json\/wp\/v2\/posts\/28075","targetHints":{"allow":["GET"]}}],"collection":[{"href":"https:\/\/sgvaimudar.com.br\/index.php\/wp-json\/wp\/v2\/posts"}],"about":[{"href":"https:\/\/sgvaimudar.com.br\/index.php\/wp-json\/wp\/v2\/types\/post"}],"author":[{"embeddable":true,"href":"https:\/\/sgvaimudar.com.br\/index.php\/wp-json\/wp\/v2\/users\/5"}],"replies":[{"embeddable":true,"href":"https:\/\/sgvaimudar.com.br\/index.php\/wp-json\/wp\/v2\/comments?post=28075"}],"version-history":[{"count":1,"href":"https:\/\/sgvaimudar.com.br\/index.php\/wp-json\/wp\/v2\/posts\/28075\/revisions"}],"predecessor-version":[{"id":28077,"href":"https:\/\/sgvaimudar.com.br\/index.php\/wp-json\/wp\/v2\/posts\/28075\/revisions\/28077"}],"wp:featuredmedia":[{"embeddable":true,"href":"https:\/\/sgvaimudar.com.br\/index.php\/wp-json\/wp\/v2\/media\/28076"}],"wp:attachment":[{"href":"https:\/\/sgvaimudar.com.br\/index.php\/wp-json\/wp\/v2\/media?parent=28075"}],"wp:term":[{"taxonomy":"category","embeddable":true,"href":"https:\/\/sgvaimudar.com.br\/index.php\/wp-json\/wp\/v2\/categories?post=28075"},{"taxonomy":"post_tag","embeddable":true,"href":"https:\/\/sgvaimudar.com.br\/index.php\/wp-json\/wp\/v2\/tags?post=28075"}],"curies":[{"name":"wp","href":"https:\/\/api.w.org\/{rel}","templated":true}]}}