{"id":28071,"date":"2025-07-16T11:00:00","date_gmt":"2025-07-16T14:00:00","guid":{"rendered":"https:\/\/sgvaimudar.com.br\/?p=28071"},"modified":"2025-07-16T08:58:20","modified_gmt":"2025-07-16T11:58:20","slug":"prefeitura-faz-levantamento-do-mercado-de-moda-e-confeccao-para-conhecer-demandas-do-setor","status":"publish","type":"post","link":"https:\/\/sgvaimudar.com.br\/index.php\/2025\/07\/16\/prefeitura-faz-levantamento-do-mercado-de-moda-e-confeccao-para-conhecer-demandas-do-setor\/","title":{"rendered":"Prefeitura faz levantamento do mercado de moda e confec\u00e7\u00e3o para conhecer demandas do setor"},"content":{"rendered":"\n<p><em>Objetivo do cadastramento tamb\u00e9m \u00e9 oferecer pol\u00edticas p\u00fablicas que beneficiem os profissionais da \u00e1rea<\/em><\/p>\n\n\n\n<p>Os profissionais que atuam com moda e confec\u00e7\u00e3o no munic\u00edpio de S\u00e3o Gon\u00e7alo est\u00e3o convidados a realizar, a partir desta ter\u00e7a-feira (15), o cadastramento junto \u00e0 Secretaria de Desenvolvimento Econ\u00f4mico da Prefeitura de S\u00e3o Gon\u00e7alo. Eles podem realizar o procedimento ao responder um formul\u00e1rio online que est\u00e1 dispon\u00edvel no link:&nbsp;<a href=\"https:\/\/click.cse360.com.br\/Click\/AddCampaignEmailClick\/9703272f-ed68-4520-71f2-08ddc393d5c8\/https%253a%252f%252fforms.gle%252fCMd5YyPV8Y63V5ss9\/ac66966e-2b55-4484-fb2c-08dc491eed5f\/jornalistaws@gmail.com\/False\" rel=\"noreferrer noopener\" target=\"_blank\">https:\/\/forms.gle\/CMd5YyPV8Y63V5ss9<\/a>.<\/p>\n\n\n\n<p>O objetivo do cadastramento \u00e9 tra\u00e7ar um diagn\u00f3stico para entender as demandas, interesses e oportunidades desses profissionais com o objetivo de elaborar pol\u00edticas p\u00fablicas voltadas para o setor. <\/p>\n\n\n\n<p>Com a pesquisa, a pasta visa fomentar a cadeia produtiva da moda no munic\u00edpio e promover o desenvolvimento econ\u00f4mico local, al\u00e9m de entender a import\u00e2ncia de subsidiar pol\u00edticas p\u00fablicas voltadas \u00e0 capacita\u00e7\u00e3o, apoio produtivo e acesso a mercados; diagnosticar a cadeia produtiva da moda e confec\u00e7\u00e3o no munic\u00edpio; e entender o interesse p\u00fablico na cria\u00e7\u00e3o de espa\u00e7os coletivos de apoio ao setor.<\/p>\n\n\n\n<p>As a\u00e7\u00f5es a serem promovidas com base nos dados levantados poder\u00e3o incluir capacita\u00e7\u00e3o de gestores e colaboradores; promo\u00e7\u00e3o de cursos, treinamentos e oficinas; estrutura\u00e7\u00e3o de espa\u00e7os coletivos para forma\u00e7\u00e3o, produ\u00e7\u00e3o, exposi\u00e7\u00e3o e venda; apoio \u00e0 formaliza\u00e7\u00e3o, acesso ao cr\u00e9dito e articula\u00e7\u00e3o com compradores e prestadores de servi\u00e7os.<\/p>\n\n\n\n<p>Podem responder ao formul\u00e1rio eletr\u00f4nico representantes de empresas sediadas no munic\u00edpio, assim como cooperativas e projetos, atuantes nos seguintes segmentos: confec\u00e7\u00e3o de vestu\u00e1rio e uniformes; cal\u00e7ados, bolsas e acess\u00f3rios; bijuterias, joias e afins; t\u00eaxtil e mat\u00e9rias-primas; design, decora\u00e7\u00e3o e cria\u00e7\u00e3o; estamparia e outros servi\u00e7os; artesanato.<\/p>\n\n\n\n<p>&#8220;Esse formul\u00e1rio tem como objetivo fazer uma pesquisa atrav\u00e9s de um cadastramento dos empreendedores do setor de confec\u00e7\u00e3o de moda, de uniformes, artesanato, decora\u00e7\u00e3o e outros, para que possamos ter um diagn\u00f3stico preciso desse setor e poder oferecer pol\u00edticas p\u00fablicas que atendam \u00e0s demandas do desenvolvimento deles, entendendo suas necessidades&#8221;, afirmou o secret\u00e1rio Evanildo Barreto.<\/p>\n\n\n\n<p>O formul\u00e1rio eletr\u00f4nico estar\u00e1 dispon\u00edvel para preenchimento at\u00e9 15 de outubro de 2025 e poder\u00e1 ser acessado pelo link divulgado, solicitado por liga\u00e7\u00e3o ou mensagem de texto via aplicativo WhatsApp pelo n\u00famero: (21) 97436-1280.<\/p>\n\n\n\n<p>Vale destacar que as informa\u00e7\u00f5es coletadas ter\u00e3o car\u00e1ter sigiloso e ser\u00e3o utilizadas exclusivamente para fins de diagn\u00f3stico t\u00e9cnico, planejamento estrat\u00e9gico e proposi\u00e7\u00e3o de pol\u00edticas p\u00fablicas por parte da Secretaria de Desenvolvimento Econ\u00f4mico.<\/p>\n\n\n\n<p>Para esclarecimentos, suporte t\u00e9cnico e demais informa\u00e7\u00f5es sobre o cadastramento, os interessados poder\u00e3o entrar em contato com a Secretaria de Desenvolvimento Econ\u00f4mico por liga\u00e7\u00e3o ou mensagem de texto via aplicativo Whatsapp, exclusivamente pelo n\u00famero: (21) 97436-1280.<\/p>\n\n\n\n<p><em>Foto: Luiz Carvalho<\/em><\/p>\n\n\n\n<p><strong><em>S\u00e3o Gon\u00e7alo vai mudar: Not\u00edcias de S\u00e3o Gon\u00e7alo e toda regi\u00e3o.<\/em><\/strong><\/p>\n\n\n\n<figure class=\"wp-block-image size-large\"><img fetchpriority=\"high\" decoding=\"async\" width=\"1024\" height=\"252\" src=\"https:\/\/sgvaimudar.com.br\/wp-content\/uploads\/2025\/03\/Anuncie-Aqui-Sao-Goncalo-vai-mudar-1024x252.jpg\" alt=\"\" class=\"wp-image-22693\" srcset=\"https:\/\/sgvaimudar.com.br\/wp-content\/uploads\/2025\/03\/Anuncie-Aqui-Sao-Goncalo-vai-mudar-1024x252.jpg 1024w, https:\/\/sgvaimudar.com.br\/wp-content\/uploads\/2025\/03\/Anuncie-Aqui-Sao-Goncalo-vai-mudar-300x74.jpg 300w, https:\/\/sgvaimudar.com.br\/wp-content\/uploads\/2025\/03\/Anuncie-Aqui-Sao-Goncalo-vai-mudar-768x189.jpg 768w, https:\/\/sgvaimudar.com.br\/wp-content\/uploads\/2025\/03\/Anuncie-Aqui-Sao-Goncalo-vai-mudar-1536x378.jpg 1536w, https:\/\/sgvaimudar.com.br\/wp-content\/uploads\/2025\/03\/Anuncie-Aqui-Sao-Goncalo-vai-mudar-2048x504.jpg 2048w\" sizes=\"(max-width: 1024px) 100vw, 1024px\" \/><\/figure>\n","protected":false},"excerpt":{"rendered":"<p>Objetivo do cadastramento tamb\u00e9m \u00e9 oferecer pol\u00edticas p\u00fablicas que beneficiem os profissionais da \u00e1rea Os profissionais que atuam com moda&hellip;<\/p>\n","protected":false},"author":5,"featured_media":28073,"comment_status":"open","ping_status":"open","sticky":false,"template":"","format":"standard","meta":{"fifu_image_url":"","fifu_image_alt":"","footnotes":""},"categories":[3],"tags":[47,75],"class_list":["post-28071","post","type-post","status-publish","format-standard","has-post-thumbnail","hentry","category-sao-goncalo","tag-rj","tag-sao-goncalo"],"_links":{"self":[{"href":"https:\/\/sgvaimudar.com.br\/index.php\/wp-json\/wp\/v2\/posts\/28071","targetHints":{"allow":["GET"]}}],"collection":[{"href":"https:\/\/sgvaimudar.com.br\/index.php\/wp-json\/wp\/v2\/posts"}],"about":[{"href":"https:\/\/sgvaimudar.com.br\/index.php\/wp-json\/wp\/v2\/types\/post"}],"author":[{"embeddable":true,"href":"https:\/\/sgvaimudar.com.br\/index.php\/wp-json\/wp\/v2\/users\/5"}],"replies":[{"embeddable":true,"href":"https:\/\/sgvaimudar.com.br\/index.php\/wp-json\/wp\/v2\/comments?post=28071"}],"version-history":[{"count":1,"href":"https:\/\/sgvaimudar.com.br\/index.php\/wp-json\/wp\/v2\/posts\/28071\/revisions"}],"predecessor-version":[{"id":28074,"href":"https:\/\/sgvaimudar.com.br\/index.php\/wp-json\/wp\/v2\/posts\/28071\/revisions\/28074"}],"wp:featuredmedia":[{"embeddable":true,"href":"https:\/\/sgvaimudar.com.br\/index.php\/wp-json\/wp\/v2\/media\/28073"}],"wp:attachment":[{"href":"https:\/\/sgvaimudar.com.br\/index.php\/wp-json\/wp\/v2\/media?parent=28071"}],"wp:term":[{"taxonomy":"category","embeddable":true,"href":"https:\/\/sgvaimudar.com.br\/index.php\/wp-json\/wp\/v2\/categories?post=28071"},{"taxonomy":"post_tag","embeddable":true,"href":"https:\/\/sgvaimudar.com.br\/index.php\/wp-json\/wp\/v2\/tags?post=28071"}],"curies":[{"name":"wp","href":"https:\/\/api.w.org\/{rel}","templated":true}]}}