{"id":28067,"date":"2025-07-16T10:00:00","date_gmt":"2025-07-16T13:00:00","guid":{"rendered":"https:\/\/sgvaimudar.com.br\/?p=28067"},"modified":"2025-07-16T08:52:30","modified_gmt":"2025-07-16T11:52:30","slug":"obras-do-jardim-bom-retiro-ja-estao-70-concluidas","status":"publish","type":"post","link":"https:\/\/sgvaimudar.com.br\/index.php\/2025\/07\/16\/obras-do-jardim-bom-retiro-ja-estao-70-concluidas\/","title":{"rendered":"Obras do Jardim Bom Retiro j\u00e1 est\u00e3o 70% conclu\u00eddas"},"content":{"rendered":"\n<p><em>Interven\u00e7\u00f5es contam com a instala\u00e7\u00e3o de redes de drenagem, meio-fio e pavimenta\u00e7\u00e3o<\/em><\/p>\n\n\n\n<p>As obras que est\u00e3o sendo realizadas no Jardim Bom Retiro, o segundo maior bairro do munic\u00edpio em \u00e1rea, est\u00e3o 70% conclu\u00eddas. Com previs\u00e3o de conclus\u00e3o para este ano, as interven\u00e7\u00f5es est\u00e3o sendo feitas atrav\u00e9s de uma parceria do Governo do Estado, atrav\u00e9s da Secretaria das Cidades, com a Prefeitura de S\u00e3o Gon\u00e7alo. As obras incluem instala\u00e7\u00e3o de redes de drenagem, meio-fio e pavimenta\u00e7\u00e3o.<\/p>\n\n\n\n<p>Nesta ter\u00e7a-feira (15), as ruas Julio Castilho e Rubens Guimar\u00e3es estavam sendo preparadas para a pavimenta\u00e7\u00e3o.<\/p>\n\n\n\n<p>\u201cVer as obras transformando esse bairro \u00e9 de uma satisfa\u00e7\u00e3o enorme! O bairro antes n\u00e3o tinha asfalto, era s\u00f3 lama, as pessoas tinham dificuldade at\u00e9 de sair de casa para trabalhar, mas estamos mudando isso gra\u00e7as ao governador Cl\u00e1udio Castro e ao secret\u00e1rio Douglas Ruas\u201d, disse o prefeito Capit\u00e3o Nelson.<\/p>\n\n\n\n<figure class=\"wp-block-image size-large\"><img fetchpriority=\"high\" decoding=\"async\" width=\"1024\" height=\"683\" src=\"https:\/\/sgvaimudar.com.br\/wp-content\/uploads\/2025\/07\/unnamed-16-2-1024x683.jpg\" alt=\"\" class=\"wp-image-28068\" srcset=\"https:\/\/sgvaimudar.com.br\/wp-content\/uploads\/2025\/07\/unnamed-16-2-1024x683.jpg 1024w, https:\/\/sgvaimudar.com.br\/wp-content\/uploads\/2025\/07\/unnamed-16-2-300x200.jpg 300w, https:\/\/sgvaimudar.com.br\/wp-content\/uploads\/2025\/07\/unnamed-16-2-768x512.jpg 768w, https:\/\/sgvaimudar.com.br\/wp-content\/uploads\/2025\/07\/unnamed-16-2-1536x1024.jpg 1536w, https:\/\/sgvaimudar.com.br\/wp-content\/uploads\/2025\/07\/unnamed-16-2.jpg 1620w\" sizes=\"(max-width: 1024px) 100vw, 1024px\" \/><\/figure>\n\n\n\n<p>O projeto ir\u00e1 transformar 65 ruas do bairro, sendo que destas quase todas j\u00e1 receberam redes de drenagem, 45 ruas j\u00e1 possuem meio-fio e 25 foram pavimentadas. Est\u00e3o sendo investidos R$ 253 milh\u00f5es.<\/p>\n\n\n\n<p>\u201cAs obras no bairro Jardim Bom Retiro v\u00e3o transformar a din\u00e2mica urbana da regi\u00e3o. Com as obras executadas pela Secretaria das Cidades, atrav\u00e9s da parceria do governador Cl\u00e1udio Castro com o prefeito Capit\u00e3o Nelson, estamos levando aos moradores benef\u00edcios como mais mobilidade, dignidade e menos tempo no tr\u00e2nsito, gerando qualidade de vida para a popula\u00e7\u00e3o\u201d, afirmou o secret\u00e1rio de Estado das Cidades, Douglas Ruas.<\/p>\n\n\n\n<p>Diariamente, mais de 100 funcion\u00e1rios atuam nas obras que ir\u00e3o transformar a vida de mais de 20 mil pessoas. Uma das vidas que j\u00e1 est\u00e1 sendo impactada \u00e9 a do pedreiro Adriano Cruz Cordeiro, de 37 anos. Ele mora no bairro h\u00e1 29 anos e enxerga de perto as mudan\u00e7as proporcionadas pelas obras.<\/p>\n\n\n\n<p>&#8220;O que eu lembro daqui antes da obra \u00e9 que n\u00e3o tinha saneamento b\u00e1sico, a locomo\u00e7\u00e3o era prec\u00e1ria, eu mesmo achava que essa obra n\u00e3o ia acontecer, ia come\u00e7ar, mas n\u00e3o ia finalizar, ia parar. Gra\u00e7as a Deus, a obra est\u00e1 andando e est\u00e1 ficando legal! Eu lembro que para os carros era dif\u00edcil de trafegar, eu mesmo j\u00e1 fui para a igreja com \u00e1gua at\u00e9 o joelho e um beb\u00ea de seis meses no colo, de t\u00e3o dif\u00edcil que era. N\u00e3o tinha asfalto! Agora, est\u00e1 ficando melhor do que a expectativa!&#8221;, disse.<\/p>\n\n\n\n<p>Juntamente com a obra, a concession\u00e1ria \u00c1guas do Rio instalou redes de \u00e1gua e de esgoto no bairro.<\/p>\n\n\n\n<p><em>Fotos: Fabio Guimar\u00e3es<\/em><\/p>\n\n\n\n<p><strong><em>S\u00e3o Gon\u00e7alo vai mudar: Not\u00edcias de S\u00e3o Gon\u00e7alo e toda regi\u00e3o.<\/em><\/strong><\/p>\n\n\n\n<figure class=\"wp-block-image size-large\"><img decoding=\"async\" width=\"1024\" height=\"252\" src=\"https:\/\/sgvaimudar.com.br\/wp-content\/uploads\/2025\/03\/Anuncie-Aqui-Sao-Goncalo-vai-mudar-1024x252.jpg\" alt=\"\" class=\"wp-image-22693\" srcset=\"https:\/\/sgvaimudar.com.br\/wp-content\/uploads\/2025\/03\/Anuncie-Aqui-Sao-Goncalo-vai-mudar-1024x252.jpg 1024w, https:\/\/sgvaimudar.com.br\/wp-content\/uploads\/2025\/03\/Anuncie-Aqui-Sao-Goncalo-vai-mudar-300x74.jpg 300w, https:\/\/sgvaimudar.com.br\/wp-content\/uploads\/2025\/03\/Anuncie-Aqui-Sao-Goncalo-vai-mudar-768x189.jpg 768w, https:\/\/sgvaimudar.com.br\/wp-content\/uploads\/2025\/03\/Anuncie-Aqui-Sao-Goncalo-vai-mudar-1536x378.jpg 1536w, https:\/\/sgvaimudar.com.br\/wp-content\/uploads\/2025\/03\/Anuncie-Aqui-Sao-Goncalo-vai-mudar-2048x504.jpg 2048w\" sizes=\"(max-width: 1024px) 100vw, 1024px\" \/><\/figure>\n","protected":false},"excerpt":{"rendered":"<p>Interven\u00e7\u00f5es contam com a instala\u00e7\u00e3o de redes de drenagem, meio-fio e pavimenta\u00e7\u00e3o As obras que est\u00e3o sendo realizadas no Jardim&hellip;<\/p>\n","protected":false},"author":5,"featured_media":28069,"comment_status":"open","ping_status":"open","sticky":false,"template":"","format":"standard","meta":{"fifu_image_url":"","fifu_image_alt":"","footnotes":""},"categories":[3],"tags":[47,75],"class_list":["post-28067","post","type-post","status-publish","format-standard","has-post-thumbnail","hentry","category-sao-goncalo","tag-rj","tag-sao-goncalo"],"_links":{"self":[{"href":"https:\/\/sgvaimudar.com.br\/index.php\/wp-json\/wp\/v2\/posts\/28067","targetHints":{"allow":["GET"]}}],"collection":[{"href":"https:\/\/sgvaimudar.com.br\/index.php\/wp-json\/wp\/v2\/posts"}],"about":[{"href":"https:\/\/sgvaimudar.com.br\/index.php\/wp-json\/wp\/v2\/types\/post"}],"author":[{"embeddable":true,"href":"https:\/\/sgvaimudar.com.br\/index.php\/wp-json\/wp\/v2\/users\/5"}],"replies":[{"embeddable":true,"href":"https:\/\/sgvaimudar.com.br\/index.php\/wp-json\/wp\/v2\/comments?post=28067"}],"version-history":[{"count":1,"href":"https:\/\/sgvaimudar.com.br\/index.php\/wp-json\/wp\/v2\/posts\/28067\/revisions"}],"predecessor-version":[{"id":28070,"href":"https:\/\/sgvaimudar.com.br\/index.php\/wp-json\/wp\/v2\/posts\/28067\/revisions\/28070"}],"wp:featuredmedia":[{"embeddable":true,"href":"https:\/\/sgvaimudar.com.br\/index.php\/wp-json\/wp\/v2\/media\/28069"}],"wp:attachment":[{"href":"https:\/\/sgvaimudar.com.br\/index.php\/wp-json\/wp\/v2\/media?parent=28067"}],"wp:term":[{"taxonomy":"category","embeddable":true,"href":"https:\/\/sgvaimudar.com.br\/index.php\/wp-json\/wp\/v2\/categories?post=28067"},{"taxonomy":"post_tag","embeddable":true,"href":"https:\/\/sgvaimudar.com.br\/index.php\/wp-json\/wp\/v2\/tags?post=28067"}],"curies":[{"name":"wp","href":"https:\/\/api.w.org\/{rel}","templated":true}]}}