{"id":28049,"date":"2025-07-15T19:00:00","date_gmt":"2025-07-15T22:00:00","guid":{"rendered":"https:\/\/sgvaimudar.com.br\/?p=28049"},"modified":"2025-07-15T10:11:46","modified_gmt":"2025-07-15T13:11:46","slug":"presidente-da-cdh-destaca-o-trabalho-do-conselho-federal-de-medicina-na-defesa-contra-o-aborto-apos-22-semanas","status":"publish","type":"post","link":"https:\/\/sgvaimudar.com.br\/index.php\/2025\/07\/15\/presidente-da-cdh-destaca-o-trabalho-do-conselho-federal-de-medicina-na-defesa-contra-o-aborto-apos-22-semanas\/","title":{"rendered":"Presidente da CDH destaca o trabalho do Conselho Federal de Medicina na defesa contra o aborto ap\u00f3s 22 semanas"},"content":{"rendered":"\n<p><em>Damares Alves destaca a import\u00e2ncia da resolu\u00e7\u00e3o do Conselho Federal de Medicina como avan\u00e7o na regulamenta\u00e7\u00e3o \u00e9tica da interrup\u00e7\u00e3o da gravidez ap\u00f3s 22 semanas de gesta\u00e7\u00e3o<\/em><\/p>\n\n\n\n<p>Em pronunciamento nesta segunda-feira (14), na Comiss\u00e3o de Direitos Humanos (CDH) do Senado, a presidente da comiss\u00e3o, senadora Damares Alves (Alian\u00e7a\/Republicanos-DF), ressaltou a import\u00e2ncia do Conselho Federal de Medicina (CFM) na prote\u00e7\u00e3o da vida humana, especialmente em raz\u00e3o da recente resolu\u00e7\u00e3o que pro\u00edbe a realiza\u00e7\u00e3o de aborto em fetos com mais de 22 semanas de gesta\u00e7\u00e3o.<\/p>\n\n\n\n<p>A parlamentar brasiliense destacou a coragem do Conselho Federal de Medicina (CFM) ao estabelecer limites claros para a pr\u00e1tica do aborto tardio no Brasil, ressaltando que a medida representa um avan\u00e7o significativo na garantia dos direitos das crian\u00e7as, inclusive daquelas ainda no ventre materno.<\/p>\n\n\n\n<p>\u201cE o Conselho Federal de Medicina ousou proteger essa crian\u00e7a na barriga da m\u00e3e quando traz para o Brasil uma resolu\u00e7\u00e3o, dizendo que nenhum m\u00e9dico est\u00e1 autorizado a fazer o aborto de crian\u00e7a acima de 22 semanas\u201d, afirmou a senadora.<\/p>\n\n\n\n<p>\u201cA resolu\u00e7\u00e3o do Conselho Federal de Medicina protege crian\u00e7as acima de 22 semanas, garantindo-lhes o direito fundamental de nascer. Essa \u00e9 uma iniciativa ousada e necess\u00e1ria, que enfrenta cr\u00edticas e processos, mas reafirma o compromisso \u00e9tico da classe m\u00e9dica com a vida\u201d, acrescentou Damares Alves.<\/p>\n\n\n\n<p>Durante seu discurso, a senadora tamb\u00e9m chamou aten\u00e7\u00e3o para o paradoxo enfrentado pela sociedade brasileira, onde o homic\u00eddio de uma crian\u00e7a j\u00e1 nascida \u00e9 duramente punido, mas a interrup\u00e7\u00e3o da vida de um feto avan\u00e7ado \u00e9 alvo de debates e controv\u00e9rsias.<\/p>\n\n\n\n<p>\u201cPrecisamos refletir sobre a import\u00e2ncia de defender a vida desde a sua concep\u00e7\u00e3o. O que diferencia um homic\u00eddio de um aborto tardio \u00e9 apenas a pele que reveste a crian\u00e7a no ventre da m\u00e3e. N\u00e3o podemos permitir que direitos fundamentais sejam violados em nome de falsas interpreta\u00e7\u00f5es\u201d, concluiu.<\/p>\n\n\n\n<p><strong><em>S\u00e3o Gon\u00e7alo vai mudar: Not\u00edcias de S\u00e3o Gon\u00e7alo e toda regi\u00e3o.<\/em><\/strong><\/p>\n\n\n\n<figure class=\"wp-block-image size-large\"><img fetchpriority=\"high\" decoding=\"async\" width=\"1024\" height=\"252\" src=\"https:\/\/sgvaimudar.com.br\/wp-content\/uploads\/2025\/03\/Anuncie-Aqui-Sao-Goncalo-vai-mudar-1024x252.jpg\" alt=\"\" class=\"wp-image-22693\" srcset=\"https:\/\/sgvaimudar.com.br\/wp-content\/uploads\/2025\/03\/Anuncie-Aqui-Sao-Goncalo-vai-mudar-1024x252.jpg 1024w, https:\/\/sgvaimudar.com.br\/wp-content\/uploads\/2025\/03\/Anuncie-Aqui-Sao-Goncalo-vai-mudar-300x74.jpg 300w, https:\/\/sgvaimudar.com.br\/wp-content\/uploads\/2025\/03\/Anuncie-Aqui-Sao-Goncalo-vai-mudar-768x189.jpg 768w, https:\/\/sgvaimudar.com.br\/wp-content\/uploads\/2025\/03\/Anuncie-Aqui-Sao-Goncalo-vai-mudar-1536x378.jpg 1536w, https:\/\/sgvaimudar.com.br\/wp-content\/uploads\/2025\/03\/Anuncie-Aqui-Sao-Goncalo-vai-mudar-2048x504.jpg 2048w\" sizes=\"(max-width: 1024px) 100vw, 1024px\" \/><\/figure>\n","protected":false},"excerpt":{"rendered":"<p>Damares Alves destaca a import\u00e2ncia da resolu\u00e7\u00e3o do Conselho Federal de Medicina como avan\u00e7o na regulamenta\u00e7\u00e3o \u00e9tica da interrup\u00e7\u00e3o da&hellip;<\/p>\n","protected":false},"author":5,"featured_media":28050,"comment_status":"open","ping_status":"open","sticky":false,"template":"","format":"standard","meta":{"fifu_image_url":"","fifu_image_alt":"","footnotes":""},"categories":[4],"tags":[39,41,74,40],"class_list":["post-28049","post","type-post","status-publish","format-standard","has-post-thumbnail","hentry","category-brasil","tag-ataque","tag-conflito","tag-eleicao","tag-guerra"],"_links":{"self":[{"href":"https:\/\/sgvaimudar.com.br\/index.php\/wp-json\/wp\/v2\/posts\/28049","targetHints":{"allow":["GET"]}}],"collection":[{"href":"https:\/\/sgvaimudar.com.br\/index.php\/wp-json\/wp\/v2\/posts"}],"about":[{"href":"https:\/\/sgvaimudar.com.br\/index.php\/wp-json\/wp\/v2\/types\/post"}],"author":[{"embeddable":true,"href":"https:\/\/sgvaimudar.com.br\/index.php\/wp-json\/wp\/v2\/users\/5"}],"replies":[{"embeddable":true,"href":"https:\/\/sgvaimudar.com.br\/index.php\/wp-json\/wp\/v2\/comments?post=28049"}],"version-history":[{"count":1,"href":"https:\/\/sgvaimudar.com.br\/index.php\/wp-json\/wp\/v2\/posts\/28049\/revisions"}],"predecessor-version":[{"id":28051,"href":"https:\/\/sgvaimudar.com.br\/index.php\/wp-json\/wp\/v2\/posts\/28049\/revisions\/28051"}],"wp:featuredmedia":[{"embeddable":true,"href":"https:\/\/sgvaimudar.com.br\/index.php\/wp-json\/wp\/v2\/media\/28050"}],"wp:attachment":[{"href":"https:\/\/sgvaimudar.com.br\/index.php\/wp-json\/wp\/v2\/media?parent=28049"}],"wp:term":[{"taxonomy":"category","embeddable":true,"href":"https:\/\/sgvaimudar.com.br\/index.php\/wp-json\/wp\/v2\/categories?post=28049"},{"taxonomy":"post_tag","embeddable":true,"href":"https:\/\/sgvaimudar.com.br\/index.php\/wp-json\/wp\/v2\/tags?post=28049"}],"curies":[{"name":"wp","href":"https:\/\/api.w.org\/{rel}","templated":true}]}}