{"id":28046,"date":"2025-07-15T17:00:00","date_gmt":"2025-07-15T20:00:00","guid":{"rendered":"https:\/\/sgvaimudar.com.br\/?p=28046"},"modified":"2025-07-15T10:06:17","modified_gmt":"2025-07-15T13:06:17","slug":"profissionais-do-hospital-municipal-dr-ernesto-che-guevara-apresentaram-trabalho-em-congresso-sobre-cuidados-paliativos","status":"publish","type":"post","link":"https:\/\/sgvaimudar.com.br\/index.php\/2025\/07\/15\/profissionais-do-hospital-municipal-dr-ernesto-che-guevara-apresentaram-trabalho-em-congresso-sobre-cuidados-paliativos\/","title":{"rendered":"Profissionais do Hospital Municipal Dr. Ernesto Che Guevara apresentaram trabalho em congresso sobre cuidados paliativos"},"content":{"rendered":"\n<p><em>Produ\u00e7\u00e3o cient\u00edfica foi elaborada a partir de experi\u00eancia na unidade, onde foi criada uma comiss\u00e3o nessa \u00e1rea<\/em><\/p>\n\n\n\n<p>A Prefeitura de Maric\u00e1, por meio da Secretaria de Sa\u00fade, marcou presen\u00e7a no III Congresso de Cuidados Paliativos do Rio de Janeiro (PALI RIO), realizado nos dias 03 e 04\/07 na capital fluminense. A cidade foi representada no evento pela equipe da Comiss\u00e3o de Cuidados Paliativos do Hospital Municipal Dr. Ernesto Che Guevara, que apresentou o trabalho \u201cImplanta\u00e7\u00e3o da Comiss\u00e3o de Cuidados Paliativos\u201d, detalhando todo processo de elabora\u00e7\u00e3o da iniciativa na unidade hospitalar, iniciada em fevereiro de 2023 a partir do empenho e articula\u00e7\u00e3o entre os colaboradores.<\/p>\n\n\n\n<p>A produ\u00e7\u00e3o cient\u00edfica, de autoria das profissionais Ingrid Moura de Oliveira e Flavia Menezes, descreve as etapas da implanta\u00e7\u00e3o da comiss\u00e3o de cuidados paliativos no Hospital Municipal Dr. Ernesto Che Guevara, os fundamentos te\u00f3ricos utilizados e os protocolos desenvolvidos. Todo o procedimento foi minuciosamente constru\u00eddo com base em crit\u00e9rios t\u00e9cnicos, seguindo as diretrizes da Pol\u00edtica Nacional de Cuidados Paliativos, da Organiza\u00e7\u00e3o Mundial da Sa\u00fade (OMS) e da Associa\u00e7\u00e3o Internacional de Cuidados Paliativos e de Hospice (IAHPC).<\/p>\n\n\n\n<p>O estabelecimento da comiss\u00e3o de cuidados paliativos da unidade hospitalar envolveu diversas a\u00e7\u00f5es essenciais, como sensibiliza\u00e7\u00e3o das equipes, defini\u00e7\u00e3o de crit\u00e9rios de elegibilidade, elabora\u00e7\u00e3o do regimento interno, al\u00e9m da implementa\u00e7\u00e3o de pr\u00e1ticas como visita familiar ampliada, confer\u00eancias com familiares, articula\u00e7\u00e3o com outras comiss\u00f5es e forma\u00e7\u00e3o cont\u00ednua da equipe multiprofissional do hospital.<\/p>\n\n\n\n<p>O secret\u00e1rio de Sa\u00fade, Marcelo Velho, ressaltou a import\u00e2ncia do olhar humanizado e qualificado aos pacientes em cuidados paliativos.<\/p>\n\n\n\n<p>\u201cA presen\u00e7a dos profissionais do Hospital Che Guevara no congresso reafirma nosso compromisso com uma assist\u00eancia que valoriza n\u00e3o s\u00f3 o tratamento, mas tamb\u00e9m os desejos, valores e necessidades de cada paciente e sua fam\u00edlia. Fortalecer a cultura dos cuidados paliativos \u00e9 ampliar o olhar sobre a assist\u00eancia, promovendo mais escuta, empatia e respeito em cada atendimento\u201d, afirmou.<\/p>\n\n\n\n<p>Ingrid Moura de Oliveira, vice-presidente da comiss\u00e3o de cuidados paliativos do Hospital Municipal Dr. Ernesto Che Guevara, refor\u00e7ou o simbolismo do trabalho apresentado.<\/p>\n\n\n\n<p>\u201cFoi uma honra representar o hospital no Congresso Pali Rio 2025, um dos encontros estaduais dedicados aos cuidados paliativos. Na ocasi\u00e3o, apresentamos um p\u00f4ster cient\u00edfico que descreve a implanta\u00e7\u00e3o dessa comiss\u00e3o em nossa unidade, destacando os desafios, estrat\u00e9gias e conquistas obtidas desde sua cria\u00e7\u00e3o em conjunto com toda equipe envolvida. Esse \u00e9 um passo na consolida\u00e7\u00e3o da cultura paliativista na unidade, mostrando nosso compromisso com a humaniza\u00e7\u00e3o do cuidado\u201d, garantiu.<\/p>\n\n\n\n<p><strong>Sobre o evento<\/strong><\/p>\n\n\n\n<p>O III Congresso de Cuidados Paliativos do Rio de Janeiro (PALI RIO) reuniu profissionais de sa\u00fade, pesquisadores, estudantes e gestores de todo o pa\u00eds na Barra da Tijuca, na capital do estado. A programa\u00e7\u00e3o incluiu debates sobre os desafios e avan\u00e7os no cuidado a pessoas com doen\u00e7as amea\u00e7adoras \u00e0 vida, com foco em ampliar o acesso e qualificar a assist\u00eancia por meio de um olhar integral e humanizado.<\/p>\n\n\n\n<p>Organizado pela Academia Estadual de Cuidados Paliativos (AECP-RJ), em parceria com a Academia Nacional de Cuidados Paliativos (ANCP), o congresso \u00e9 um espa\u00e7o de refer\u00eancia na \u00e1rea, contando com mesas-redondas, confer\u00eancias, workshops e apresenta\u00e7\u00e3o de trabalhos cient\u00edficos, promovendo o di\u00e1logo entre ci\u00eancia, pr\u00e1tica cl\u00ednica e sensibilidade no cuidado.<\/p>\n\n\n\n<p><strong><em>S\u00e3o Gon\u00e7alo vai mudar: Not\u00edcias de S\u00e3o Gon\u00e7alo e toda regi\u00e3o.<\/em><\/strong><\/p>\n\n\n\n<figure class=\"wp-block-image size-large\"><img fetchpriority=\"high\" decoding=\"async\" width=\"1024\" height=\"252\" src=\"https:\/\/sgvaimudar.com.br\/wp-content\/uploads\/2025\/03\/Anuncie-Aqui-Sao-Goncalo-vai-mudar-1024x252.jpg\" alt=\"\" class=\"wp-image-22693\" srcset=\"https:\/\/sgvaimudar.com.br\/wp-content\/uploads\/2025\/03\/Anuncie-Aqui-Sao-Goncalo-vai-mudar-1024x252.jpg 1024w, https:\/\/sgvaimudar.com.br\/wp-content\/uploads\/2025\/03\/Anuncie-Aqui-Sao-Goncalo-vai-mudar-300x74.jpg 300w, https:\/\/sgvaimudar.com.br\/wp-content\/uploads\/2025\/03\/Anuncie-Aqui-Sao-Goncalo-vai-mudar-768x189.jpg 768w, https:\/\/sgvaimudar.com.br\/wp-content\/uploads\/2025\/03\/Anuncie-Aqui-Sao-Goncalo-vai-mudar-1536x378.jpg 1536w, https:\/\/sgvaimudar.com.br\/wp-content\/uploads\/2025\/03\/Anuncie-Aqui-Sao-Goncalo-vai-mudar-2048x504.jpg 2048w\" sizes=\"(max-width: 1024px) 100vw, 1024px\" \/><\/figure>\n","protected":false},"excerpt":{"rendered":"<p>Produ\u00e7\u00e3o cient\u00edfica foi elaborada a partir de experi\u00eancia na unidade, onde foi criada uma comiss\u00e3o nessa \u00e1rea A Prefeitura de&hellip;<\/p>\n","protected":false},"author":5,"featured_media":28047,"comment_status":"open","ping_status":"open","sticky":false,"template":"","format":"standard","meta":{"fifu_image_url":"","fifu_image_alt":"","footnotes":""},"categories":[7],"tags":[47],"class_list":["post-28046","post","type-post","status-publish","format-standard","has-post-thumbnail","hentry","category-saude","tag-rj"],"_links":{"self":[{"href":"https:\/\/sgvaimudar.com.br\/index.php\/wp-json\/wp\/v2\/posts\/28046","targetHints":{"allow":["GET"]}}],"collection":[{"href":"https:\/\/sgvaimudar.com.br\/index.php\/wp-json\/wp\/v2\/posts"}],"about":[{"href":"https:\/\/sgvaimudar.com.br\/index.php\/wp-json\/wp\/v2\/types\/post"}],"author":[{"embeddable":true,"href":"https:\/\/sgvaimudar.com.br\/index.php\/wp-json\/wp\/v2\/users\/5"}],"replies":[{"embeddable":true,"href":"https:\/\/sgvaimudar.com.br\/index.php\/wp-json\/wp\/v2\/comments?post=28046"}],"version-history":[{"count":1,"href":"https:\/\/sgvaimudar.com.br\/index.php\/wp-json\/wp\/v2\/posts\/28046\/revisions"}],"predecessor-version":[{"id":28048,"href":"https:\/\/sgvaimudar.com.br\/index.php\/wp-json\/wp\/v2\/posts\/28046\/revisions\/28048"}],"wp:featuredmedia":[{"embeddable":true,"href":"https:\/\/sgvaimudar.com.br\/index.php\/wp-json\/wp\/v2\/media\/28047"}],"wp:attachment":[{"href":"https:\/\/sgvaimudar.com.br\/index.php\/wp-json\/wp\/v2\/media?parent=28046"}],"wp:term":[{"taxonomy":"category","embeddable":true,"href":"https:\/\/sgvaimudar.com.br\/index.php\/wp-json\/wp\/v2\/categories?post=28046"},{"taxonomy":"post_tag","embeddable":true,"href":"https:\/\/sgvaimudar.com.br\/index.php\/wp-json\/wp\/v2\/tags?post=28046"}],"curies":[{"name":"wp","href":"https:\/\/api.w.org\/{rel}","templated":true}]}}