{"id":28040,"date":"2025-07-15T14:00:00","date_gmt":"2025-07-15T17:00:00","guid":{"rendered":"https:\/\/sgvaimudar.com.br\/?p=28040"},"modified":"2025-07-15T09:51:31","modified_gmt":"2025-07-15T12:51:31","slug":"governo-do-rio-oferta-mais-de-40-milhoes-de-refeicoes-para-a-populacao-fluminense","status":"publish","type":"post","link":"https:\/\/sgvaimudar.com.br\/index.php\/2025\/07\/15\/governo-do-rio-oferta-mais-de-40-milhoes-de-refeicoes-para-a-populacao-fluminense\/","title":{"rendered":"Governo do Rio oferta mais de 40 milh\u00f5es de refei\u00e7\u00f5es para a popula\u00e7\u00e3o fluminense"},"content":{"rendered":"\n<p><em>Marca foi alcan\u00e7ada durante a atual gest\u00e3o e representa mais de R$ 230 milh\u00f5es em investimentos no combate \u00e0 fome<\/em><\/p>\n\n\n\n<p>O Governo do Estado do Rio de Janeiro alcan\u00e7ou a marca de 41 milh\u00f5es de refei\u00e7\u00f5es ofertadas a pessoas em situa\u00e7\u00e3o de vulnerabilidade social durante a gest\u00e3o do governador Cl\u00e1udio Castro. O n\u00famero expressivo reflete um investimento de mais de R$ 230 milh\u00f5es em a\u00e7\u00f5es voltadas \u00e0 seguran\u00e7a alimentar, por meio dos programas Restaurante do Povo, Caf\u00e9 do Trabalhador e RJ Alimenta. <\/p>\n\n\n\n<p>Coordenadas pela Secretaria de Desenvolvimento Social e Direitos Humanos, as iniciativas garantem, juntas, cerca de 54 mil refei\u00e7\u00f5es por dia.<br>-Levar comida \u00e0 mesa de quem mais precisa \u00e9 proporcionar dignidade e garantir o acesso a direitos b\u00e1sicos e fundamentais. Nossos programas oferecem refei\u00e7\u00f5es de qualidade e nutritivas, que t\u00eam feito a diferen\u00e7a na vida de muitas pessoas &#8211; afirmou o governador Cl\u00e1udio Castro.<\/p>\n\n\n\n<p>Para 2025, est\u00e3o previstas as inaugura\u00e7\u00f5es dos Restaurantes do Povo de Queimados, na Baixada Fluminense, e de Madureira, na Zona Norte do Rio. J\u00e1 para o primeiro semestre de 2026 est\u00e1 prevista a entrega da unidade do M\u00e9ier, tamb\u00e9m na Zona Norte. A expans\u00e3o do programa Caf\u00e9 do Trabalhador est\u00e1 nos planos, com a meta de alcan\u00e7ar ainda mais munic\u00edpios e ampliar a rede de seguran\u00e7a alimentar no estado.<\/p>\n\n\n\n<p>-Seguiremos investindo para levar uma alimenta\u00e7\u00e3o digna para a nossa popula\u00e7\u00e3o. Toda pol\u00edtica p\u00fablica precisa ser feita de forma a incluir nosso povo e criar uma sociedade mais igualit\u00e1ria. E n\u00e3o se consegue avan\u00e7ar e pensar no futuro se h\u00e1 fome. Essa marca alcan\u00e7ada vai muito al\u00e9m de um n\u00famero e sinaliza muitas vidas alcan\u00e7adas \u2013 pontuou a secret\u00e1ria de Estado de Desenvolvimento Social e Direitos Humanos, Rosangela Gomes.<\/p>\n\n\n\n<p>Sobre os programas:<\/p>\n\n\n\n<p><strong>Restaurante do Povo<\/strong><\/p>\n\n\n\n<p>Com 13 unidades em funcionamento, o Restaurante do Povo serve, em m\u00e9dia, 30 mil refei\u00e7\u00f5es por dia, por valores simb\u00f3licos que variam entre R$ 1,00 e R$ 3,50. O programa j\u00e1 recebeu mais de R$ 115 milh\u00f5es em investimentos e est\u00e1 presente nos seguintes locais: Nova Igua\u00e7u, Bangu, Barra Mansa, Belford Roxo, Bonsucesso, Campo Grande, Campos dos Goytacazes, Central do Brasil, Duque de Caxias, Niter\u00f3i, Petr\u00f3polis, S\u00e3o Gon\u00e7alo e Volta Redonda.<\/p>\n\n\n\n<p><strong>Caf\u00e9 do Trabalhador<\/strong><\/p>\n\n\n\n<p>O projeto garante a primeira refei\u00e7\u00e3o do dia por apenas R$ 0,50, com um card\u00e1pio composto por p\u00e3o com manteiga, fruta e caf\u00e9 com ou sem leite. O programa est\u00e1 presente em 40 munic\u00edpios, com 50 unidades ativas, oferecendo 17.750 refei\u00e7\u00f5es di\u00e1rias. A execu\u00e7\u00e3o \u00e9 realizada em parceria com as prefeituras, em locais de grande circula\u00e7\u00e3o. Para conferir os pontos de atendimento, acesse:&nbsp;<a href=\"http:\/\/www.rj.gov.br\/secsocial\/node\/154\" target=\"_blank\" rel=\"noreferrer noopener\">www.rj.gov.br\/secsocial\/node\/154<\/a>.<\/p>\n\n\n\n<p><strong>RJ Alimenta<\/strong><\/p>\n\n\n\n<p>Distribui gratuitamente caf\u00e9 da manh\u00e3, almo\u00e7o e sopa em sistema de quentinhas, totalizando cerca de 7.625 refei\u00e7\u00f5es por dia. O programa atua em seis unidades localizadas nos bairros da capital &#8211; Barreira do Vasco, Manguinhos e Jacarezinho &#8211; al\u00e9m de Campos dos Goytacazes, Mag\u00e9 e Nova Igua\u00e7u.<\/p>\n\n\n\n<p><strong><em>S\u00e3o Gon\u00e7alo vai mudar: Not\u00edcias de S\u00e3o Gon\u00e7alo e toda regi\u00e3o.<\/em><\/strong><\/p>\n\n\n\n<figure class=\"wp-block-image size-large\"><img fetchpriority=\"high\" decoding=\"async\" width=\"1024\" height=\"252\" src=\"https:\/\/sgvaimudar.com.br\/wp-content\/uploads\/2025\/03\/Anuncie-Aqui-Sao-Goncalo-vai-mudar-1024x252.jpg\" alt=\"\" class=\"wp-image-22693\" srcset=\"https:\/\/sgvaimudar.com.br\/wp-content\/uploads\/2025\/03\/Anuncie-Aqui-Sao-Goncalo-vai-mudar-1024x252.jpg 1024w, https:\/\/sgvaimudar.com.br\/wp-content\/uploads\/2025\/03\/Anuncie-Aqui-Sao-Goncalo-vai-mudar-300x74.jpg 300w, https:\/\/sgvaimudar.com.br\/wp-content\/uploads\/2025\/03\/Anuncie-Aqui-Sao-Goncalo-vai-mudar-768x189.jpg 768w, https:\/\/sgvaimudar.com.br\/wp-content\/uploads\/2025\/03\/Anuncie-Aqui-Sao-Goncalo-vai-mudar-1536x378.jpg 1536w, https:\/\/sgvaimudar.com.br\/wp-content\/uploads\/2025\/03\/Anuncie-Aqui-Sao-Goncalo-vai-mudar-2048x504.jpg 2048w\" sizes=\"(max-width: 1024px) 100vw, 1024px\" \/><\/figure>\n","protected":false},"excerpt":{"rendered":"<p>Marca foi alcan\u00e7ada durante a atual gest\u00e3o e representa mais de R$ 230 milh\u00f5es em investimentos no combate \u00e0 fome&hellip;<\/p>\n","protected":false},"author":5,"featured_media":28041,"comment_status":"open","ping_status":"open","sticky":false,"template":"","format":"standard","meta":{"fifu_image_url":"","fifu_image_alt":"","footnotes":""},"categories":[36],"tags":[47],"class_list":["post-28040","post","type-post","status-publish","format-standard","has-post-thumbnail","hentry","category-bem-estar","tag-rj"],"_links":{"self":[{"href":"https:\/\/sgvaimudar.com.br\/index.php\/wp-json\/wp\/v2\/posts\/28040","targetHints":{"allow":["GET"]}}],"collection":[{"href":"https:\/\/sgvaimudar.com.br\/index.php\/wp-json\/wp\/v2\/posts"}],"about":[{"href":"https:\/\/sgvaimudar.com.br\/index.php\/wp-json\/wp\/v2\/types\/post"}],"author":[{"embeddable":true,"href":"https:\/\/sgvaimudar.com.br\/index.php\/wp-json\/wp\/v2\/users\/5"}],"replies":[{"embeddable":true,"href":"https:\/\/sgvaimudar.com.br\/index.php\/wp-json\/wp\/v2\/comments?post=28040"}],"version-history":[{"count":1,"href":"https:\/\/sgvaimudar.com.br\/index.php\/wp-json\/wp\/v2\/posts\/28040\/revisions"}],"predecessor-version":[{"id":28042,"href":"https:\/\/sgvaimudar.com.br\/index.php\/wp-json\/wp\/v2\/posts\/28040\/revisions\/28042"}],"wp:featuredmedia":[{"embeddable":true,"href":"https:\/\/sgvaimudar.com.br\/index.php\/wp-json\/wp\/v2\/media\/28041"}],"wp:attachment":[{"href":"https:\/\/sgvaimudar.com.br\/index.php\/wp-json\/wp\/v2\/media?parent=28040"}],"wp:term":[{"taxonomy":"category","embeddable":true,"href":"https:\/\/sgvaimudar.com.br\/index.php\/wp-json\/wp\/v2\/categories?post=28040"},{"taxonomy":"post_tag","embeddable":true,"href":"https:\/\/sgvaimudar.com.br\/index.php\/wp-json\/wp\/v2\/tags?post=28040"}],"curies":[{"name":"wp","href":"https:\/\/api.w.org\/{rel}","templated":true}]}}