{"id":28016,"date":"2025-07-15T10:00:00","date_gmt":"2025-07-15T13:00:00","guid":{"rendered":"https:\/\/sgvaimudar.com.br\/?p=28016"},"modified":"2025-07-15T08:30:10","modified_gmt":"2025-07-15T11:30:10","slug":"defesa-civil-conhece-sistema-de-abastecimento-de-agua-de-sao-goncalo","status":"publish","type":"post","link":"https:\/\/sgvaimudar.com.br\/index.php\/2025\/07\/15\/defesa-civil-conhece-sistema-de-abastecimento-de-agua-de-sao-goncalo\/","title":{"rendered":"Defesa Civil conhece sistema de abastecimento de \u00e1gua\u00a0de S\u00e3o Gon\u00e7alo"},"content":{"rendered":"\n<p><em>Visita t\u00e9cnica \u00e0 Esta\u00e7\u00e3o de Tratamento de \u00c1gua (ETA) do Laranjal aconteceu nesta segunda-feira<\/em><\/p>\n\n\n\n<p>A Defesa Civil de S\u00e3o Gon\u00e7alo, na manh\u00e3 desta segunda-feira (14), realizou uma visita t\u00e9cnica \u00e0 Esta\u00e7\u00e3o de Tratamento de \u00c1gua do Laranjal, da Companhia Estadual de \u00c1guas e Esgotos do Rio de Janeiro (Cedae). A atividade externa teve como intuito conhecer o sistema de abastecimento de \u00e1gua Imunana-Laranjal e a estrutura h\u00eddrica da cidade, al\u00e9m de obter uma integra\u00e7\u00e3o entre os \u00f3rg\u00e3os.<\/p>\n\n\n\n<p>O Sistema Imunana-Laranjal \u00e9 composto pelo Canal de Imunana, que capta e leva a \u00e1gua dos rios Guapia\u00e7u e Macacu at\u00e9 a elevat\u00f3ria de \u00e1gua bruta. A \u00e1gua \u00e9 ent\u00e3o bombeada at\u00e9 a Esta\u00e7\u00e3o de Tratamento de \u00c1gua (ETA) do Laranjal e, ap\u00f3s o tratamento, \u00e9 enviada para as concession\u00e1rias, que levam a \u00e1gua para os consumidores finais. O sistema \u00e9 fundamental para o abastecimento de \u00e1gua de uma popula\u00e7\u00e3o de cerca de 1,5 milh\u00e3o de habitantes.\u00a0<\/p>\n\n\n\n<figure class=\"wp-block-image size-full\"><img fetchpriority=\"high\" decoding=\"async\" width=\"1024\" height=\"683\" src=\"https:\/\/sgvaimudar.com.br\/wp-content\/uploads\/2025\/07\/unnamed-5-9.jpg\" alt=\"\" class=\"wp-image-28017\" srcset=\"https:\/\/sgvaimudar.com.br\/wp-content\/uploads\/2025\/07\/unnamed-5-9.jpg 1024w, https:\/\/sgvaimudar.com.br\/wp-content\/uploads\/2025\/07\/unnamed-5-9-300x200.jpg 300w, https:\/\/sgvaimudar.com.br\/wp-content\/uploads\/2025\/07\/unnamed-5-9-768x512.jpg 768w\" sizes=\"(max-width: 1024px) 100vw, 1024px\" \/><\/figure>\n\n\n\n<p>O subsecret\u00e1rio da Defesa Civil, major Felipe Assump\u00e7\u00e3o, afirmou estar satisfeito com todo o conhecimento que a equipe recebeu durante a visita.&nbsp;<\/p>\n\n\n\n<p>\u201cA Cedae tem uma hist\u00f3ria muito expressiva dentro de S\u00e3o Gon\u00e7alo e vimos que a produ\u00e7\u00e3o de \u00e1gua tratada continua. Hoje, a nossa integra\u00e7\u00e3o ocorreu de forma muito satisfat\u00f3ria e, ao mesmo tempo, os nossos agentes conseguiram entender todo esse sistema, de forma did\u00e1tica. Assim, temos uma vis\u00e3o mais ampla e precisa sobre como chega \u00e1gua na casa dos gon\u00e7alenses,\u201d declarou.<\/p>\n\n\n\n<figure class=\"wp-block-image size-full\"><img decoding=\"async\" width=\"1024\" height=\"683\" src=\"https:\/\/sgvaimudar.com.br\/wp-content\/uploads\/2025\/07\/unnamed-6-9.jpg\" alt=\"\" class=\"wp-image-28018\" srcset=\"https:\/\/sgvaimudar.com.br\/wp-content\/uploads\/2025\/07\/unnamed-6-9.jpg 1024w, https:\/\/sgvaimudar.com.br\/wp-content\/uploads\/2025\/07\/unnamed-6-9-300x200.jpg 300w, https:\/\/sgvaimudar.com.br\/wp-content\/uploads\/2025\/07\/unnamed-6-9-768x512.jpg 768w\" sizes=\"(max-width: 1024px) 100vw, 1024px\" \/><\/figure>\n\n\n\n<p>Para iniciar a visita, foi realizada uma palestra ministrada pela qu\u00edmica Ana Claudia Cruz, chefe de Coordena\u00e7\u00e3o de Tratamento, que explicou, de forma minuciosa, cada etapa do tratamento da \u00e1gua at\u00e9 torn\u00e1-la apropriada para o uso da popula\u00e7\u00e3o. Em seguida, a equipe da Defesa Civil foi conduzida aos locais onde ocorrem cada processo da \u00e1gua que chega dos rios.<\/p>\n\n\n\n<p>\u201cFicamos muito felizes em receb\u00ea-los e \u00e9 importante dizer que parte do trabalho aqui na Cedae visa conscientizar sobre as nossas a\u00e7\u00f5es em rela\u00e7\u00e3o ao meio ambiente. E, al\u00e9m de voc\u00eas, n\u00f3s recebemos diversas escolas e outras institui\u00e7\u00f5es para conhecer o sistema e todos os projetos que realizamos\u201d, afirmou o agente de saneamento, Carlos Henrique Parente.<\/p>\n\n\n\n<p><em>Fotos: Fabio Guimar\u00e3es<\/em><\/p>\n\n\n\n<p><strong><em>S\u00e3o Gon\u00e7alo vai mudar: Not\u00edcias de S\u00e3o Gon\u00e7alo e toda regi\u00e3o.<\/em><\/strong><\/p>\n\n\n\n<figure class=\"wp-block-image size-large\"><img decoding=\"async\" width=\"1024\" height=\"252\" src=\"https:\/\/sgvaimudar.com.br\/wp-content\/uploads\/2025\/03\/Anuncie-Aqui-Sao-Goncalo-vai-mudar-1024x252.jpg\" alt=\"\" class=\"wp-image-22693\" srcset=\"https:\/\/sgvaimudar.com.br\/wp-content\/uploads\/2025\/03\/Anuncie-Aqui-Sao-Goncalo-vai-mudar-1024x252.jpg 1024w, https:\/\/sgvaimudar.com.br\/wp-content\/uploads\/2025\/03\/Anuncie-Aqui-Sao-Goncalo-vai-mudar-300x74.jpg 300w, https:\/\/sgvaimudar.com.br\/wp-content\/uploads\/2025\/03\/Anuncie-Aqui-Sao-Goncalo-vai-mudar-768x189.jpg 768w, https:\/\/sgvaimudar.com.br\/wp-content\/uploads\/2025\/03\/Anuncie-Aqui-Sao-Goncalo-vai-mudar-1536x378.jpg 1536w, https:\/\/sgvaimudar.com.br\/wp-content\/uploads\/2025\/03\/Anuncie-Aqui-Sao-Goncalo-vai-mudar-2048x504.jpg 2048w\" sizes=\"(max-width: 1024px) 100vw, 1024px\" \/><\/figure>\n","protected":false},"excerpt":{"rendered":"<p>Visita t\u00e9cnica \u00e0 Esta\u00e7\u00e3o de Tratamento de \u00c1gua (ETA) do Laranjal aconteceu nesta segunda-feira A Defesa Civil de S\u00e3o Gon\u00e7alo,&hellip;<\/p>\n","protected":false},"author":5,"featured_media":28019,"comment_status":"open","ping_status":"open","sticky":false,"template":"","format":"standard","meta":{"fifu_image_url":"","fifu_image_alt":"","footnotes":""},"categories":[3],"tags":[47,75],"class_list":["post-28016","post","type-post","status-publish","format-standard","has-post-thumbnail","hentry","category-sao-goncalo","tag-rj","tag-sao-goncalo"],"_links":{"self":[{"href":"https:\/\/sgvaimudar.com.br\/index.php\/wp-json\/wp\/v2\/posts\/28016","targetHints":{"allow":["GET"]}}],"collection":[{"href":"https:\/\/sgvaimudar.com.br\/index.php\/wp-json\/wp\/v2\/posts"}],"about":[{"href":"https:\/\/sgvaimudar.com.br\/index.php\/wp-json\/wp\/v2\/types\/post"}],"author":[{"embeddable":true,"href":"https:\/\/sgvaimudar.com.br\/index.php\/wp-json\/wp\/v2\/users\/5"}],"replies":[{"embeddable":true,"href":"https:\/\/sgvaimudar.com.br\/index.php\/wp-json\/wp\/v2\/comments?post=28016"}],"version-history":[{"count":1,"href":"https:\/\/sgvaimudar.com.br\/index.php\/wp-json\/wp\/v2\/posts\/28016\/revisions"}],"predecessor-version":[{"id":28020,"href":"https:\/\/sgvaimudar.com.br\/index.php\/wp-json\/wp\/v2\/posts\/28016\/revisions\/28020"}],"wp:featuredmedia":[{"embeddable":true,"href":"https:\/\/sgvaimudar.com.br\/index.php\/wp-json\/wp\/v2\/media\/28019"}],"wp:attachment":[{"href":"https:\/\/sgvaimudar.com.br\/index.php\/wp-json\/wp\/v2\/media?parent=28016"}],"wp:term":[{"taxonomy":"category","embeddable":true,"href":"https:\/\/sgvaimudar.com.br\/index.php\/wp-json\/wp\/v2\/categories?post=28016"},{"taxonomy":"post_tag","embeddable":true,"href":"https:\/\/sgvaimudar.com.br\/index.php\/wp-json\/wp\/v2\/tags?post=28016"}],"curies":[{"name":"wp","href":"https:\/\/api.w.org\/{rel}","templated":true}]}}