{"id":28008,"date":"2025-07-15T09:00:00","date_gmt":"2025-07-15T12:00:00","guid":{"rendered":"https:\/\/sgvaimudar.com.br\/?p=28008"},"modified":"2025-07-15T08:07:34","modified_gmt":"2025-07-15T11:07:34","slug":"obras-de-macrodrenagem-transformam-os-bairros-mutua-mutuaguacu-e-porto-do-rosa","status":"publish","type":"post","link":"https:\/\/sgvaimudar.com.br\/index.php\/2025\/07\/15\/obras-de-macrodrenagem-transformam-os-bairros-mutua-mutuaguacu-e-porto-do-rosa\/","title":{"rendered":"Obras de macrodrenagem transformam os bairros Mutu\u00e1, Mutuagua\u00e7u e Porto do Rosa"},"content":{"rendered":"\n<p><em>Pacote de obras inclui ainda constru\u00e7\u00e3o de cal\u00e7adas e pavimenta\u00e7\u00e3o<\/em><\/p>\n\n\n\n<p>As obras de macrodrenagem que est\u00e3o sendo realizadas pela Prefeitura de S\u00e3o Gon\u00e7alo nos bairros Mutu\u00e1, Mutuagua\u00e7u e Porto do Rosa est\u00e3o transformando a regi\u00e3o, que sofria com alagamentos cr\u00f4nicos . Mesmo com as obras ainda n\u00e3o tendo sido conclu\u00eddas, quem passa pelas ruas consegue ver novas cal\u00e7adas e algumas ruas pavimentadas. Tamb\u00e9m est\u00e3o sendo executados trabalhos de drenagem.<\/p>\n\n\n\n<p>As interven\u00e7\u00f5es est\u00e3o recebendo um investimento de R$ 38 milh\u00f5es e v\u00e3o beneficiar mais de 10 mil gon\u00e7alenses, entre moradores e pessoas que circulam pela regi\u00e3o. O pacote de obras inclui macrodrenagem, constru\u00e7\u00e3o de cal\u00e7adas e pavimenta\u00e7\u00e3o.<\/p>\n\n\n\n<figure class=\"wp-block-image size-large\"><img fetchpriority=\"high\" decoding=\"async\" width=\"1024\" height=\"684\" src=\"https:\/\/sgvaimudar.com.br\/wp-content\/uploads\/2025\/07\/unnamed-2-12-1024x684.jpg\" alt=\"\" class=\"wp-image-28010\" srcset=\"https:\/\/sgvaimudar.com.br\/wp-content\/uploads\/2025\/07\/unnamed-2-12-1024x684.jpg 1024w, https:\/\/sgvaimudar.com.br\/wp-content\/uploads\/2025\/07\/unnamed-2-12-300x200.jpg 300w, https:\/\/sgvaimudar.com.br\/wp-content\/uploads\/2025\/07\/unnamed-2-12-768x513.jpg 768w, https:\/\/sgvaimudar.com.br\/wp-content\/uploads\/2025\/07\/unnamed-2-12-1536x1027.jpg 1536w, https:\/\/sgvaimudar.com.br\/wp-content\/uploads\/2025\/07\/unnamed-2-12.jpg 1616w\" sizes=\"(max-width: 1024px) 100vw, 1024px\" \/><\/figure>\n\n\n\n<p>Ao todo, 16 vias j\u00e1 estavam inclusas no projeto da obra: Avenida Paula Lemos (parte) e ruas General Canrobert, Professor Altivo (parte), Padre Nicolau Luiz, Lib\u00f3rio Viana, \u00c1lvaro Costa, David Alves, Ismael Passos, Cust\u00f3dio Duarte, Capit\u00e3o Crisanto Bastos, Ricardo Jorge, Guimar\u00e3es Passos, Diogo Pereira, Fernandes Mendon\u00e7a, In\u00e1cio Feij\u00f3 e uma via sem nome. Recentemente, foram inclu\u00eddos trechos de novas ruas no projeto: Avenida Professor Josu\u00e9 de Castro, Rua Maria Batista da Costa, Travessa Jo\u00e3o Correia, Rua Coronel Camis\u00e3o e Rua Florisbela Palmier.<\/p>\n\n\n\n<p>Para Roberto Dias dos Santos, de 50 anos, a mudan\u00e7a j\u00e1 melhorou os bairros em quase 100%. Ele \u00e9 morador da Rua Professor Altivo, no Mutuagua\u00e7u.<\/p>\n\n\n\n<figure class=\"wp-block-image size-large\"><img decoding=\"async\" width=\"1024\" height=\"684\" src=\"https:\/\/sgvaimudar.com.br\/wp-content\/uploads\/2025\/07\/unnamed-1-11-1024x684.jpg\" alt=\"\" class=\"wp-image-28009\" srcset=\"https:\/\/sgvaimudar.com.br\/wp-content\/uploads\/2025\/07\/unnamed-1-11-1024x684.jpg 1024w, https:\/\/sgvaimudar.com.br\/wp-content\/uploads\/2025\/07\/unnamed-1-11-300x200.jpg 300w, https:\/\/sgvaimudar.com.br\/wp-content\/uploads\/2025\/07\/unnamed-1-11-768x513.jpg 768w, https:\/\/sgvaimudar.com.br\/wp-content\/uploads\/2025\/07\/unnamed-1-11-1536x1027.jpg 1536w, https:\/\/sgvaimudar.com.br\/wp-content\/uploads\/2025\/07\/unnamed-1-11.jpg 1616w\" sizes=\"(max-width: 1024px) 100vw, 1024px\" \/><\/figure>\n\n\n\n<p>&#8220;As ruas t\u00eam ficado melhor para mim, que sou cadeirante. As ruas est\u00e3o com asfalto, as novas cal\u00e7adas criadas possuem acesso para a cadeira de rodas. Est\u00e1 tudo \u00f3timo! Antes, essas ruas eram esburacadas, era dif\u00edcil trafegar, tinha muita lama e, quando chovia, alagava. Aqui n\u00e3o tinha asfalto antes das obras, agora est\u00e1 ficando tudo \u00f3timo e as ruas est\u00e3o bem &#8216;lisinhas&#8217;. N\u00e3o tem s\u00f3 eu de cadeirante aqui no bairro e muita gente nem sa\u00eda de casa sozinha, era dependente, por causa dos buracos nas ruas. Agora, est\u00e1 melhor para todos trafegarem aqui e a tend\u00eancia \u00e9 melhorar&#8221;, disse ele, que mora no bairro h\u00e1 mais de 30 anos.<\/p>\n\n\n\n<p><em>Foto: Renan Otto<\/em><\/p>\n\n\n\n<p><strong><em>S\u00e3o Gon\u00e7alo vai mudar: Not\u00edcias de S\u00e3o Gon\u00e7alo e toda regi\u00e3o.<\/em><\/strong><\/p>\n\n\n\n<figure class=\"wp-block-image size-large\"><img decoding=\"async\" width=\"1024\" height=\"252\" src=\"https:\/\/sgvaimudar.com.br\/wp-content\/uploads\/2025\/03\/Anuncie-Aqui-Sao-Goncalo-vai-mudar-1024x252.jpg\" alt=\"\" class=\"wp-image-22693\" srcset=\"https:\/\/sgvaimudar.com.br\/wp-content\/uploads\/2025\/03\/Anuncie-Aqui-Sao-Goncalo-vai-mudar-1024x252.jpg 1024w, https:\/\/sgvaimudar.com.br\/wp-content\/uploads\/2025\/03\/Anuncie-Aqui-Sao-Goncalo-vai-mudar-300x74.jpg 300w, https:\/\/sgvaimudar.com.br\/wp-content\/uploads\/2025\/03\/Anuncie-Aqui-Sao-Goncalo-vai-mudar-768x189.jpg 768w, https:\/\/sgvaimudar.com.br\/wp-content\/uploads\/2025\/03\/Anuncie-Aqui-Sao-Goncalo-vai-mudar-1536x378.jpg 1536w, https:\/\/sgvaimudar.com.br\/wp-content\/uploads\/2025\/03\/Anuncie-Aqui-Sao-Goncalo-vai-mudar-2048x504.jpg 2048w\" sizes=\"(max-width: 1024px) 100vw, 1024px\" \/><\/figure>\n","protected":false},"excerpt":{"rendered":"<p>Pacote de obras inclui ainda constru\u00e7\u00e3o de cal\u00e7adas e pavimenta\u00e7\u00e3o As obras de macrodrenagem que est\u00e3o sendo realizadas pela Prefeitura&hellip;<\/p>\n","protected":false},"author":5,"featured_media":28011,"comment_status":"open","ping_status":"open","sticky":false,"template":"","format":"standard","meta":{"fifu_image_url":"","fifu_image_alt":"","footnotes":""},"categories":[3],"tags":[47,75],"class_list":["post-28008","post","type-post","status-publish","format-standard","has-post-thumbnail","hentry","category-sao-goncalo","tag-rj","tag-sao-goncalo"],"_links":{"self":[{"href":"https:\/\/sgvaimudar.com.br\/index.php\/wp-json\/wp\/v2\/posts\/28008","targetHints":{"allow":["GET"]}}],"collection":[{"href":"https:\/\/sgvaimudar.com.br\/index.php\/wp-json\/wp\/v2\/posts"}],"about":[{"href":"https:\/\/sgvaimudar.com.br\/index.php\/wp-json\/wp\/v2\/types\/post"}],"author":[{"embeddable":true,"href":"https:\/\/sgvaimudar.com.br\/index.php\/wp-json\/wp\/v2\/users\/5"}],"replies":[{"embeddable":true,"href":"https:\/\/sgvaimudar.com.br\/index.php\/wp-json\/wp\/v2\/comments?post=28008"}],"version-history":[{"count":1,"href":"https:\/\/sgvaimudar.com.br\/index.php\/wp-json\/wp\/v2\/posts\/28008\/revisions"}],"predecessor-version":[{"id":28012,"href":"https:\/\/sgvaimudar.com.br\/index.php\/wp-json\/wp\/v2\/posts\/28008\/revisions\/28012"}],"wp:featuredmedia":[{"embeddable":true,"href":"https:\/\/sgvaimudar.com.br\/index.php\/wp-json\/wp\/v2\/media\/28011"}],"wp:attachment":[{"href":"https:\/\/sgvaimudar.com.br\/index.php\/wp-json\/wp\/v2\/media?parent=28008"}],"wp:term":[{"taxonomy":"category","embeddable":true,"href":"https:\/\/sgvaimudar.com.br\/index.php\/wp-json\/wp\/v2\/categories?post=28008"},{"taxonomy":"post_tag","embeddable":true,"href":"https:\/\/sgvaimudar.com.br\/index.php\/wp-json\/wp\/v2\/tags?post=28008"}],"curies":[{"name":"wp","href":"https:\/\/api.w.org\/{rel}","templated":true}]}}