{"id":28004,"date":"2025-07-15T10:59:00","date_gmt":"2025-07-15T13:59:00","guid":{"rendered":"https:\/\/sgvaimudar.com.br\/?p=28004"},"modified":"2025-07-15T07:56:20","modified_gmt":"2025-07-15T10:56:20","slug":"paciente-surtado-coloca-fogo-em-ambulancia-em-sao-goncalo-video","status":"publish","type":"post","link":"https:\/\/sgvaimudar.com.br\/index.php\/2025\/07\/15\/paciente-surtado-coloca-fogo-em-ambulancia-em-sao-goncalo-video\/","title":{"rendered":"Paciente surtado coloca fogo em ambul\u00e2ncia em S\u00e3o Gon\u00e7alo; V\u00eddeo"},"content":{"rendered":"\n<p><em>Ve\u00edculo ficou completamente destru\u00eddo; n\u00e3o houve v\u00edtimas<\/em><\/p>\n\n\n\n<p>Um homem em surto psiqui\u00e1trico ateou fogo na ambul\u00e2ncia do Samu que havia sido enviada para socorr\u00ea-lo na tarde desta segunda-feira (14), no bairro J\u00f3quei, em S\u00e3o Gon\u00e7alo.<\/p>\n\n\n\n<p>De acordo com a Secretaria Municipal de Sa\u00fade e Defesa Civil, a equipe do Samu foi chamada para atender uma ocorr\u00eancia envolvendo um paciente em surto na Rua Manoel Oliveira, por volta de 12h30. Ao chegar ao local, o homem depredou o ve\u00edculo e depois ateou fogo na viatura. Nenhum profissional ficou ferido.<\/p>\n\n\n\n<figure class=\"wp-block-video\"><video height=\"848\" style=\"aspect-ratio: 476 \/ 848;\" width=\"476\" controls src=\"https:\/\/sgvaimudar.com.br\/wp-content\/uploads\/2025\/07\/Paciente-em-surto-coloca-fogo-em-ambulancia-em-Sao0013167600202507141727.mp4\"><\/video><\/figure>\n\n\n\n<p>O Corpo de Bombeiros do quartel de Coluband\u00ea foi acionado \u00e0s 12h32min., e conseguiu controlar as chamas. A opera\u00e7\u00e3o foi encerrada \u00e0s 14h02min. A ambul\u00e2ncia foi completamente destru\u00edda.<\/p>\n\n\n\n<p>Ap\u00f3s o ocorrido, o homem foi contido e levado por outra equipe do Samu para a emerg\u00eancia psiqui\u00e1trica do Hospital Luiz Palmier, no Z\u00e9 Garoto. Ele permanece internado na unidade.<\/p>\n\n\n\n<p>O caso foi registrado na 75\u00aa DP (Rio do Ouro), que vai investigar as circunst\u00e2ncias do inc\u00eandio. A Pol\u00edcia Militar (PM) disse que n\u00e3o foi n\u00e3o foi acionada para a ocorr\u00eancia.<\/p>\n\n\n\n<p><strong><em>Fa\u00e7a sua den\u00fancia pelo nosso WhatsApp: (21) <\/em><\/strong><strong><em>99744 5345<\/em><\/strong><strong><em><\/em><\/strong><\/p>\n\n\n\n<p><strong><em>S\u00e3o Gon\u00e7alo vai mudar: Not\u00edcias de S\u00e3o Gon\u00e7alo e toda regi\u00e3o.<\/em><\/strong><\/p>\n\n\n\n<figure class=\"wp-block-image size-large\"><img fetchpriority=\"high\" decoding=\"async\" width=\"1024\" height=\"252\" src=\"https:\/\/sgvaimudar.com.br\/wp-content\/uploads\/2025\/03\/Anuncie-Aqui-Sao-Goncalo-vai-mudar-1024x252.jpg\" alt=\"\" class=\"wp-image-22693\" srcset=\"https:\/\/sgvaimudar.com.br\/wp-content\/uploads\/2025\/03\/Anuncie-Aqui-Sao-Goncalo-vai-mudar-1024x252.jpg 1024w, https:\/\/sgvaimudar.com.br\/wp-content\/uploads\/2025\/03\/Anuncie-Aqui-Sao-Goncalo-vai-mudar-300x74.jpg 300w, https:\/\/sgvaimudar.com.br\/wp-content\/uploads\/2025\/03\/Anuncie-Aqui-Sao-Goncalo-vai-mudar-768x189.jpg 768w, https:\/\/sgvaimudar.com.br\/wp-content\/uploads\/2025\/03\/Anuncie-Aqui-Sao-Goncalo-vai-mudar-1536x378.jpg 1536w, https:\/\/sgvaimudar.com.br\/wp-content\/uploads\/2025\/03\/Anuncie-Aqui-Sao-Goncalo-vai-mudar-2048x504.jpg 2048w\" sizes=\"(max-width: 1024px) 100vw, 1024px\" \/><\/figure>\n","protected":false},"excerpt":{"rendered":"<p>Ve\u00edculo ficou completamente destru\u00eddo; n\u00e3o houve v\u00edtimas Um homem em surto psiqui\u00e1trico ateou fogo na ambul\u00e2ncia do Samu que havia&hellip;<\/p>\n","protected":false},"author":5,"featured_media":28006,"comment_status":"open","ping_status":"open","sticky":false,"template":"","format":"standard","meta":{"fifu_image_url":"","fifu_image_alt":"","footnotes":""},"categories":[32],"tags":[39,41,47,75],"class_list":["post-28004","post","type-post","status-publish","format-standard","has-post-thumbnail","hentry","category-casos-de-policia","tag-ataque","tag-conflito","tag-rj","tag-sao-goncalo"],"_links":{"self":[{"href":"https:\/\/sgvaimudar.com.br\/index.php\/wp-json\/wp\/v2\/posts\/28004","targetHints":{"allow":["GET"]}}],"collection":[{"href":"https:\/\/sgvaimudar.com.br\/index.php\/wp-json\/wp\/v2\/posts"}],"about":[{"href":"https:\/\/sgvaimudar.com.br\/index.php\/wp-json\/wp\/v2\/types\/post"}],"author":[{"embeddable":true,"href":"https:\/\/sgvaimudar.com.br\/index.php\/wp-json\/wp\/v2\/users\/5"}],"replies":[{"embeddable":true,"href":"https:\/\/sgvaimudar.com.br\/index.php\/wp-json\/wp\/v2\/comments?post=28004"}],"version-history":[{"count":1,"href":"https:\/\/sgvaimudar.com.br\/index.php\/wp-json\/wp\/v2\/posts\/28004\/revisions"}],"predecessor-version":[{"id":28007,"href":"https:\/\/sgvaimudar.com.br\/index.php\/wp-json\/wp\/v2\/posts\/28004\/revisions\/28007"}],"wp:featuredmedia":[{"embeddable":true,"href":"https:\/\/sgvaimudar.com.br\/index.php\/wp-json\/wp\/v2\/media\/28006"}],"wp:attachment":[{"href":"https:\/\/sgvaimudar.com.br\/index.php\/wp-json\/wp\/v2\/media?parent=28004"}],"wp:term":[{"taxonomy":"category","embeddable":true,"href":"https:\/\/sgvaimudar.com.br\/index.php\/wp-json\/wp\/v2\/categories?post=28004"},{"taxonomy":"post_tag","embeddable":true,"href":"https:\/\/sgvaimudar.com.br\/index.php\/wp-json\/wp\/v2\/tags?post=28004"}],"curies":[{"name":"wp","href":"https:\/\/api.w.org\/{rel}","templated":true}]}}