{"id":27999,"date":"2025-07-15T07:33:49","date_gmt":"2025-07-15T10:33:49","guid":{"rendered":"https:\/\/sgvaimudar.com.br\/?p=27999"},"modified":"2025-07-15T09:24:32","modified_gmt":"2025-07-15T12:24:32","slug":"jovem-e-ferido-no-pescoco-por-linha-chilena-em-sao-goncalo","status":"publish","type":"post","link":"https:\/\/sgvaimudar.com.br\/index.php\/2025\/07\/15\/jovem-e-ferido-no-pescoco-por-linha-chilena-em-sao-goncalo\/","title":{"rendered":"Jovem \u00e9 ferido no pesco\u00e7o por linha chilena em S\u00e3o Gon\u00e7alo"},"content":{"rendered":"\n<p><em>V\u00edtima ia do trabalho para casa quando foi atingido<\/em><\/p>\n\n\n\n<p>Um jovem de 25 anos ficou gravemente ferido ap\u00f3s ser atingido por uma linha chilena na tarde de domingo (13), no bairro Jardim Catarina, em S\u00e3o Gon\u00e7alo. Lucas Pinto dos Santos voltava do trabalho de moto por volta das 17h quando sofreu o acidente.<\/p>\n\n\n\n<p>Ele foi socorrido por uma equipe do Samu e levado para a Unidade de Pronto Atendimento (UPA) de Santa Luzia. Por causa da gravidade do corte, precisou ser transferido para o Hospital Estadual Alberto Torres (Heat), no Coluband\u00ea.<\/p>\n\n\n\n<p>A m\u00e3e de Lucas, Ana Beatriz, disse que por pouco n\u00e3o perdeu o filho.&nbsp;&#8220;Quase que eu perdi meu filho por causa da linha chilena&#8221;, afirmou.&nbsp;&#8220;Pe\u00e7o que essas pessoas que vendem linha chilena parem de vender. N\u00e3o \u00e9 somente uma v\u00edtima, s\u00e3o v\u00e1rias. Meu filho estava voltando do servi\u00e7o&#8221;, completou.<\/p>\n\n\n\n<p>A irm\u00e3 de Lucas, Renata, tamb\u00e9m falou sobre o susto e o perigo da linha cortante.\u00a0&#8220;Ele podia ter perdido a vida dele por causa de uma linha chilena&#8221;, disse.\u00a0&#8220;Vamos parar de usar, tirar isso de circula\u00e7\u00e3o. Se fosse uma crian\u00e7a, ela nem poderia estar aqui. Ele \u00e9 um adulto, ele resistiu&#8221;, falou.<\/p>\n\n\n\n<figure class=\"wp-block-image size-large\"><img fetchpriority=\"high\" decoding=\"async\" width=\"1024\" height=\"461\" src=\"https:\/\/sgvaimudar.com.br\/wp-content\/uploads\/2025\/07\/WhatsApp-Image-2025-07-15-at-07.40.23-1024x461.jpeg\" alt=\"\" class=\"wp-image-28032\" srcset=\"https:\/\/sgvaimudar.com.br\/wp-content\/uploads\/2025\/07\/WhatsApp-Image-2025-07-15-at-07.40.23-1024x461.jpeg 1024w, https:\/\/sgvaimudar.com.br\/wp-content\/uploads\/2025\/07\/WhatsApp-Image-2025-07-15-at-07.40.23-300x135.jpeg 300w, https:\/\/sgvaimudar.com.br\/wp-content\/uploads\/2025\/07\/WhatsApp-Image-2025-07-15-at-07.40.23-768x346.jpeg 768w, https:\/\/sgvaimudar.com.br\/wp-content\/uploads\/2025\/07\/WhatsApp-Image-2025-07-15-at-07.40.23.jpeg 1500w\" sizes=\"(max-width: 1024px) 100vw, 1024px\" \/><\/figure>\n\n\n\n<p>Os amigos mandaram carta para para Lucas. Foto: Reprodu\u00e7\u00e3o<\/p>\n\n\n\n<p>Apesar do susto, o quadro de sa\u00fade de Lucas \u00e9 considerado est\u00e1vel.\u00a0&#8220;Hoje ele est\u00e1 \u00f3timo, mas chegou no hospital sem vida praticamente&#8221;, contou Renata.\u00a0&#8220;J\u00e1 fez cartinha para a m\u00e3e, os amigos mandaram carta&#8221;, falou sorridente.<\/p>\n\n\n\n<p><em>Fonte: Enfoco<\/em><\/p>\n\n\n\n<p><strong><em>Fa\u00e7a sua den\u00fancia pelo nosso WhatsApp: (21) <\/em><\/strong><strong><em>99744 5345<\/em><\/strong><strong><em><\/em><\/strong><\/p>\n\n\n\n<p><strong><em>S\u00e3o Gon\u00e7alo vai mudar: Not\u00edcias de S\u00e3o Gon\u00e7alo e toda regi\u00e3o.<\/em><\/strong><\/p>\n\n\n\n<figure class=\"wp-block-image size-large\"><img decoding=\"async\" width=\"1024\" height=\"252\" src=\"https:\/\/sgvaimudar.com.br\/wp-content\/uploads\/2025\/03\/Anuncie-Aqui-Sao-Goncalo-vai-mudar-1024x252.jpg\" alt=\"\" class=\"wp-image-22693\" srcset=\"https:\/\/sgvaimudar.com.br\/wp-content\/uploads\/2025\/03\/Anuncie-Aqui-Sao-Goncalo-vai-mudar-1024x252.jpg 1024w, https:\/\/sgvaimudar.com.br\/wp-content\/uploads\/2025\/03\/Anuncie-Aqui-Sao-Goncalo-vai-mudar-300x74.jpg 300w, https:\/\/sgvaimudar.com.br\/wp-content\/uploads\/2025\/03\/Anuncie-Aqui-Sao-Goncalo-vai-mudar-768x189.jpg 768w, https:\/\/sgvaimudar.com.br\/wp-content\/uploads\/2025\/03\/Anuncie-Aqui-Sao-Goncalo-vai-mudar-1536x378.jpg 1536w, https:\/\/sgvaimudar.com.br\/wp-content\/uploads\/2025\/03\/Anuncie-Aqui-Sao-Goncalo-vai-mudar-2048x504.jpg 2048w\" sizes=\"(max-width: 1024px) 100vw, 1024px\" \/><\/figure>\n","protected":false},"excerpt":{"rendered":"<p>V\u00edtima ia do trabalho para casa quando foi atingido Um jovem de 25 anos ficou gravemente ferido ap\u00f3s ser atingido&hellip;<\/p>\n","protected":false},"author":5,"featured_media":0,"comment_status":"open","ping_status":"open","sticky":false,"template":"","format":"standard","meta":{"fifu_image_url":"","fifu_image_alt":"","footnotes":""},"categories":[32],"tags":[47,75],"class_list":["post-27999","post","type-post","status-publish","format-standard","hentry","category-casos-de-policia","tag-rj","tag-sao-goncalo"],"_links":{"self":[{"href":"https:\/\/sgvaimudar.com.br\/index.php\/wp-json\/wp\/v2\/posts\/27999","targetHints":{"allow":["GET"]}}],"collection":[{"href":"https:\/\/sgvaimudar.com.br\/index.php\/wp-json\/wp\/v2\/posts"}],"about":[{"href":"https:\/\/sgvaimudar.com.br\/index.php\/wp-json\/wp\/v2\/types\/post"}],"author":[{"embeddable":true,"href":"https:\/\/sgvaimudar.com.br\/index.php\/wp-json\/wp\/v2\/users\/5"}],"replies":[{"embeddable":true,"href":"https:\/\/sgvaimudar.com.br\/index.php\/wp-json\/wp\/v2\/comments?post=27999"}],"version-history":[{"count":2,"href":"https:\/\/sgvaimudar.com.br\/index.php\/wp-json\/wp\/v2\/posts\/27999\/revisions"}],"predecessor-version":[{"id":28034,"href":"https:\/\/sgvaimudar.com.br\/index.php\/wp-json\/wp\/v2\/posts\/27999\/revisions\/28034"}],"wp:attachment":[{"href":"https:\/\/sgvaimudar.com.br\/index.php\/wp-json\/wp\/v2\/media?parent=27999"}],"wp:term":[{"taxonomy":"category","embeddable":true,"href":"https:\/\/sgvaimudar.com.br\/index.php\/wp-json\/wp\/v2\/categories?post=27999"},{"taxonomy":"post_tag","embeddable":true,"href":"https:\/\/sgvaimudar.com.br\/index.php\/wp-json\/wp\/v2\/tags?post=27999"}],"curies":[{"name":"wp","href":"https:\/\/api.w.org\/{rel}","templated":true}]}}