{"id":27992,"date":"2025-07-14T21:00:00","date_gmt":"2025-07-15T00:00:00","guid":{"rendered":"https:\/\/sgvaimudar.com.br\/?p=27992"},"modified":"2025-07-14T10:14:28","modified_gmt":"2025-07-14T13:14:28","slug":"bolsonaro-reforca-anistia-como-solucao-para-tarifaco-de-trump","status":"publish","type":"post","link":"https:\/\/sgvaimudar.com.br\/index.php\/2025\/07\/14\/bolsonaro-reforca-anistia-como-solucao-para-tarifaco-de-trump\/","title":{"rendered":"Bolsonaro refor\u00e7a anistia como solu\u00e7\u00e3o para tarifa\u00e7o de Trump"},"content":{"rendered":"\n<p><em>Ex-presidente diz n\u00e3o estar alegre em ver produtores sofrerem e que perd\u00e3o poder trazer &#8220;paz para economia&#8221;<\/em><\/p>\n\n\n\n<p>O ex-presidente Jair Bolsonaro (PL) defendeu neste domingo (13) que a anistia aos condenados pelos atos criminosos de 8 de Janeiro seria o caminho para \u201crestabelecer a paz\u201d no Brasil e uma forma de solucionar a crise aberta com os Estados Unidos, ap\u00f3s o an\u00fancio de tarifas de 50% sobre produtos brasileiros.<\/p>\n\n\n\n<p>\u201cO tempo urge, as san\u00e7\u00f5es entram em vigor no dia 1\u00ba de agosto. A solu\u00e7\u00e3o est\u00e1 nas m\u00e3os das autoridades brasileiras. Em havendo harmonia e independ\u00eancia entre os Poderes, nasce o perd\u00e3o entre irm\u00e3os e, com a anistia, tamb\u00e9m a paz para a economia\u201d, afirmou Bolsonaro.<\/p>\n\n\n\n<p>A sobretaxa foi anunciada pelo presidente dos Estados Unidos, Donald Trump, e est\u00e1 prevista para entrar em vigor em 1\u00ba de agosto. A medida foi formalizada em uma carta enviada diretamente ao presidente brasileiro. No documento, Trump tamb\u00e9m critica o julgamento de Bolsonaro pelo Supremo Tribunal Federal (STF), classificando-o como uma \u201cvergonha internacional\u201d.<\/p>\n\n\n\n<p>Ap\u00f3s o an\u00fancio, parlamentares da oposi\u00e7\u00e3o passaram a defender que uma poss\u00edvel solu\u00e7\u00e3o seria pautar o projeto de anistia no Congresso Nacional. No entanto, a proposta enfrenta resist\u00eancia por parte da base governista, que descarta a possibilidade de vota\u00e7\u00e3o do tema.<\/p>\n\n\n\n<p>Ainda durante sua declara\u00e7\u00e3o, Bolsonaro disse n\u00e3o se alegrar com a imposi\u00e7\u00e3o da tarifa:<\/p>\n\n\n\n<p>\u201cN\u00e3o me alegra ver san\u00e7\u00f5es pessoais, ou familiares, a quem quer que seja. N\u00e3o me alegra ver nossos produtores do campo ou da cidade, bem como o povo, sofrer com essa tarifa de 50%\u201d, afirmou.<\/p>\n\n\n\n<p>Segundo ele, a carta enviada por Trump n\u00e3o tem apenas car\u00e1ter econ\u00f4mico, mas representa tamb\u00e9m um posicionamento sobre liberdade.<\/p>\n\n\n\n<p>\u201cTodos conhecem a forma como o chefe da maior pot\u00eancia do mundo negocia. H\u00e1 pouco, seu vice disse na Europa que n\u00e3o mais colocaria recursos do contribuinte americano para defender pa\u00edses que deixaram de lado valores comuns aos seus povos\u201d, declarou Bolsonaro.<\/p>\n\n\n\n<p><strong>LULA REAGE <\/strong>&#8211; O presidente Luiz In\u00e1cio Lula da Silva (PT) tamb\u00e9m se manifestou sobre o tema. No s\u00e1bado (12), por meio das redes sociais, ele afirmou que o Brasil adotar\u00e1 medidas para proteger sua popula\u00e7\u00e3o e seus setores produtivos diante das san\u00e7\u00f5es impostas por Washington.<\/p>\n\n\n\n<p>\u201cA Justi\u00e7a brasileira precisa ser respeitada. Somos um pa\u00eds grande, soberano, e de tradi\u00e7\u00f5es diplom\u00e1ticas hist\u00f3ricas com todos os pa\u00edses. O Brasil vai adotar as medidas necess\u00e1rias para proteger seu povo e suas empresas\u201d, escreveu.<\/p>\n\n\n\n<p>A declara\u00e7\u00e3o mant\u00e9m o tom firme adotado por Lula desde o in\u00edcio da crise. Na sexta-feira (11), durante agenda no Esp\u00edrito Santo, ele j\u00e1 havia sinalizado que, caso os Estados Unidos n\u00e3o recuem, o Brasil responder\u00e1 com base no princ\u00edpio da reciprocidade.<\/p>\n\n\n\n<p>A rea\u00e7\u00e3o norte-americana desencadeou uma batalha de narrativas nas redes sociais. Desde a \u00faltima quarta-feira (9), quando Trump oficializou a taxa\u00e7\u00e3o, o tema domina o debate online.<\/p>\n\n\n\n<p>Aliados de Bolsonaro responsabilizam Lula pela medida, alegando que o alinhamento do governo brasileiro com pa\u00edses do BRICS e o julgamento do ex-presidente teriam motivado atritos com os EUA. A hashtag #ACulpa\u00c9DoLula passou a circular entre influenciadores e parlamentares conservadores.<\/p>\n\n\n\n<p>Por outro lado, apoiadores do governo afirmam que a fam\u00edlia Bolsonaro age em benef\u00edcio pr\u00f3prio, colocando em risco a imagem do Brasil no cen\u00e1rio internacional. Como rea\u00e7\u00e3o, o PT lan\u00e7ou a campanha #DefendaOBrasil, com o objetivo de mobilizar sua base e refor\u00e7ar o discurso de defesa da soberania nacional.<\/p>\n\n\n\n<p><strong><em>S\u00e3o Gon\u00e7alo vai mudar: Not\u00edcias de S\u00e3o Gon\u00e7alo e toda regi\u00e3o.<\/em><\/strong><\/p>\n\n\n\n<figure class=\"wp-block-image size-large\"><img fetchpriority=\"high\" decoding=\"async\" width=\"1024\" height=\"252\" src=\"https:\/\/sgvaimudar.com.br\/wp-content\/uploads\/2025\/03\/Anuncie-Aqui-Sao-Goncalo-vai-mudar-1024x252.jpg\" alt=\"\" class=\"wp-image-22693\" srcset=\"https:\/\/sgvaimudar.com.br\/wp-content\/uploads\/2025\/03\/Anuncie-Aqui-Sao-Goncalo-vai-mudar-1024x252.jpg 1024w, https:\/\/sgvaimudar.com.br\/wp-content\/uploads\/2025\/03\/Anuncie-Aqui-Sao-Goncalo-vai-mudar-300x74.jpg 300w, https:\/\/sgvaimudar.com.br\/wp-content\/uploads\/2025\/03\/Anuncie-Aqui-Sao-Goncalo-vai-mudar-768x189.jpg 768w, https:\/\/sgvaimudar.com.br\/wp-content\/uploads\/2025\/03\/Anuncie-Aqui-Sao-Goncalo-vai-mudar-1536x378.jpg 1536w, https:\/\/sgvaimudar.com.br\/wp-content\/uploads\/2025\/03\/Anuncie-Aqui-Sao-Goncalo-vai-mudar-2048x504.jpg 2048w\" sizes=\"(max-width: 1024px) 100vw, 1024px\" \/><\/figure>\n","protected":false},"excerpt":{"rendered":"<p>Ex-presidente diz n\u00e3o estar alegre em ver produtores sofrerem e que perd\u00e3o poder trazer &#8220;paz para economia&#8221; O ex-presidente Jair&hellip;<\/p>\n","protected":false},"author":5,"featured_media":27993,"comment_status":"open","ping_status":"open","sticky":false,"template":"","format":"standard","meta":{"fifu_image_url":"","fifu_image_alt":"","footnotes":""},"categories":[1],"tags":[39,41],"class_list":["post-27992","post","type-post","status-publish","format-standard","has-post-thumbnail","hentry","category-mundo","tag-ataque","tag-conflito"],"_links":{"self":[{"href":"https:\/\/sgvaimudar.com.br\/index.php\/wp-json\/wp\/v2\/posts\/27992","targetHints":{"allow":["GET"]}}],"collection":[{"href":"https:\/\/sgvaimudar.com.br\/index.php\/wp-json\/wp\/v2\/posts"}],"about":[{"href":"https:\/\/sgvaimudar.com.br\/index.php\/wp-json\/wp\/v2\/types\/post"}],"author":[{"embeddable":true,"href":"https:\/\/sgvaimudar.com.br\/index.php\/wp-json\/wp\/v2\/users\/5"}],"replies":[{"embeddable":true,"href":"https:\/\/sgvaimudar.com.br\/index.php\/wp-json\/wp\/v2\/comments?post=27992"}],"version-history":[{"count":1,"href":"https:\/\/sgvaimudar.com.br\/index.php\/wp-json\/wp\/v2\/posts\/27992\/revisions"}],"predecessor-version":[{"id":27994,"href":"https:\/\/sgvaimudar.com.br\/index.php\/wp-json\/wp\/v2\/posts\/27992\/revisions\/27994"}],"wp:featuredmedia":[{"embeddable":true,"href":"https:\/\/sgvaimudar.com.br\/index.php\/wp-json\/wp\/v2\/media\/27993"}],"wp:attachment":[{"href":"https:\/\/sgvaimudar.com.br\/index.php\/wp-json\/wp\/v2\/media?parent=27992"}],"wp:term":[{"taxonomy":"category","embeddable":true,"href":"https:\/\/sgvaimudar.com.br\/index.php\/wp-json\/wp\/v2\/categories?post=27992"},{"taxonomy":"post_tag","embeddable":true,"href":"https:\/\/sgvaimudar.com.br\/index.php\/wp-json\/wp\/v2\/tags?post=27992"}],"curies":[{"name":"wp","href":"https:\/\/api.w.org\/{rel}","templated":true}]}}