{"id":27982,"date":"2025-07-14T15:00:00","date_gmt":"2025-07-14T18:00:00","guid":{"rendered":"https:\/\/sgvaimudar.com.br\/?p=27982"},"modified":"2025-07-14T09:57:17","modified_gmt":"2025-07-14T12:57:17","slug":"prefeitura-de-rio-bonito-apresenta-orcamento-2026-em-audiencia-publica","status":"publish","type":"post","link":"https:\/\/sgvaimudar.com.br\/index.php\/2025\/07\/14\/prefeitura-de-rio-bonito-apresenta-orcamento-2026-em-audiencia-publica\/","title":{"rendered":"Prefeitura de Rio Bonito apresenta or\u00e7amento 2026 em Audi\u00eancia P\u00fablica"},"content":{"rendered":"\n<p>Representantes de v\u00e1rios seguimentos da sociedade, como empres\u00e1rios, comerciantes, secret\u00e1rios municipais, vereadores e moradores locais, entre outros, participaram da Audi\u00eancia P\u00fablica, realizada pela Secretaria Municipal de Planejamento, Coordena\u00e7\u00e3o Geral e Gest\u00e3o para apresenta\u00e7\u00e3o e discuss\u00e3o da proposta de Lei Or\u00e7ament\u00e1ria Anual (LOA) para o exerc\u00edcio financeiro de 2026 e do Plano Plurianual 2026\/2029. <\/p>\n\n\n\n<p>O encontro, realizado na \u00faltima sexta-feira (4) no Audit\u00f3rio do Centro Administrativo, na Pra\u00e7a Cruzeiro, apresentou as previs\u00f5es de recursos e as a\u00e7\u00f5es que ser\u00e3o executadas pelo poder p\u00fablico no pr\u00f3ximo ano.<\/p>\n\n\n\n<p>Segundo o secret\u00e1rio de Planejamento, Coordena\u00e7\u00e3o Geral e Gest\u00e3o, Humberto Belgues, a Audi\u00eancia P\u00fablica da Lei Or\u00e7ament\u00e1ria Anual (LOA) \u00e9 uma reuni\u00e3o onde cidad\u00e3os e representantes da administra\u00e7\u00e3o p\u00fablica discutem e opinam sobre o projeto da LOA, que estima as receitas e fixa as despesas do munic\u00edpio para o pr\u00f3ximo ano. Essa ferramenta permite que a popula\u00e7\u00e3o participe da defini\u00e7\u00e3o das prioridades de gastos p\u00fablicos e influencie o planejamento or\u00e7ament\u00e1rio.<\/p>\n\n\n\n<p><strong>Or\u00e7amento 2026 \u2013<\/strong>&nbsp;Tamb\u00e9m \u00e9 um importante instrumento de participa\u00e7\u00e3o popular que permite aos cidad\u00e3os influenciar a elabora\u00e7\u00e3o do or\u00e7amento municipal, onde os mesmos podem e devem apresentar as necessidades de suas localidades para inclus\u00e3o no or\u00e7amento do exerc\u00edcio seguinte e, ao participar, os cidad\u00e3os exercem seu direito de controle social sobre as decis\u00f5es do governo e contribuem para a constru\u00e7\u00e3o de um munic\u00edpio mais justo e eficiente.<\/p>\n\n\n\n<p>\u201cA audi\u00eancia p\u00fablica \u00e9 uma conquista da sociedade que busca por transpar\u00eancia nas a\u00e7\u00f5es p\u00fablicas e est\u00e1 fundamentada na transpar\u00eancia da Gest\u00e3o Fiscal, conforme o par\u00e1grafo 1\u00ba, inciso I do artigo 48\u00ba, da Lei Complementar n\u00ba 101, de 04 de maio de 2000 (Lei de Responsabilidade Fiscal), e essa \u00e9 marca do Governo Marcos Abrah\u00e3o que preza pela transpar\u00eancia\u201d, afirma o Secretaria Municipal de Planejamento, Coordena\u00e7\u00e3o Geral e Gest\u00e3o, Humberto Belgues.<\/p>\n\n\n\n<p><strong><em>S\u00e3o Gon\u00e7alo vai mudar: Not\u00edcias de S\u00e3o Gon\u00e7alo e toda regi\u00e3o.<\/em><\/strong><\/p>\n\n\n\n<figure class=\"wp-block-image size-large\"><img fetchpriority=\"high\" decoding=\"async\" width=\"1024\" height=\"252\" src=\"https:\/\/sgvaimudar.com.br\/wp-content\/uploads\/2025\/03\/Anuncie-Aqui-Sao-Goncalo-vai-mudar-1024x252.jpg\" alt=\"\" class=\"wp-image-22693\" srcset=\"https:\/\/sgvaimudar.com.br\/wp-content\/uploads\/2025\/03\/Anuncie-Aqui-Sao-Goncalo-vai-mudar-1024x252.jpg 1024w, https:\/\/sgvaimudar.com.br\/wp-content\/uploads\/2025\/03\/Anuncie-Aqui-Sao-Goncalo-vai-mudar-300x74.jpg 300w, https:\/\/sgvaimudar.com.br\/wp-content\/uploads\/2025\/03\/Anuncie-Aqui-Sao-Goncalo-vai-mudar-768x189.jpg 768w, https:\/\/sgvaimudar.com.br\/wp-content\/uploads\/2025\/03\/Anuncie-Aqui-Sao-Goncalo-vai-mudar-1536x378.jpg 1536w, https:\/\/sgvaimudar.com.br\/wp-content\/uploads\/2025\/03\/Anuncie-Aqui-Sao-Goncalo-vai-mudar-2048x504.jpg 2048w\" sizes=\"(max-width: 1024px) 100vw, 1024px\" \/><\/figure>\n","protected":false},"excerpt":{"rendered":"<p>Representantes de v\u00e1rios seguimentos da sociedade, como empres\u00e1rios, comerciantes, secret\u00e1rios municipais, vereadores e moradores locais, entre outros, participaram da Audi\u00eancia&hellip;<\/p>\n","protected":false},"author":5,"featured_media":27983,"comment_status":"open","ping_status":"open","sticky":false,"template":"","format":"standard","meta":{"fifu_image_url":"","fifu_image_alt":"","footnotes":""},"categories":[36],"tags":[47],"class_list":["post-27982","post","type-post","status-publish","format-standard","has-post-thumbnail","hentry","category-bem-estar","tag-rj"],"_links":{"self":[{"href":"https:\/\/sgvaimudar.com.br\/index.php\/wp-json\/wp\/v2\/posts\/27982","targetHints":{"allow":["GET"]}}],"collection":[{"href":"https:\/\/sgvaimudar.com.br\/index.php\/wp-json\/wp\/v2\/posts"}],"about":[{"href":"https:\/\/sgvaimudar.com.br\/index.php\/wp-json\/wp\/v2\/types\/post"}],"author":[{"embeddable":true,"href":"https:\/\/sgvaimudar.com.br\/index.php\/wp-json\/wp\/v2\/users\/5"}],"replies":[{"embeddable":true,"href":"https:\/\/sgvaimudar.com.br\/index.php\/wp-json\/wp\/v2\/comments?post=27982"}],"version-history":[{"count":1,"href":"https:\/\/sgvaimudar.com.br\/index.php\/wp-json\/wp\/v2\/posts\/27982\/revisions"}],"predecessor-version":[{"id":27984,"href":"https:\/\/sgvaimudar.com.br\/index.php\/wp-json\/wp\/v2\/posts\/27982\/revisions\/27984"}],"wp:featuredmedia":[{"embeddable":true,"href":"https:\/\/sgvaimudar.com.br\/index.php\/wp-json\/wp\/v2\/media\/27983"}],"wp:attachment":[{"href":"https:\/\/sgvaimudar.com.br\/index.php\/wp-json\/wp\/v2\/media?parent=27982"}],"wp:term":[{"taxonomy":"category","embeddable":true,"href":"https:\/\/sgvaimudar.com.br\/index.php\/wp-json\/wp\/v2\/categories?post=27982"},{"taxonomy":"post_tag","embeddable":true,"href":"https:\/\/sgvaimudar.com.br\/index.php\/wp-json\/wp\/v2\/tags?post=27982"}],"curies":[{"name":"wp","href":"https:\/\/api.w.org\/{rel}","templated":true}]}}