{"id":27973,"date":"2025-07-14T13:00:00","date_gmt":"2025-07-14T16:00:00","guid":{"rendered":"https:\/\/sgvaimudar.com.br\/?p=27973"},"modified":"2025-07-14T09:42:29","modified_gmt":"2025-07-14T12:42:29","slug":"familias-itaboraienses-ganham-atividades-especiais-no-encerramento-do-semestre-letivo","status":"publish","type":"post","link":"https:\/\/sgvaimudar.com.br\/index.php\/2025\/07\/14\/familias-itaboraienses-ganham-atividades-especiais-no-encerramento-do-semestre-letivo\/","title":{"rendered":"Fam\u00edlias itaboraienses ganham atividades especiais no encerramento do semestre letivo"},"content":{"rendered":"\n<p>Na manh\u00e3 do \u00faltimo s\u00e1bado (12\/07), todas as escolas da rede municipal de ensino de Itabora\u00ed celebraram o encerramento do primeiro semestre letivo com a\u00e7\u00f5es de integra\u00e7\u00e3o entre os alunos e familiares. A iniciativa marca o in\u00edcio do recesso escolar e foi promovida pela Prefeitura de Itabora\u00ed, por meio da Secretaria Municipal de Educa\u00e7\u00e3o (Semed), com programa\u00e7\u00f5es variadas em cada unidade.<\/p>\n\n\n\n<p>Na Escola Municipalizada Jos\u00e9 Leandro, no bairro Pachecos, o clima foi de festa, integra\u00e7\u00e3o e emo\u00e7\u00e3o. A unidade preparou uma manh\u00e3 especial para alunos e suas fam\u00edlias, com o tema \u201cNossa Fam\u00edlia, Nosso Mundo: Cuidar da Terra e Uns dos Outros\u201d. <\/p>\n\n\n\n<figure class=\"wp-block-image size-large\"><img fetchpriority=\"high\" decoding=\"async\" width=\"1024\" height=\"682\" src=\"https:\/\/sgvaimudar.com.br\/wp-content\/uploads\/2025\/07\/Rede-municipal-de-Itaborai-encerra-semestre-letivo-com-atividades-especiais-voltadas-a-valorizacao-da-familia-1-1024x682.jpeg\" alt=\"\" class=\"wp-image-27974\" srcset=\"https:\/\/sgvaimudar.com.br\/wp-content\/uploads\/2025\/07\/Rede-municipal-de-Itaborai-encerra-semestre-letivo-com-atividades-especiais-voltadas-a-valorizacao-da-familia-1-1024x682.jpeg 1024w, https:\/\/sgvaimudar.com.br\/wp-content\/uploads\/2025\/07\/Rede-municipal-de-Itaborai-encerra-semestre-letivo-com-atividades-especiais-voltadas-a-valorizacao-da-familia-1-300x200.jpeg 300w, https:\/\/sgvaimudar.com.br\/wp-content\/uploads\/2025\/07\/Rede-municipal-de-Itaborai-encerra-semestre-letivo-com-atividades-especiais-voltadas-a-valorizacao-da-familia-1-768x512.jpeg 768w, https:\/\/sgvaimudar.com.br\/wp-content\/uploads\/2025\/07\/Rede-municipal-de-Itaborai-encerra-semestre-letivo-com-atividades-especiais-voltadas-a-valorizacao-da-familia-1-1536x1023.jpeg 1536w, https:\/\/sgvaimudar.com.br\/wp-content\/uploads\/2025\/07\/Rede-municipal-de-Itaborai-encerra-semestre-letivo-com-atividades-especiais-voltadas-a-valorizacao-da-familia-1.jpeg 1600w\" sizes=\"(max-width: 1024px) 100vw, 1024px\" \/><\/figure>\n\n\n\n<p>O evento reuniu apresenta\u00e7\u00f5es de quadrilhas e dan\u00e7as juninas, al\u00e9m de uma exposi\u00e7\u00e3o de trabalhos escolares desenvolvidos ao longo do semestre, que abordaram temas como respeito ao meio ambiente, solidariedade e conviv\u00eancia em harmonia.<\/p>\n\n\n\n<p>A festa tamb\u00e9m contou com a presen\u00e7a da Secretaria Municipal de Desenvolvimento Social, por meio do CRAS Itinerante, em parceria com a Funda\u00e7\u00e3o Le\u00e3o XIII. Foram oferecidos diversos servi\u00e7os gratuitos \u00e0 comunidade, como atualiza\u00e7\u00e3o do Cadastro \u00danico para programas sociais, orienta\u00e7\u00f5es com assistente social, isen\u00e7\u00e3o para segunda via de documentos, atendimento de sa\u00fade bucal, servi\u00e7os de trancista e barbeiro.<\/p>\n\n\n\n<p>Para o secret\u00e1rio municipal de Educa\u00e7\u00e3o, Mauricilio Rodrigues, momentos como este refor\u00e7am o papel das escolas como espa\u00e7os de transforma\u00e7\u00e3o social.<\/p>\n\n\n\n<p>\u201cA escola \u00e9 lugar de aprendizagem, mas tamb\u00e9m de acolhimento, de di\u00e1logo e de constru\u00e7\u00e3o coletiva. Ver nossas escolas mobilizando as fam\u00edlias em a\u00e7\u00f5es que integram cultura, educa\u00e7\u00e3o e cidadania \u00e9 motivo de orgulho. Parabenizo a equipe da EMZ Jos\u00e9 Leandro por esse encerramento de semestre t\u00e3o bonito e significativo para a comunidade\u201d, afirmou o secret\u00e1rio.<\/p>\n\n\n\n<p>Entre os pais presentes, a emo\u00e7\u00e3o tamb\u00e9m tomou conta.<\/p>\n\n\n\n<p>\u201cEu estou muito feliz de estar aqui hoje prestigiando meu filho e vendo de perto tudo o que ele tem aprendido. A Escola Jos\u00e9 Leandro \u00e9 muito acolhedora, e eu s\u00f3 tenho a agradecer a toda equipe pelo carinho, pelo cuidado e por todo o esfor\u00e7o com as crian\u00e7as. Ver o sorriso do Arthur participando da festa e mostrando os trabalhos que ele fez com tanto orgulho \u00e9 uma alegria imensa pra mim\u201d, expressou Eliane Figueiredo, 39 anos, m\u00e3e do aluno Arthur de Souza.<\/p>\n\n\n\n<p>Com a\u00e7\u00f5es como esta, a rede municipal refor\u00e7a seu compromisso com uma educa\u00e7\u00e3o p\u00fablica de qualidade, que respeita a diversidade, fortalece v\u00ednculos e reconhece a import\u00e2ncia da participa\u00e7\u00e3o das fam\u00edlias no ambiente escolar.<\/p>\n\n\n\n<p><strong><em>S\u00e3o Gon\u00e7alo vai mudar: Not\u00edcias de S\u00e3o Gon\u00e7alo e toda regi\u00e3o.<\/em><\/strong><\/p>\n\n\n\n<figure class=\"wp-block-image size-large\"><img decoding=\"async\" width=\"1024\" height=\"252\" src=\"https:\/\/sgvaimudar.com.br\/wp-content\/uploads\/2025\/03\/Anuncie-Aqui-Sao-Goncalo-vai-mudar-1024x252.jpg\" alt=\"\" class=\"wp-image-22693\" srcset=\"https:\/\/sgvaimudar.com.br\/wp-content\/uploads\/2025\/03\/Anuncie-Aqui-Sao-Goncalo-vai-mudar-1024x252.jpg 1024w, https:\/\/sgvaimudar.com.br\/wp-content\/uploads\/2025\/03\/Anuncie-Aqui-Sao-Goncalo-vai-mudar-300x74.jpg 300w, https:\/\/sgvaimudar.com.br\/wp-content\/uploads\/2025\/03\/Anuncie-Aqui-Sao-Goncalo-vai-mudar-768x189.jpg 768w, https:\/\/sgvaimudar.com.br\/wp-content\/uploads\/2025\/03\/Anuncie-Aqui-Sao-Goncalo-vai-mudar-1536x378.jpg 1536w, https:\/\/sgvaimudar.com.br\/wp-content\/uploads\/2025\/03\/Anuncie-Aqui-Sao-Goncalo-vai-mudar-2048x504.jpg 2048w\" sizes=\"(max-width: 1024px) 100vw, 1024px\" \/><\/figure>\n","protected":false},"excerpt":{"rendered":"<p>Na manh\u00e3 do \u00faltimo s\u00e1bado (12\/07), todas as escolas da rede municipal de ensino de Itabora\u00ed celebraram o encerramento do&hellip;<\/p>\n","protected":false},"author":5,"featured_media":27975,"comment_status":"open","ping_status":"open","sticky":false,"template":"","format":"standard","meta":{"fifu_image_url":"","fifu_image_alt":"","footnotes":""},"categories":[36],"tags":[47],"class_list":["post-27973","post","type-post","status-publish","format-standard","has-post-thumbnail","hentry","category-bem-estar","tag-rj"],"_links":{"self":[{"href":"https:\/\/sgvaimudar.com.br\/index.php\/wp-json\/wp\/v2\/posts\/27973","targetHints":{"allow":["GET"]}}],"collection":[{"href":"https:\/\/sgvaimudar.com.br\/index.php\/wp-json\/wp\/v2\/posts"}],"about":[{"href":"https:\/\/sgvaimudar.com.br\/index.php\/wp-json\/wp\/v2\/types\/post"}],"author":[{"embeddable":true,"href":"https:\/\/sgvaimudar.com.br\/index.php\/wp-json\/wp\/v2\/users\/5"}],"replies":[{"embeddable":true,"href":"https:\/\/sgvaimudar.com.br\/index.php\/wp-json\/wp\/v2\/comments?post=27973"}],"version-history":[{"count":1,"href":"https:\/\/sgvaimudar.com.br\/index.php\/wp-json\/wp\/v2\/posts\/27973\/revisions"}],"predecessor-version":[{"id":27976,"href":"https:\/\/sgvaimudar.com.br\/index.php\/wp-json\/wp\/v2\/posts\/27973\/revisions\/27976"}],"wp:featuredmedia":[{"embeddable":true,"href":"https:\/\/sgvaimudar.com.br\/index.php\/wp-json\/wp\/v2\/media\/27975"}],"wp:attachment":[{"href":"https:\/\/sgvaimudar.com.br\/index.php\/wp-json\/wp\/v2\/media?parent=27973"}],"wp:term":[{"taxonomy":"category","embeddable":true,"href":"https:\/\/sgvaimudar.com.br\/index.php\/wp-json\/wp\/v2\/categories?post=27973"},{"taxonomy":"post_tag","embeddable":true,"href":"https:\/\/sgvaimudar.com.br\/index.php\/wp-json\/wp\/v2\/tags?post=27973"}],"curies":[{"name":"wp","href":"https:\/\/api.w.org\/{rel}","templated":true}]}}