{"id":27939,"date":"2025-07-13T11:00:00","date_gmt":"2025-07-13T14:00:00","guid":{"rendered":"https:\/\/sgvaimudar.com.br\/?p=27939"},"modified":"2025-07-13T05:33:34","modified_gmt":"2025-07-13T08:33:34","slug":"marcha-para-jesus-2025-atrai-milhares-de-goncalenses","status":"publish","type":"post","link":"https:\/\/sgvaimudar.com.br\/index.php\/2025\/07\/13\/marcha-para-jesus-2025-atrai-milhares-de-goncalenses\/","title":{"rendered":"Marcha para Jesus 2025 atrai milhares de gon\u00e7alenses"},"content":{"rendered":"\n<p><em>Evento religioso faz parte do calend\u00e1rio oficial da cidade<\/em><\/p>\n\n\n\n<p>Na tarde deste s\u00e1bado (12),&nbsp;aconteceu a Marcha para Jesus \u2013 \u201cUnidade pela paz\u201d em S\u00e3o Gon\u00e7alo. O evento, que faz parte do calend\u00e1rio oficial da cidade, reuniu milhares de gon\u00e7alenses, que se concentraram na Rua Coronel Moreira C\u00e9sar, no Centro, e caminharam at\u00e9 o Clube Mau\u00e1.<\/p>\n\n\n\n<p>Durante a caminhada, foram realizadas duas paradas para ora\u00e7\u00f5es, uma em frente \u00e0 antiga sede da Prefeitura e outra na Pra\u00e7a Dr. Luiz Palmier. Entre as alas da marcha, mais de 90 bandeiras foram erguidas, representando todos os bairros do munic\u00edpio. O ponto final foi preparado para receber todo o p\u00fablico, com \u00e1rea kids e uma pra\u00e7a de alimenta\u00e7\u00e3o com food trucks para repor as energias dos participantes.<\/p>\n\n\n\n<figure class=\"wp-block-image size-large\"><img fetchpriority=\"high\" decoding=\"async\" width=\"1024\" height=\"684\" src=\"https:\/\/sgvaimudar.com.br\/wp-content\/uploads\/2025\/07\/unnamed-5-8-1024x684.jpg\" alt=\"\" class=\"wp-image-27941\" srcset=\"https:\/\/sgvaimudar.com.br\/wp-content\/uploads\/2025\/07\/unnamed-5-8-1024x684.jpg 1024w, https:\/\/sgvaimudar.com.br\/wp-content\/uploads\/2025\/07\/unnamed-5-8-300x200.jpg 300w, https:\/\/sgvaimudar.com.br\/wp-content\/uploads\/2025\/07\/unnamed-5-8-768x513.jpg 768w, https:\/\/sgvaimudar.com.br\/wp-content\/uploads\/2025\/07\/unnamed-5-8-1536x1027.jpg 1536w, https:\/\/sgvaimudar.com.br\/wp-content\/uploads\/2025\/07\/unnamed-5-8.jpg 1616w\" sizes=\"(max-width: 1024px) 100vw, 1024px\" \/><\/figure>\n\n\n\n<p>Para seguir a noite com muita anima\u00e7\u00e3o, um palco foi montado no campo do Clube Mau\u00e1 e foi aberto pela pastora Paula Malafaia. A Fam\u00edlia Cavalcanty iniciou os shows cantando sucessos como \u201cUma coisa nova\u201d e \u201cRuja o Le\u00e3o\u201d. Em seguida, outros artistas e bandas gospel se apresentaram incluindo Lukas Agustinho, Alexsander L\u00facio, Teo Brasil, Jeyzer Maia, Na Gra\u00e7a, Maria Pita, Jozyanne, Rhema Music, Central Music, Ecl\u00e9sia Music, Mav Sede Music e Filhos do Altar (Fonte da Alegria).<\/p>\n\n\n\n<figure class=\"wp-block-image size-large\"><img decoding=\"async\" width=\"1024\" height=\"684\" src=\"https:\/\/sgvaimudar.com.br\/wp-content\/uploads\/2025\/07\/unnamed-3-9-1024x684.jpg\" alt=\"\" class=\"wp-image-27942\" srcset=\"https:\/\/sgvaimudar.com.br\/wp-content\/uploads\/2025\/07\/unnamed-3-9-1024x684.jpg 1024w, https:\/\/sgvaimudar.com.br\/wp-content\/uploads\/2025\/07\/unnamed-3-9-300x200.jpg 300w, https:\/\/sgvaimudar.com.br\/wp-content\/uploads\/2025\/07\/unnamed-3-9-768x513.jpg 768w, https:\/\/sgvaimudar.com.br\/wp-content\/uploads\/2025\/07\/unnamed-3-9-1536x1027.jpg 1536w, https:\/\/sgvaimudar.com.br\/wp-content\/uploads\/2025\/07\/unnamed-3-9.jpg 1616w\" sizes=\"(max-width: 1024px) 100vw, 1024px\" \/><\/figure>\n\n\n\n<p>O prefeito Capit\u00e3o Nelson esteve presente no evento, ao lado da primeira-dama Dona Marinete e do vice-prefeito Jo\u00e3o Ventura e sua noiva, e recebeu ora\u00e7\u00e3o dos pastores no palco.<\/p>\n\n\n\n<p>\u201c\u00c9 uma honra apoiar esse evento, que j\u00e1 \u00e9 tradicional na cidade. Fico muito feliz em ver tantos fi\u00e9is aqui e espero que todos tenham aproveitado esse dia de ora\u00e7\u00e3o, alegria e f\u00e9. Os gon\u00e7alenses merecem,\u201d afirmou o prefeito.<\/p>\n\n\n\n<p>O coordenador de Assuntos Religiosos, da Secretaria de Assist\u00eancia Social de S\u00e3o Gon\u00e7alo, Carlos Andr\u00e9 Ferrugem, afirma que faz quest\u00e3o de oferecer todo apoio ao evento.<\/p>\n\n\n\n<figure class=\"wp-block-image size-large\"><img decoding=\"async\" width=\"1024\" height=\"684\" src=\"https:\/\/sgvaimudar.com.br\/wp-content\/uploads\/2025\/07\/unnamed-4-7-1024x684.jpg\" alt=\"\" class=\"wp-image-27943\" srcset=\"https:\/\/sgvaimudar.com.br\/wp-content\/uploads\/2025\/07\/unnamed-4-7-1024x684.jpg 1024w, https:\/\/sgvaimudar.com.br\/wp-content\/uploads\/2025\/07\/unnamed-4-7-300x200.jpg 300w, https:\/\/sgvaimudar.com.br\/wp-content\/uploads\/2025\/07\/unnamed-4-7-768x513.jpg 768w, https:\/\/sgvaimudar.com.br\/wp-content\/uploads\/2025\/07\/unnamed-4-7-1536x1027.jpg 1536w, https:\/\/sgvaimudar.com.br\/wp-content\/uploads\/2025\/07\/unnamed-4-7.jpg 1616w\" sizes=\"(max-width: 1024px) 100vw, 1024px\" \/><\/figure>\n\n\n\n<p>\u201cMarcha para Jesus em S\u00e3o Gon\u00e7alo, al\u00e9m da demonstra\u00e7\u00e3o expressiva da F\u00e9 Crist\u00e3, sempre foi e sempre ser\u00e1 uma grande ferramenta de aproxima\u00e7\u00e3o das fam\u00edlias gon\u00e7alenses e de outras cidades irm\u00e3s, que aqui se re\u00fanem conosco para essa celebra\u00e7\u00e3o que n\u00e3o se resume aos gon\u00e7alenses. Estaremos sempre \u00e0 disposi\u00e7\u00e3o para colaborar com esse grande evento\u201d, declarou.<\/p>\n\n\n\n<p>\u201cA marcha n\u00e3o \u00e9 uma caminhada apenas, \u00e9 algo prof\u00e9tico. N\u00f3s cremos que tem o momento de orar e tem o momento de marchar. Aqui, estamos para profetizar, enquanto Igreja, a paz na nossa cidade,\u201d declarou o coordenador da marcha, ap\u00f3stolo Robert Amorim, da Igreja Enviar, do bairro Galo Branco.<\/p>\n\n\n\n<p>Todo o evento contou com a organiza\u00e7\u00e3o de tr\u00e2nsito feita pelas Secretarias de Meio Ambiente e Transportes e de Ordem P\u00fablica da Prefeitura de S\u00e3o Gon\u00e7alo e da Guarda Municipal. E a Secretaria Municipal de Sa\u00fade e Defesa Civil disponibilizou ambul\u00e2ncias para casos de urg\u00eancia e emerg\u00eancia m\u00e9dica.&nbsp;<\/p>\n\n\n\n<p>A professora Paula Flores, de 40 anos, diz que est\u00e1 presente em todas as edi\u00e7\u00f5es da marcha e trouxe a sua filha, Isabella Flores, de 4 anos, para aproveitar essa tamb\u00e9m.<\/p>\n\n\n\n<p>\u201c\u00c9 um dia bem familiar, ent\u00e3o sempre trago ela. Ficamos felizes em ver um evento como esse em S\u00e3o Gon\u00e7alo, sempre organizado.&nbsp;A caminhada \u00e9 tranquila e a fam\u00edlia toda fica na expectativa e muito alegre de participar,\u201d afirmou.<\/p>\n\n\n\n<p>A moradora de Vista Alegre, Telmira Soares, de 70 anos, conta que est\u00e1 muito feliz em ter participado do evento pela primeira vez.<\/p>\n\n\n\n<p>\u201cFui criada aqui em S\u00e3o Gon\u00e7alo e estou contente em estar na marcha, principalmente, pelo objetivo dela. \u00c9 primordial orarmos pela nossa cidade, pelas igrejas, pelo governo do prefeito. E, aqui pedimos a Deus pela paz e uni\u00e3o de todos,\u201d disse.<\/p>\n\n\n\n<p><em>Fotos: Renan Otto<\/em><\/p>\n\n\n\n<p><strong><em>S\u00e3o Gon\u00e7alo vai mudar: Not\u00edcias de S\u00e3o Gon\u00e7alo e toda regi\u00e3o.<\/em><\/strong><\/p>\n\n\n\n<figure class=\"wp-block-image size-large\"><img loading=\"lazy\" decoding=\"async\" width=\"1024\" height=\"252\" src=\"https:\/\/sgvaimudar.com.br\/wp-content\/uploads\/2025\/03\/Anuncie-Aqui-Sao-Goncalo-vai-mudar-1024x252.jpg\" alt=\"\" class=\"wp-image-22693\" srcset=\"https:\/\/sgvaimudar.com.br\/wp-content\/uploads\/2025\/03\/Anuncie-Aqui-Sao-Goncalo-vai-mudar-1024x252.jpg 1024w, https:\/\/sgvaimudar.com.br\/wp-content\/uploads\/2025\/03\/Anuncie-Aqui-Sao-Goncalo-vai-mudar-300x74.jpg 300w, https:\/\/sgvaimudar.com.br\/wp-content\/uploads\/2025\/03\/Anuncie-Aqui-Sao-Goncalo-vai-mudar-768x189.jpg 768w, https:\/\/sgvaimudar.com.br\/wp-content\/uploads\/2025\/03\/Anuncie-Aqui-Sao-Goncalo-vai-mudar-1536x378.jpg 1536w, https:\/\/sgvaimudar.com.br\/wp-content\/uploads\/2025\/03\/Anuncie-Aqui-Sao-Goncalo-vai-mudar-2048x504.jpg 2048w\" sizes=\"(max-width: 1024px) 100vw, 1024px\" \/><\/figure>\n","protected":false},"excerpt":{"rendered":"<p>Evento religioso faz parte do calend\u00e1rio oficial da cidade Na tarde deste s\u00e1bado (12),&nbsp;aconteceu a Marcha para Jesus \u2013 \u201cUnidade&hellip;<\/p>\n","protected":false},"author":5,"featured_media":27940,"comment_status":"open","ping_status":"open","sticky":false,"template":"","format":"standard","meta":{"fifu_image_url":"","fifu_image_alt":"","footnotes":""},"categories":[3],"tags":[47,75],"class_list":["post-27939","post","type-post","status-publish","format-standard","has-post-thumbnail","hentry","category-sao-goncalo","tag-rj","tag-sao-goncalo"],"_links":{"self":[{"href":"https:\/\/sgvaimudar.com.br\/index.php\/wp-json\/wp\/v2\/posts\/27939","targetHints":{"allow":["GET"]}}],"collection":[{"href":"https:\/\/sgvaimudar.com.br\/index.php\/wp-json\/wp\/v2\/posts"}],"about":[{"href":"https:\/\/sgvaimudar.com.br\/index.php\/wp-json\/wp\/v2\/types\/post"}],"author":[{"embeddable":true,"href":"https:\/\/sgvaimudar.com.br\/index.php\/wp-json\/wp\/v2\/users\/5"}],"replies":[{"embeddable":true,"href":"https:\/\/sgvaimudar.com.br\/index.php\/wp-json\/wp\/v2\/comments?post=27939"}],"version-history":[{"count":1,"href":"https:\/\/sgvaimudar.com.br\/index.php\/wp-json\/wp\/v2\/posts\/27939\/revisions"}],"predecessor-version":[{"id":27944,"href":"https:\/\/sgvaimudar.com.br\/index.php\/wp-json\/wp\/v2\/posts\/27939\/revisions\/27944"}],"wp:featuredmedia":[{"embeddable":true,"href":"https:\/\/sgvaimudar.com.br\/index.php\/wp-json\/wp\/v2\/media\/27940"}],"wp:attachment":[{"href":"https:\/\/sgvaimudar.com.br\/index.php\/wp-json\/wp\/v2\/media?parent=27939"}],"wp:term":[{"taxonomy":"category","embeddable":true,"href":"https:\/\/sgvaimudar.com.br\/index.php\/wp-json\/wp\/v2\/categories?post=27939"},{"taxonomy":"post_tag","embeddable":true,"href":"https:\/\/sgvaimudar.com.br\/index.php\/wp-json\/wp\/v2\/tags?post=27939"}],"curies":[{"name":"wp","href":"https:\/\/api.w.org\/{rel}","templated":true}]}}