{"id":27933,"date":"2025-07-13T09:00:00","date_gmt":"2025-07-13T12:00:00","guid":{"rendered":"https:\/\/sgvaimudar.com.br\/?p=27933"},"modified":"2025-07-13T05:26:01","modified_gmt":"2025-07-13T08:26:01","slug":"em-sao-goncalo-criancas-do-jardim-catarina-se-divertem-na-caravana-de-arte-e-lazer-neste-domingo-13","status":"publish","type":"post","link":"https:\/\/sgvaimudar.com.br\/index.php\/2025\/07\/13\/em-sao-goncalo-criancas-do-jardim-catarina-se-divertem-na-caravana-de-arte-e-lazer-neste-domingo-13\/","title":{"rendered":"Em S\u00e3o Gon\u00e7alo, crian\u00e7as do Jardim Catarina se divertem na Caravana de Arte e Lazer neste domingo 13"},"content":{"rendered":"\n<p><em>Evento aconteceu no Boa Vista neste s\u00e1bado (12)<\/em><\/p>\n\n\n\n<p>A Caravana de Arte e Lazer vai levar alegria e divers\u00e3o para crian\u00e7as do bairro Jardim Catarina neste domingo (13). Desta vez ser\u00e1 a vez dos moradores da Avenida Doutor Albino Imparato (ponto final, na quadra) aproveitarem a festa das das 9h \u00e0s 13h.<\/p>\n\n\n\n<p>Ainda na manh\u00e3 deste s\u00e1bado (12\/7), a a\u00e7\u00e3o garantiu para os gon\u00e7alenses do Boa Vista diversas brincadeiras l\u00fadicas com animadores, pula-pula, escorrega infl\u00e1vel e pintura art\u00edstica. Al\u00e9m disso, as crian\u00e7as e seus familiares puderam lanchar nas barraquinhas de cachorro-quente, pipoca, algod\u00e3o doce e guaran\u00e1.<\/p>\n\n\n\n<figure class=\"wp-block-image size-large\"><img fetchpriority=\"high\" decoding=\"async\" width=\"1024\" height=\"576\" src=\"https:\/\/sgvaimudar.com.br\/wp-content\/uploads\/2025\/07\/unnamed-2-10-1024x576.jpg\" alt=\"\" class=\"wp-image-27934\" srcset=\"https:\/\/sgvaimudar.com.br\/wp-content\/uploads\/2025\/07\/unnamed-2-10-1024x576.jpg 1024w, https:\/\/sgvaimudar.com.br\/wp-content\/uploads\/2025\/07\/unnamed-2-10-300x169.jpg 300w, https:\/\/sgvaimudar.com.br\/wp-content\/uploads\/2025\/07\/unnamed-2-10-768x432.jpg 768w, https:\/\/sgvaimudar.com.br\/wp-content\/uploads\/2025\/07\/unnamed-2-10-1536x864.jpg 1536w, https:\/\/sgvaimudar.com.br\/wp-content\/uploads\/2025\/07\/unnamed-2-10.jpg 1600w\" sizes=\"(max-width: 1024px) 100vw, 1024px\" \/><\/figure>\n\n\n\n<p>A coordenadora do projeto, Camilla Neri, afirmou que a iniciativa \u00e9 um sucesso entre as crian\u00e7as da cidade.<\/p>\n\n\n\n<p>\u201cN\u00f3s j\u00e1 ultrapassamos a marca de 150 edi\u00e7\u00f5es da caravana, por onde passamos, os pais e respons\u00e1veis agradecem. O que me move \u00e9 saber que estamos criando mem\u00f3rias inesquec\u00edveis para os nossos pequenos goncalenses,\u201d afirmou a coordenadora.<\/p>\n\n\n\n<p>O projeto \u00e9 uma iniciativa da Funda\u00e7\u00e3o de Artes, Esporte e Lazer de S\u00e3o Gon\u00e7alo (Faelsg) e, desde sua cria\u00e7\u00e3o, em 2022, j\u00e1 beneficiou milhares de crian\u00e7as e percorreu mais de 60 bairros de S\u00e3o Gon\u00e7alo, sempre promovendo momentos de lazer, socializa\u00e7\u00e3o e alegria para as fam\u00edlias.<\/p>\n\n\n\n<p><strong>Servi\u00e7o:<\/strong><\/p>\n\n\n\n<p><strong>Domingo (13\/07):<\/strong>\u00a0Avenida Doutor Albino Imparato (ponto final, na quadra) &#8211; Jardim Catarina, das 9h \u00e0s 13h.<\/p>\n\n\n\n<p><strong><em>S\u00e3o Gon\u00e7alo vai mudar: Not\u00edcias de S\u00e3o Gon\u00e7alo e toda regi\u00e3o.<\/em><\/strong><\/p>\n\n\n\n<figure class=\"wp-block-image size-large\"><img decoding=\"async\" width=\"1024\" height=\"252\" src=\"https:\/\/sgvaimudar.com.br\/wp-content\/uploads\/2025\/03\/Anuncie-Aqui-Sao-Goncalo-vai-mudar-1024x252.jpg\" alt=\"\" class=\"wp-image-22693\" srcset=\"https:\/\/sgvaimudar.com.br\/wp-content\/uploads\/2025\/03\/Anuncie-Aqui-Sao-Goncalo-vai-mudar-1024x252.jpg 1024w, https:\/\/sgvaimudar.com.br\/wp-content\/uploads\/2025\/03\/Anuncie-Aqui-Sao-Goncalo-vai-mudar-300x74.jpg 300w, https:\/\/sgvaimudar.com.br\/wp-content\/uploads\/2025\/03\/Anuncie-Aqui-Sao-Goncalo-vai-mudar-768x189.jpg 768w, https:\/\/sgvaimudar.com.br\/wp-content\/uploads\/2025\/03\/Anuncie-Aqui-Sao-Goncalo-vai-mudar-1536x378.jpg 1536w, https:\/\/sgvaimudar.com.br\/wp-content\/uploads\/2025\/03\/Anuncie-Aqui-Sao-Goncalo-vai-mudar-2048x504.jpg 2048w\" sizes=\"(max-width: 1024px) 100vw, 1024px\" \/><\/figure>\n","protected":false},"excerpt":{"rendered":"<p>Evento aconteceu no Boa Vista neste s\u00e1bado (12) A Caravana de Arte e Lazer vai levar alegria e divers\u00e3o para&hellip;<\/p>\n","protected":false},"author":5,"featured_media":27935,"comment_status":"open","ping_status":"open","sticky":false,"template":"","format":"standard","meta":{"fifu_image_url":"","fifu_image_alt":"","footnotes":""},"categories":[6],"tags":[47,75],"class_list":["post-27933","post","type-post","status-publish","format-standard","has-post-thumbnail","hentry","category-entretenimento","tag-rj","tag-sao-goncalo"],"_links":{"self":[{"href":"https:\/\/sgvaimudar.com.br\/index.php\/wp-json\/wp\/v2\/posts\/27933","targetHints":{"allow":["GET"]}}],"collection":[{"href":"https:\/\/sgvaimudar.com.br\/index.php\/wp-json\/wp\/v2\/posts"}],"about":[{"href":"https:\/\/sgvaimudar.com.br\/index.php\/wp-json\/wp\/v2\/types\/post"}],"author":[{"embeddable":true,"href":"https:\/\/sgvaimudar.com.br\/index.php\/wp-json\/wp\/v2\/users\/5"}],"replies":[{"embeddable":true,"href":"https:\/\/sgvaimudar.com.br\/index.php\/wp-json\/wp\/v2\/comments?post=27933"}],"version-history":[{"count":1,"href":"https:\/\/sgvaimudar.com.br\/index.php\/wp-json\/wp\/v2\/posts\/27933\/revisions"}],"predecessor-version":[{"id":27936,"href":"https:\/\/sgvaimudar.com.br\/index.php\/wp-json\/wp\/v2\/posts\/27933\/revisions\/27936"}],"wp:featuredmedia":[{"embeddable":true,"href":"https:\/\/sgvaimudar.com.br\/index.php\/wp-json\/wp\/v2\/media\/27935"}],"wp:attachment":[{"href":"https:\/\/sgvaimudar.com.br\/index.php\/wp-json\/wp\/v2\/media?parent=27933"}],"wp:term":[{"taxonomy":"category","embeddable":true,"href":"https:\/\/sgvaimudar.com.br\/index.php\/wp-json\/wp\/v2\/categories?post=27933"},{"taxonomy":"post_tag","embeddable":true,"href":"https:\/\/sgvaimudar.com.br\/index.php\/wp-json\/wp\/v2\/tags?post=27933"}],"curies":[{"name":"wp","href":"https:\/\/api.w.org\/{rel}","templated":true}]}}