{"id":27919,"date":"2025-07-12T12:00:00","date_gmt":"2025-07-12T15:00:00","guid":{"rendered":"https:\/\/sgvaimudar.com.br\/?p=27919"},"modified":"2025-07-12T06:08:54","modified_gmt":"2025-07-12T09:08:54","slug":"goncalenses-recebem-cine-debate-sobre-uso-compartilhado-da-baia-de-guanabara","status":"publish","type":"post","link":"https:\/\/sgvaimudar.com.br\/index.php\/2025\/07\/12\/goncalenses-recebem-cine-debate-sobre-uso-compartilhado-da-baia-de-guanabara\/","title":{"rendered":"Gon\u00e7alenses recebem Cine Debate sobre uso compartilhado da Ba\u00eda de Guanabara"},"content":{"rendered":"\n<p><em>Evento reuniu&nbsp;pescadores, t\u00e9cnicos e representantes p\u00fablicos para refletir sobre os desafios da Ba\u00eda&nbsp;<\/em><\/p>\n\n\n\n<p>A cidade de S\u00e3o Gon\u00e7alo foi palco, nesta sexta-feira (11), de mais uma edi\u00e7\u00e3o do Cine Debate promovido pelo Projeto de Educa\u00e7\u00e3o Ambiental (PEA) Redes da Ba\u00eda de Guanabara, realizado pela TotalEnergies, com apoio das Secretarias e Desenvolvimento Econ\u00f4mico e de Meio Ambiente e Transportes da Prefeitura. <\/p>\n\n\n\n<p>A atividade aconteceu no Shopping Partage e reuniu representantes do poder p\u00fablico, pesquisadores, pescadores e empres\u00e1rios ligados \u00e0 Ba\u00eda de Guanabara para discutir seu uso compartilhado e desafios.<\/p>\n\n\n\n<figure class=\"wp-block-image size-full\"><img fetchpriority=\"high\" decoding=\"async\" width=\"1024\" height=\"681\" src=\"https:\/\/sgvaimudar.com.br\/wp-content\/uploads\/2025\/07\/unnamed-14-2.jpg\" alt=\"\" class=\"wp-image-27920\" srcset=\"https:\/\/sgvaimudar.com.br\/wp-content\/uploads\/2025\/07\/unnamed-14-2.jpg 1024w, https:\/\/sgvaimudar.com.br\/wp-content\/uploads\/2025\/07\/unnamed-14-2-300x200.jpg 300w, https:\/\/sgvaimudar.com.br\/wp-content\/uploads\/2025\/07\/unnamed-14-2-768x511.jpg 768w\" sizes=\"(max-width: 1024px) 100vw, 1024px\" \/><\/figure>\n\n\n\n<p>O evento exibiu o epis\u00f3dio 2 da s\u00e9rie documental Espelhos da Ba\u00eda, que apresenta os diversos atores que utilizam o espelho d\u2019\u00e1gua da Ba\u00eda ao longo de um dia, como pescadores, empresas de turismo, embarca\u00e7\u00f5es de apoio \u00e0 ind\u00fastria petrol\u00edfera e esportistas. Ap\u00f3s a exibi\u00e7\u00e3o, o p\u00fablico foi dividido em grupos para oficinas tem\u00e1ticas, debates e preenchimento de avalia\u00e7\u00f5es digitais, resultando em reflex\u00f5es coletivas e falas abertas sobre os caminhos para uma gest\u00e3o mais eficiente e inclusiva da Ba\u00eda.<\/p>\n\n\n\n<p>Presente no evento, o secret\u00e1rio municipal de Desenvolvimento Econ\u00f4mico, Evanildo Barreto, ressaltou a relev\u00e2ncia de S\u00e3o Gon\u00e7alo participar desse tipo de discuss\u00e3o.<\/p>\n\n\n\n<p>\u201cFui convidado pela TotalEnergies e pela Secretaria de Estado da Economia do Mar para assistir a esse debate na Capitania dos Portos. Esse projeto \u00e9 important\u00edssimo para dialogarmos sobre os desafios da nossa regi\u00e3o e contribuir para a conscientiza\u00e7\u00e3o ambiental e social dos diversos atores que utilizam a Ba\u00eda de Guanabara\u201d, afirmou.<\/p>\n\n\n\n<p>O Projeto Redes da Ba\u00eda de Guanabara tem como objetivo apoiar os m\u00faltiplos usu\u00e1rios da regi\u00e3o na constru\u00e7\u00e3o de um espa\u00e7o de di\u00e1logo p\u00fablico que contribua para o aprimoramento da gest\u00e3o compartilhada desse territ\u00f3rio costeiro. A iniciativa integra as medidas de mitiga\u00e7\u00e3o do Licenciamento Ambiental Federal conduzido pelo Ibama.<\/p>\n\n\n\n<p>Atuando em sete munic\u00edpios do entorno da Ba\u00eda como Rio de Janeiro, Duque de Caxias, Mag\u00e9, Guapimirim, Itabora\u00ed, S\u00e3o Gon\u00e7alo e Niter\u00f3i, o projeto busca envolver n\u00e3o apenas usu\u00e1rios diretos da Ba\u00eda, mas tamb\u00e9m os \u00f3rg\u00e3os p\u00fablicos respons\u00e1veis pela gest\u00e3o ambiental e pelo controle do tr\u00e1fego aquavi\u00e1rio.&nbsp;<\/p>\n\n\n\n<p><em>Fotos: Julio Diniz<\/em><\/p>\n\n\n\n<p><strong><em>S\u00e3o Gon\u00e7alo vai mudar: Not\u00edcias de S\u00e3o Gon\u00e7alo e toda regi\u00e3o.<\/em><\/strong><\/p>\n\n\n\n<figure class=\"wp-block-image size-large\"><img decoding=\"async\" width=\"1024\" height=\"252\" src=\"https:\/\/sgvaimudar.com.br\/wp-content\/uploads\/2025\/03\/Anuncie-Aqui-Sao-Goncalo-vai-mudar-1024x252.jpg\" alt=\"\" class=\"wp-image-22693\" srcset=\"https:\/\/sgvaimudar.com.br\/wp-content\/uploads\/2025\/03\/Anuncie-Aqui-Sao-Goncalo-vai-mudar-1024x252.jpg 1024w, https:\/\/sgvaimudar.com.br\/wp-content\/uploads\/2025\/03\/Anuncie-Aqui-Sao-Goncalo-vai-mudar-300x74.jpg 300w, https:\/\/sgvaimudar.com.br\/wp-content\/uploads\/2025\/03\/Anuncie-Aqui-Sao-Goncalo-vai-mudar-768x189.jpg 768w, https:\/\/sgvaimudar.com.br\/wp-content\/uploads\/2025\/03\/Anuncie-Aqui-Sao-Goncalo-vai-mudar-1536x378.jpg 1536w, https:\/\/sgvaimudar.com.br\/wp-content\/uploads\/2025\/03\/Anuncie-Aqui-Sao-Goncalo-vai-mudar-2048x504.jpg 2048w\" sizes=\"(max-width: 1024px) 100vw, 1024px\" \/><\/figure>\n","protected":false},"excerpt":{"rendered":"<p>Evento reuniu&nbsp;pescadores, t\u00e9cnicos e representantes p\u00fablicos para refletir sobre os desafios da Ba\u00eda&nbsp; A cidade de S\u00e3o Gon\u00e7alo foi palco,&hellip;<\/p>\n","protected":false},"author":5,"featured_media":27921,"comment_status":"open","ping_status":"open","sticky":false,"template":"","format":"standard","meta":{"fifu_image_url":"","fifu_image_alt":"","footnotes":""},"categories":[3],"tags":[47,75],"class_list":["post-27919","post","type-post","status-publish","format-standard","has-post-thumbnail","hentry","category-sao-goncalo","tag-rj","tag-sao-goncalo"],"_links":{"self":[{"href":"https:\/\/sgvaimudar.com.br\/index.php\/wp-json\/wp\/v2\/posts\/27919","targetHints":{"allow":["GET"]}}],"collection":[{"href":"https:\/\/sgvaimudar.com.br\/index.php\/wp-json\/wp\/v2\/posts"}],"about":[{"href":"https:\/\/sgvaimudar.com.br\/index.php\/wp-json\/wp\/v2\/types\/post"}],"author":[{"embeddable":true,"href":"https:\/\/sgvaimudar.com.br\/index.php\/wp-json\/wp\/v2\/users\/5"}],"replies":[{"embeddable":true,"href":"https:\/\/sgvaimudar.com.br\/index.php\/wp-json\/wp\/v2\/comments?post=27919"}],"version-history":[{"count":1,"href":"https:\/\/sgvaimudar.com.br\/index.php\/wp-json\/wp\/v2\/posts\/27919\/revisions"}],"predecessor-version":[{"id":27922,"href":"https:\/\/sgvaimudar.com.br\/index.php\/wp-json\/wp\/v2\/posts\/27919\/revisions\/27922"}],"wp:featuredmedia":[{"embeddable":true,"href":"https:\/\/sgvaimudar.com.br\/index.php\/wp-json\/wp\/v2\/media\/27921"}],"wp:attachment":[{"href":"https:\/\/sgvaimudar.com.br\/index.php\/wp-json\/wp\/v2\/media?parent=27919"}],"wp:term":[{"taxonomy":"category","embeddable":true,"href":"https:\/\/sgvaimudar.com.br\/index.php\/wp-json\/wp\/v2\/categories?post=27919"},{"taxonomy":"post_tag","embeddable":true,"href":"https:\/\/sgvaimudar.com.br\/index.php\/wp-json\/wp\/v2\/tags?post=27919"}],"curies":[{"name":"wp","href":"https:\/\/api.w.org\/{rel}","templated":true}]}}