{"id":27902,"date":"2025-07-12T07:00:00","date_gmt":"2025-07-12T10:00:00","guid":{"rendered":"https:\/\/sgvaimudar.com.br\/?p=27902"},"modified":"2025-07-12T05:36:48","modified_gmt":"2025-07-12T08:36:48","slug":"cruzeiro-encaminha-contratacao-de-matheus-goncalves-do-flamengo","status":"publish","type":"post","link":"https:\/\/sgvaimudar.com.br\/index.php\/2025\/07\/12\/cruzeiro-encaminha-contratacao-de-matheus-goncalves-do-flamengo\/","title":{"rendered":"Cruzeiro encaminha contrata\u00e7\u00e3o de Matheus Gon\u00e7alves, do Flamengo"},"content":{"rendered":"\n<p><em>Rubro-Negro aceita proposta de 3,5 milh\u00f5es de euros por 50% dos direitos econ\u00f4micos; clubes discutem somente forma de pagamento para concluir\u00a0transa\u00e7\u00e3o<\/em><\/p>\n\n\n\n<p>O Flamengo e Cruzeiro est\u00e3o pr\u00f3ximos de um acordo por Matheus Gon\u00e7alves. Os cariocas aceitaram uma proposta de 3,5 milh\u00f5es de euros &#8211; pouco mais de R$ 22 milh\u00f5es &#8211; por 50% dos direitos econ\u00f4micos e agora discutem a forma de pagamento com os mineiros. O jogador j\u00e1 acertou as bases salariais e deu o ok para transfer\u00eancia.<\/p>\n\n\n\n<p>Matheus Gon\u00e7alves, de 19 anos, vem recebendo poucas oportunidades no time principal e chegou a pedir para jogar no Sub-20 para se manter em atividade. Na noite de quinta-feira, o jovem marcou dois gols no empate por 2 a 2 com o Botafogo pelo Brasileir\u00e3o da categoria.<\/p>\n\n\n\n<p>A contrata\u00e7\u00e3o \u00e9 um pedido do treinador portugu\u00eas Leonardo Jardim, que se diz encantado com a capacidade do jovem rubro-negro. Na Toca da Raposa, Gon\u00e7alves reencontrar\u00e1 Gabigol e Fabr\u00edcio Bruno, com quem atuou no Flamengo.<\/p>\n\n\n\n<p>A expectativa das partes \u00e9 de que o acerto seja sacramentado em breve. A proposta inicial do Cruzeiro era de 3,5 milh\u00f5es por 70%, mas o Flamengo fez jogo duro para manter um percentual\u00a0maior.<\/p>\n\n\n\n<p>Tratado como uma joia no Flamengo, Matheus Gon\u00e7alves estreou no time profissional na reta final do Brasileir\u00e3o de 2022, ent\u00e3o com 17 anos. No segundo semestre de 2023, chegou a ser emprestado ao Bragantino, pelo qual disputou 13 partidas. Voltou ao Flamengo no in\u00edcio de 2024 e desde ent\u00e3o marcou quatro gols em 36 jogos pelo time principal.<\/p>\n\n\n\n<p><em>Fonte: gE<\/em><\/p>\n\n\n\n<p><strong><em>S\u00e3o Gon\u00e7alo vai mudar: Not\u00edcias de S\u00e3o Gon\u00e7alo e toda regi\u00e3o.<\/em><\/strong><\/p>\n\n\n\n<figure class=\"wp-block-image size-large\"><img fetchpriority=\"high\" decoding=\"async\" width=\"1024\" height=\"252\" src=\"https:\/\/sgvaimudar.com.br\/wp-content\/uploads\/2025\/03\/Anuncie-Aqui-Sao-Goncalo-vai-mudar-1024x252.jpg\" alt=\"\" class=\"wp-image-22693\" srcset=\"https:\/\/sgvaimudar.com.br\/wp-content\/uploads\/2025\/03\/Anuncie-Aqui-Sao-Goncalo-vai-mudar-1024x252.jpg 1024w, https:\/\/sgvaimudar.com.br\/wp-content\/uploads\/2025\/03\/Anuncie-Aqui-Sao-Goncalo-vai-mudar-300x74.jpg 300w, https:\/\/sgvaimudar.com.br\/wp-content\/uploads\/2025\/03\/Anuncie-Aqui-Sao-Goncalo-vai-mudar-768x189.jpg 768w, https:\/\/sgvaimudar.com.br\/wp-content\/uploads\/2025\/03\/Anuncie-Aqui-Sao-Goncalo-vai-mudar-1536x378.jpg 1536w, https:\/\/sgvaimudar.com.br\/wp-content\/uploads\/2025\/03\/Anuncie-Aqui-Sao-Goncalo-vai-mudar-2048x504.jpg 2048w\" sizes=\"(max-width: 1024px) 100vw, 1024px\" \/><\/figure>\n","protected":false},"excerpt":{"rendered":"<p>Rubro-Negro aceita proposta de 3,5 milh\u00f5es de euros por 50% dos direitos econ\u00f4micos; clubes discutem somente forma de pagamento para&hellip;<\/p>\n","protected":false},"author":5,"featured_media":27903,"comment_status":"open","ping_status":"open","sticky":false,"template":"","format":"standard","meta":{"fifu_image_url":"","fifu_image_alt":"","footnotes":""},"categories":[5],"tags":[47],"class_list":["post-27902","post","type-post","status-publish","format-standard","has-post-thumbnail","hentry","category-esportes","tag-rj"],"_links":{"self":[{"href":"https:\/\/sgvaimudar.com.br\/index.php\/wp-json\/wp\/v2\/posts\/27902","targetHints":{"allow":["GET"]}}],"collection":[{"href":"https:\/\/sgvaimudar.com.br\/index.php\/wp-json\/wp\/v2\/posts"}],"about":[{"href":"https:\/\/sgvaimudar.com.br\/index.php\/wp-json\/wp\/v2\/types\/post"}],"author":[{"embeddable":true,"href":"https:\/\/sgvaimudar.com.br\/index.php\/wp-json\/wp\/v2\/users\/5"}],"replies":[{"embeddable":true,"href":"https:\/\/sgvaimudar.com.br\/index.php\/wp-json\/wp\/v2\/comments?post=27902"}],"version-history":[{"count":1,"href":"https:\/\/sgvaimudar.com.br\/index.php\/wp-json\/wp\/v2\/posts\/27902\/revisions"}],"predecessor-version":[{"id":27904,"href":"https:\/\/sgvaimudar.com.br\/index.php\/wp-json\/wp\/v2\/posts\/27902\/revisions\/27904"}],"wp:featuredmedia":[{"embeddable":true,"href":"https:\/\/sgvaimudar.com.br\/index.php\/wp-json\/wp\/v2\/media\/27903"}],"wp:attachment":[{"href":"https:\/\/sgvaimudar.com.br\/index.php\/wp-json\/wp\/v2\/media?parent=27902"}],"wp:term":[{"taxonomy":"category","embeddable":true,"href":"https:\/\/sgvaimudar.com.br\/index.php\/wp-json\/wp\/v2\/categories?post=27902"},{"taxonomy":"post_tag","embeddable":true,"href":"https:\/\/sgvaimudar.com.br\/index.php\/wp-json\/wp\/v2\/tags?post=27902"}],"curies":[{"name":"wp","href":"https:\/\/api.w.org\/{rel}","templated":true}]}}