{"id":27879,"date":"2025-07-11T11:59:00","date_gmt":"2025-07-11T14:59:00","guid":{"rendered":"https:\/\/sgvaimudar.com.br\/?p=27879"},"modified":"2025-07-11T10:43:25","modified_gmt":"2025-07-11T13:43:25","slug":"operacao-contra-motos-barulhentas-soma-mais-de-700-abordagens-e-16-apreensoes-esta-semana","status":"publish","type":"post","link":"https:\/\/sgvaimudar.com.br\/index.php\/2025\/07\/11\/operacao-contra-motos-barulhentas-soma-mais-de-700-abordagens-e-16-apreensoes-esta-semana\/","title":{"rendered":"Opera\u00e7\u00e3o contra motos barulhentas soma mais de 700 abordagens e 16 apreens\u00f5es esta semana"},"content":{"rendered":"\n<p><em>Toler\u00e2ncia Zero segue sendo realizada de forma recorrente em S\u00e3o Gon\u00e7alo&nbsp;<\/em><\/p>\n\n\n\n<p>A Secretaria de Transportes da Prefeitura de S\u00e3o Gon\u00e7alo realizou 720 abordagens a motocicletas durante as opera\u00e7\u00f5es Toler\u00e2ncia Zero realizadas pelo munic\u00edpio nesta semana. Ao todo, 16 motos foram removidas para o P\u00e1tio Municipal durante as a\u00e7\u00f5es e um ve\u00edculo roubado foi recuperado. A primeira a\u00e7\u00e3o aconteceu na ter\u00e7a-feira (8) nos bairros Porto da Pedra e Parada 40; j\u00e1 a segunda fiscaliza\u00e7\u00e3o aconteceu nesta quinta-feira (10), no Mutondo.<\/p>\n\n\n\n<p>A Opera\u00e7\u00e3o Toler\u00e2ncia Zero conta com o apoio de agentes do programa Seguran\u00e7a Presente, do 7\u00ba Batalh\u00e3o da Pol\u00edcia Militar e da Guarda Municipal e foca em combater motocicletas barulhentas, com descargas adulteradas ou ve\u00edculos sem placa por todo o munic\u00edpio. Durante a a\u00e7\u00e3o, os agentes utilizam um decibel\u00edmetro para verificar se os escapamentos das motos est\u00e3o dentro dos padr\u00f5es permitidos por lei.<\/p>\n\n\n\n<figure class=\"wp-block-image size-large\"><img fetchpriority=\"high\" decoding=\"async\" width=\"1024\" height=\"576\" src=\"https:\/\/sgvaimudar.com.br\/wp-content\/uploads\/2025\/07\/unnamed-6-7-1024x576.jpg\" alt=\"\" class=\"wp-image-27881\" srcset=\"https:\/\/sgvaimudar.com.br\/wp-content\/uploads\/2025\/07\/unnamed-6-7-1024x576.jpg 1024w, https:\/\/sgvaimudar.com.br\/wp-content\/uploads\/2025\/07\/unnamed-6-7-300x169.jpg 300w, https:\/\/sgvaimudar.com.br\/wp-content\/uploads\/2025\/07\/unnamed-6-7-768x432.jpg 768w, https:\/\/sgvaimudar.com.br\/wp-content\/uploads\/2025\/07\/unnamed-6-7-1536x864.jpg 1536w, https:\/\/sgvaimudar.com.br\/wp-content\/uploads\/2025\/07\/unnamed-6-7.jpg 1599w\" sizes=\"(max-width: 1024px) 100vw, 1024px\" \/><\/figure>\n\n\n\n<p>Na ter\u00e7a-feira (8), os agentes da Secretaria de Meio Ambiente e Transportes abordaram 327 motocicletas. Destas, oito motos passaram pelo teste com o decibel\u00edmetro e quatro foram reprovadas e removidas. Outras duas motocicletas foram removidas por estarem sem placa. Foram lavrados 39 autos de infra\u00e7\u00e3o.<\/p>\n\n\n\n<p>Um dos homens abordados estava com uma moto roubada. O suspeito foi abordado e foi confirmado que a moto constava como roubada no sistema. Indagado, ele confirmou o crime, mas disse que a moto foi roubada por seu primo, que o emprestou o ve\u00edculo para que ele andasse pelo munic\u00edpio. O suspeito foi preso e a moto foi recuperada.<\/p>\n\n\n\n<p>Na quinta-feira (10), foram realizadas 393 abordagens, com a realiza\u00e7\u00e3o de 12 testes com o decibel\u00edmetro. Destes testes, oito motos foram reprovadas e removidas e outras duas foram removidas por estarem sem placa. Foram lavrados 31 autos de infra\u00e7\u00e3o.<\/p>\n\n\n\n<p>A Opera\u00e7\u00e3o Toler\u00e2ncia Zero \u00e9 resultado dos esfor\u00e7os do poder p\u00fablico para garantir a aplica\u00e7\u00e3o das leis contra motos barulhentas pela cidade.<\/p>\n\n\n\n<p>&#8220;As motos barulhentas s\u00e3o motivo de reclama\u00e7\u00e3o constante das pessoas e iniciamos nossas opera\u00e7\u00f5es ao perceber isso. Nosso objetivo principal \u00e9 combater esse tipo de problema para que o gon\u00e7alense consiga viver em paz e transitar pelas ruas com mais tranquilidade. Nossas a\u00e7\u00f5es acontecem mais de uma vez por semana, nos mais distintos bairros e vamos seguir por mais. A gente tem percebido, todas as semanas, que o n\u00famero de infra\u00e7\u00f5es diminui, mesmo com o n\u00famero de abordagens sendo constante. Com isso, vemos que estamos conseguindo obter o resultado desejado&#8221;, afirmou o secret\u00e1rio de Meio Ambiente e Transportes, Fabio Lemos.<\/p>\n\n\n\n<p><strong><em>Fa\u00e7a sua den\u00fancia pelo nosso WhatsApp: (21) <\/em><\/strong><strong><em>99744 5345<\/em><\/strong><strong><em><\/em><\/strong><\/p>\n\n\n\n<p><strong><em>S\u00e3o Gon\u00e7alo vai mudar: Not\u00edcias de S\u00e3o Gon\u00e7alo e toda regi\u00e3o.<\/em><\/strong><\/p>\n\n\n\n<figure class=\"wp-block-image size-large\"><img decoding=\"async\" width=\"1024\" height=\"252\" src=\"https:\/\/sgvaimudar.com.br\/wp-content\/uploads\/2025\/03\/Anuncie-Aqui-Sao-Goncalo-vai-mudar-1024x252.jpg\" alt=\"\" class=\"wp-image-22693\" srcset=\"https:\/\/sgvaimudar.com.br\/wp-content\/uploads\/2025\/03\/Anuncie-Aqui-Sao-Goncalo-vai-mudar-1024x252.jpg 1024w, https:\/\/sgvaimudar.com.br\/wp-content\/uploads\/2025\/03\/Anuncie-Aqui-Sao-Goncalo-vai-mudar-300x74.jpg 300w, https:\/\/sgvaimudar.com.br\/wp-content\/uploads\/2025\/03\/Anuncie-Aqui-Sao-Goncalo-vai-mudar-768x189.jpg 768w, https:\/\/sgvaimudar.com.br\/wp-content\/uploads\/2025\/03\/Anuncie-Aqui-Sao-Goncalo-vai-mudar-1536x378.jpg 1536w, https:\/\/sgvaimudar.com.br\/wp-content\/uploads\/2025\/03\/Anuncie-Aqui-Sao-Goncalo-vai-mudar-2048x504.jpg 2048w\" sizes=\"(max-width: 1024px) 100vw, 1024px\" \/><\/figure>\n","protected":false},"excerpt":{"rendered":"<p>Toler\u00e2ncia Zero segue sendo realizada de forma recorrente em S\u00e3o Gon\u00e7alo&nbsp; A Secretaria de Transportes da Prefeitura de S\u00e3o Gon\u00e7alo&hellip;<\/p>\n","protected":false},"author":5,"featured_media":27880,"comment_status":"open","ping_status":"open","sticky":false,"template":"","format":"standard","meta":{"fifu_image_url":"","fifu_image_alt":"","footnotes":""},"categories":[32],"tags":[39,41,40,47,75],"class_list":["post-27879","post","type-post","status-publish","format-standard","has-post-thumbnail","hentry","category-casos-de-policia","tag-ataque","tag-conflito","tag-guerra","tag-rj","tag-sao-goncalo"],"_links":{"self":[{"href":"https:\/\/sgvaimudar.com.br\/index.php\/wp-json\/wp\/v2\/posts\/27879","targetHints":{"allow":["GET"]}}],"collection":[{"href":"https:\/\/sgvaimudar.com.br\/index.php\/wp-json\/wp\/v2\/posts"}],"about":[{"href":"https:\/\/sgvaimudar.com.br\/index.php\/wp-json\/wp\/v2\/types\/post"}],"author":[{"embeddable":true,"href":"https:\/\/sgvaimudar.com.br\/index.php\/wp-json\/wp\/v2\/users\/5"}],"replies":[{"embeddable":true,"href":"https:\/\/sgvaimudar.com.br\/index.php\/wp-json\/wp\/v2\/comments?post=27879"}],"version-history":[{"count":1,"href":"https:\/\/sgvaimudar.com.br\/index.php\/wp-json\/wp\/v2\/posts\/27879\/revisions"}],"predecessor-version":[{"id":27882,"href":"https:\/\/sgvaimudar.com.br\/index.php\/wp-json\/wp\/v2\/posts\/27879\/revisions\/27882"}],"wp:featuredmedia":[{"embeddable":true,"href":"https:\/\/sgvaimudar.com.br\/index.php\/wp-json\/wp\/v2\/media\/27880"}],"wp:attachment":[{"href":"https:\/\/sgvaimudar.com.br\/index.php\/wp-json\/wp\/v2\/media?parent=27879"}],"wp:term":[{"taxonomy":"category","embeddable":true,"href":"https:\/\/sgvaimudar.com.br\/index.php\/wp-json\/wp\/v2\/categories?post=27879"},{"taxonomy":"post_tag","embeddable":true,"href":"https:\/\/sgvaimudar.com.br\/index.php\/wp-json\/wp\/v2\/tags?post=27879"}],"curies":[{"name":"wp","href":"https:\/\/api.w.org\/{rel}","templated":true}]}}