{"id":27876,"date":"2025-07-11T12:00:00","date_gmt":"2025-07-11T15:00:00","guid":{"rendered":"https:\/\/sgvaimudar.com.br\/?p=27876"},"modified":"2025-07-11T10:36:56","modified_gmt":"2025-07-11T13:36:56","slug":"capacitacao-em-alta-projeto-lidera-mulher-inicia-a-15a-turma","status":"publish","type":"post","link":"https:\/\/sgvaimudar.com.br\/index.php\/2025\/07\/11\/capacitacao-em-alta-projeto-lidera-mulher-inicia-a-15a-turma\/","title":{"rendered":"Capacita\u00e7\u00e3o em alta: Projeto Lidera Mulher inicia a 15\u00aa turma"},"content":{"rendered":"\n<p><em>Capacita\u00e7\u00e3o para mulheres empreendedoras \u00e9 uma parceria entre Prefeitura e Sebrae<\/em><\/p>\n\n\n\n<p>A 15\u00aa turma do projeto Lidera Mulher foi iniciada na tarde desta quinta-feira (10\/07). A capacita\u00e7\u00e3o visa garantir ensinamentos sobre empreendedorismo para mulheres gon\u00e7alenses. O projeto \u00e9 uma iniciativa da Secretaria de Assist\u00eancia Social da Prefeitura de S\u00e3o Gon\u00e7alo, atrav\u00e9s da Subsecretaria de Pol\u00edticas P\u00fablicas para as Mulheres, em parceria com o Sebrae.\u00a0<\/p>\n\n\n\n<p>A aula inaugural teve como tema \u201cOrganiza\u00e7\u00e3o Financeira\u201d e foi ministrada pelo instrutor do Sebrae Diego Jesus. Durante o curso, ser\u00e3o ministrados conte\u00fados que auxiliem nas vendas, no uso das redes sociais como ferramenta de neg\u00f3cios, al\u00e9m de aulas de como precificar produtos, como se tornar microempreendedor individual, entre outras.&nbsp;<\/p>\n\n\n\n<p>As aulas acontecem sempre \u00e0s quintas-feiras, das 13h \u00e0s 17h, no Espa\u00e7o Mais Conhecimento do Partage Shopping, no Centro.&nbsp;&nbsp;<\/p>\n\n\n\n<p>\u201c\u00c9 importante refor\u00e7ar que o Lidera Mulher est\u00e1 para al\u00e9m das aulas. Aqui, diversas mulheres recebem informa\u00e7\u00f5es sobre viol\u00eancia dom\u00e9stica e tamb\u00e9m sobre a pol\u00edtica p\u00fablica da mulher na cidade de S\u00e3o Gon\u00e7alo. O projeto tem visibilidade e hoje \u00e9 um sucesso, porque ele tem o acompanhamento t\u00e9cnico, n\u00e3o s\u00f3 de aulas com os instrutores do Sebrae, mas tamb\u00e9m com t\u00e9cnicos especializados da subsecretaria. O prefeito Capit\u00e3o Nelson tem apoiado bastante o projeto, pois acredita que nele as mulheres ter\u00e3o a oportunidade de se tornarem grandes empreendedoras\u201d, destacou a subsecret\u00e1ria de Pol\u00edticas P\u00fablicas para as Mulheres, Ana Cristina da Silva.<\/p>\n\n\n\n<p>A moradora do Jardim Nova Rep\u00fablica, Jocyara F\u00e9lix, de 29 anos, diz que j\u00e1 trabalha como empreendedora, mas quis realizar o curso para adquirir outros aprendizados.<\/p>\n\n\n\n<p>\u201cQuero ampliar meus conhecimentos para outras \u00e1reas tamb\u00e9m. Gosto de marketing digital e, a partir do curso, pretendo empreender ainda mais, aprender a captar clientes e abrir um leque de oportunidades. A expectativa \u00e9 grande\u201d, afirmou.<\/p>\n\n\n\n<p>Ao final do curso, as participantes ter\u00e3o a chance de expor seus produtos e servi\u00e7os no Espa\u00e7o Lidera Mulher, al\u00e9m de integrar a Feira da Mulher Empreendedora, realizada na Pra\u00e7a Luiz Palmier, caso optem por essa oportunidade.<\/p>\n\n\n\n<p><em>Foto: Fabio Guimar\u00e3es<\/em><\/p>\n\n\n\n<p><strong><em>S\u00e3o Gon\u00e7alo vai mudar: Not\u00edcias de S\u00e3o Gon\u00e7alo e toda regi\u00e3o.<\/em><\/strong><\/p>\n\n\n\n<figure class=\"wp-block-image size-large\"><img fetchpriority=\"high\" decoding=\"async\" width=\"1024\" height=\"252\" src=\"https:\/\/sgvaimudar.com.br\/wp-content\/uploads\/2025\/03\/Anuncie-Aqui-Sao-Goncalo-vai-mudar-1024x252.jpg\" alt=\"\" class=\"wp-image-22693\" srcset=\"https:\/\/sgvaimudar.com.br\/wp-content\/uploads\/2025\/03\/Anuncie-Aqui-Sao-Goncalo-vai-mudar-1024x252.jpg 1024w, https:\/\/sgvaimudar.com.br\/wp-content\/uploads\/2025\/03\/Anuncie-Aqui-Sao-Goncalo-vai-mudar-300x74.jpg 300w, https:\/\/sgvaimudar.com.br\/wp-content\/uploads\/2025\/03\/Anuncie-Aqui-Sao-Goncalo-vai-mudar-768x189.jpg 768w, https:\/\/sgvaimudar.com.br\/wp-content\/uploads\/2025\/03\/Anuncie-Aqui-Sao-Goncalo-vai-mudar-1536x378.jpg 1536w, https:\/\/sgvaimudar.com.br\/wp-content\/uploads\/2025\/03\/Anuncie-Aqui-Sao-Goncalo-vai-mudar-2048x504.jpg 2048w\" sizes=\"(max-width: 1024px) 100vw, 1024px\" \/><\/figure>\n","protected":false},"excerpt":{"rendered":"<p>Capacita\u00e7\u00e3o para mulheres empreendedoras \u00e9 uma parceria entre Prefeitura e Sebrae A 15\u00aa turma do projeto Lidera Mulher foi iniciada&hellip;<\/p>\n","protected":false},"author":5,"featured_media":27877,"comment_status":"open","ping_status":"open","sticky":false,"template":"","format":"standard","meta":{"fifu_image_url":"","fifu_image_alt":"","footnotes":""},"categories":[3],"tags":[47,75],"class_list":["post-27876","post","type-post","status-publish","format-standard","has-post-thumbnail","hentry","category-sao-goncalo","tag-rj","tag-sao-goncalo"],"_links":{"self":[{"href":"https:\/\/sgvaimudar.com.br\/index.php\/wp-json\/wp\/v2\/posts\/27876","targetHints":{"allow":["GET"]}}],"collection":[{"href":"https:\/\/sgvaimudar.com.br\/index.php\/wp-json\/wp\/v2\/posts"}],"about":[{"href":"https:\/\/sgvaimudar.com.br\/index.php\/wp-json\/wp\/v2\/types\/post"}],"author":[{"embeddable":true,"href":"https:\/\/sgvaimudar.com.br\/index.php\/wp-json\/wp\/v2\/users\/5"}],"replies":[{"embeddable":true,"href":"https:\/\/sgvaimudar.com.br\/index.php\/wp-json\/wp\/v2\/comments?post=27876"}],"version-history":[{"count":1,"href":"https:\/\/sgvaimudar.com.br\/index.php\/wp-json\/wp\/v2\/posts\/27876\/revisions"}],"predecessor-version":[{"id":27878,"href":"https:\/\/sgvaimudar.com.br\/index.php\/wp-json\/wp\/v2\/posts\/27876\/revisions\/27878"}],"wp:featuredmedia":[{"embeddable":true,"href":"https:\/\/sgvaimudar.com.br\/index.php\/wp-json\/wp\/v2\/media\/27877"}],"wp:attachment":[{"href":"https:\/\/sgvaimudar.com.br\/index.php\/wp-json\/wp\/v2\/media?parent=27876"}],"wp:term":[{"taxonomy":"category","embeddable":true,"href":"https:\/\/sgvaimudar.com.br\/index.php\/wp-json\/wp\/v2\/categories?post=27876"},{"taxonomy":"post_tag","embeddable":true,"href":"https:\/\/sgvaimudar.com.br\/index.php\/wp-json\/wp\/v2\/tags?post=27876"}],"curies":[{"name":"wp","href":"https:\/\/api.w.org\/{rel}","templated":true}]}}