{"id":27855,"date":"2025-07-11T09:09:26","date_gmt":"2025-07-11T12:09:26","guid":{"rendered":"https:\/\/sgvaimudar.com.br\/?p=27855"},"modified":"2025-07-11T10:15:39","modified_gmt":"2025-07-11T13:15:39","slug":"confronto-com-a-pm-termina-com-um-morto-outro-baleado-e-um-fuzil-apreendido-na-comunidade-do-risca-faca-em-sao-goncalo","status":"publish","type":"post","link":"https:\/\/sgvaimudar.com.br\/index.php\/2025\/07\/11\/confronto-com-a-pm-termina-com-um-morto-outro-baleado-e-um-fuzil-apreendido-na-comunidade-do-risca-faca-em-sao-goncalo\/","title":{"rendered":"Confronto com a PM termina com um morto, outro baleado e um fuzil apreendido na Comunidade do Risca Faca, em S\u00e3o Gon\u00e7alo"},"content":{"rendered":"\n<p><em>Suspeito estava armado com um fuzil AR-10 calibre 7.62, carregador e nove muni\u00e7\u00f5es&nbsp;<\/em><\/p>\n\n\n\n<p><em>Por Wellington Serrano Gomes<\/em><\/p>\n\n\n\n<p>Um homem identificado apenas como F\u00e1bio, vulgo <em><strong>FB<\/strong><\/em>, suspeito de integrar o Comando Vermelho (CV) do tr\u00e1fico da comunidade do Risca Faca, em Maria Paula, S\u00e3o Gon\u00e7alo, foi morto, e Carlos Douglas do Nascimento e Silva, de 37 anos, foi baleado, na noite desta quinta-feira (10), ap\u00f3s troca de tiros com policiais militares do 7\u00baBPM.<\/p>\n\n\n\n<p><strong>DIN\u00c2MICA:<\/strong> Segundo as informa\u00e7\u00f5es da pol\u00edcia, o intenso tiroteio que apavorou os moradores aconteceu por volta das 19h40min., durante refor\u00e7o no patrulhamento abrangendo toda extens\u00e3o da RJ-104,&nbsp;RJ-100 e RJ 106 com o objetivo de reprimir a a\u00e7\u00e3o de indiv\u00edduos envolvidos em roubos de ve\u00edculos e cargas na regi\u00e3o.<\/p>\n\n\n\n<p>De acordo com a PM, os agentes tamb\u00e9m trabalhavam em \u00e1reas de mancha criminal que elementos em trafic\u00e2ncia fazem a obstru\u00e7\u00f5es de vias, dificultando a entrada dos servi\u00e7os b\u00e1sicos a popula\u00e7\u00e3o al\u00e9m de limitar o direito de ir e vir do cidad\u00e3o. <\/p>\n\n\n\n<p>Durante o patrulhamento na RJ 100, as margens da Comunidade do Risca Faca, na Avenida  Expedicion\u00e1rio Bittencourt Rodrigues, ao lado da UPA do Campo Novo, as equipes do Grupamento de A\u00e7\u00f5es T\u00e1ticas (GAT), se depararam com elementos armados que efetuaram disparos em dire\u00e7\u00e3o a guarni\u00e7\u00e3o, que imediatamente revidou e houve um confronto.<\/p>\n\n\n\n<p>Na a\u00e7\u00e3o, foi realizado o cerco t\u00e1tico onde ap\u00f3s confronto armado as equipes deteram  <strong>FB<\/strong> de posse do fuzil AR-10 calibre 7.62, carregador e nove muni\u00e7\u00f5es. Conforme a Pol\u00edcia Militar, <strong><em>FB<\/em><\/strong> preso pela guarni\u00e7\u00e3o durante o confronto foi baleado e socorrido com vida ao Hospital Estadual Alberto Torres (Heat), mas n\u00e3o resistiu aos ferimentos.<\/p>\n\n\n\n<p>A PM destacou que o outro baleado Carlos Douglas deu entrada com vida no Heat, setor de emerg\u00eancia \u00e0s 21h15min., deixado no local por populares, ele foi operado e, segundo o hospital, seu estado de sa\u00fade \u00e9 est\u00e1vel.<\/p>\n\n\n\n<p>O registro da ocorr\u00eancia foi feito na 75\u00aa DP e posteriormente na Delegacia de Homic\u00eddio de Niter\u00f3i, S\u00e3o Gon\u00e7alo e Itabora\u00ed (DHNSGI) que investiga o caso.<\/p>\n\n\n\n<p><strong><em>Fa\u00e7a sua den\u00fancia pelo nosso WhatsApp: (21) <\/em><\/strong><strong><em>99744 5345<\/em><\/strong><strong><em><\/em><\/strong><\/p>\n\n\n\n<p><strong><em>S\u00e3o Gon\u00e7alo vai mudar: Not\u00edcias de S\u00e3o Gon\u00e7alo e toda regi\u00e3o.<\/em><\/strong><\/p>\n\n\n\n<figure class=\"wp-block-image size-large\"><img fetchpriority=\"high\" decoding=\"async\" width=\"1024\" height=\"252\" src=\"https:\/\/sgvaimudar.com.br\/wp-content\/uploads\/2025\/03\/Anuncie-Aqui-Sao-Goncalo-vai-mudar-1024x252.jpg\" alt=\"\" class=\"wp-image-22693\" srcset=\"https:\/\/sgvaimudar.com.br\/wp-content\/uploads\/2025\/03\/Anuncie-Aqui-Sao-Goncalo-vai-mudar-1024x252.jpg 1024w, https:\/\/sgvaimudar.com.br\/wp-content\/uploads\/2025\/03\/Anuncie-Aqui-Sao-Goncalo-vai-mudar-300x74.jpg 300w, https:\/\/sgvaimudar.com.br\/wp-content\/uploads\/2025\/03\/Anuncie-Aqui-Sao-Goncalo-vai-mudar-768x189.jpg 768w, https:\/\/sgvaimudar.com.br\/wp-content\/uploads\/2025\/03\/Anuncie-Aqui-Sao-Goncalo-vai-mudar-1536x378.jpg 1536w, https:\/\/sgvaimudar.com.br\/wp-content\/uploads\/2025\/03\/Anuncie-Aqui-Sao-Goncalo-vai-mudar-2048x504.jpg 2048w\" sizes=\"(max-width: 1024px) 100vw, 1024px\" \/><\/figure>\n\n\n\n<p><\/p>\n\n\n\n<p><\/p>\n","protected":false},"excerpt":{"rendered":"<p>Suspeito estava armado com um fuzil AR-10 calibre 7.62, carregador e nove muni\u00e7\u00f5es&nbsp; Por Wellington Serrano Gomes Um homem identificado&hellip;<\/p>\n","protected":false},"author":5,"featured_media":27856,"comment_status":"open","ping_status":"open","sticky":false,"template":"","format":"standard","meta":{"fifu_image_url":"","fifu_image_alt":"","footnotes":""},"categories":[32],"tags":[39,41,40,47,75],"class_list":["post-27855","post","type-post","status-publish","format-standard","has-post-thumbnail","hentry","category-casos-de-policia","tag-ataque","tag-conflito","tag-guerra","tag-rj","tag-sao-goncalo"],"_links":{"self":[{"href":"https:\/\/sgvaimudar.com.br\/index.php\/wp-json\/wp\/v2\/posts\/27855","targetHints":{"allow":["GET"]}}],"collection":[{"href":"https:\/\/sgvaimudar.com.br\/index.php\/wp-json\/wp\/v2\/posts"}],"about":[{"href":"https:\/\/sgvaimudar.com.br\/index.php\/wp-json\/wp\/v2\/types\/post"}],"author":[{"embeddable":true,"href":"https:\/\/sgvaimudar.com.br\/index.php\/wp-json\/wp\/v2\/users\/5"}],"replies":[{"embeddable":true,"href":"https:\/\/sgvaimudar.com.br\/index.php\/wp-json\/wp\/v2\/comments?post=27855"}],"version-history":[{"count":6,"href":"https:\/\/sgvaimudar.com.br\/index.php\/wp-json\/wp\/v2\/posts\/27855\/revisions"}],"predecessor-version":[{"id":27872,"href":"https:\/\/sgvaimudar.com.br\/index.php\/wp-json\/wp\/v2\/posts\/27855\/revisions\/27872"}],"wp:featuredmedia":[{"embeddable":true,"href":"https:\/\/sgvaimudar.com.br\/index.php\/wp-json\/wp\/v2\/media\/27856"}],"wp:attachment":[{"href":"https:\/\/sgvaimudar.com.br\/index.php\/wp-json\/wp\/v2\/media?parent=27855"}],"wp:term":[{"taxonomy":"category","embeddable":true,"href":"https:\/\/sgvaimudar.com.br\/index.php\/wp-json\/wp\/v2\/categories?post=27855"},{"taxonomy":"post_tag","embeddable":true,"href":"https:\/\/sgvaimudar.com.br\/index.php\/wp-json\/wp\/v2\/tags?post=27855"}],"curies":[{"name":"wp","href":"https:\/\/api.w.org\/{rel}","templated":true}]}}