{"id":27845,"date":"2025-07-11T08:22:38","date_gmt":"2025-07-11T11:22:38","guid":{"rendered":"https:\/\/sgvaimudar.com.br\/?p=27845"},"modified":"2025-07-11T08:22:38","modified_gmt":"2025-07-11T11:22:38","slug":"alem-de-contratacoes-e-saidas-flamengo-tem-renovacoes-para-resolver","status":"publish","type":"post","link":"https:\/\/sgvaimudar.com.br\/index.php\/2025\/07\/11\/alem-de-contratacoes-e-saidas-flamengo-tem-renovacoes-para-resolver\/","title":{"rendered":"Al\u00e9m de contrata\u00e7\u00f5es e sa\u00eddas, Flamengo tem renova\u00e7\u00f5es para resolver"},"content":{"rendered":"\n<p><em>C<span style=\"font-family: var(--font-family-book),var(--font-family-book-fallback);font-size: var(--font-size-60-responsive-book);font-weight: inherit;letter-spacing: var(--font-size-60-responsive-book-letter-spacing)\">lube negocia extens\u00e3o dos v\u00ednculos do t\u00e9cnico Filipe Lu\u00eds e do lateral-direito Varel<\/span>a<\/em><\/p>\n\n\n\n<p>A janela que abriu nesta quinta-feira aumenta a press\u00e3o no\u00a0Flamengo por contrata\u00e7\u00f5es. Com a prioridade de refor\u00e7ar o setor ofensivo, o clube tamb\u00e9m se prepara para sa\u00eddas de jogadores nos pr\u00f3ximos meses. Al\u00e9m disso, tem renova\u00e7\u00f5es em aberto. No momento, a diretoria negocia a extens\u00e3o dos v\u00ednculos do t\u00e9cnico Filipe Lu\u00eds e do lateral-direito Varela.<\/p>\n\n\n\n<p>As conversas com Filipe Lu\u00eds voltaram a acontecer ap\u00f3s a Copa do Mundo de Clubes. Ele tem contrato at\u00e9 o fim deste ano, e a ideia do Flamengo \u00e9 renovar por mais duas temporadas, at\u00e9 o fim de 2027, portanto.\u00a0A proposta rubro-negra j\u00e1 est\u00e1 nas m\u00e3os do treinador.<\/p>\n\n\n\n<p>Outro que est\u00e1 perto de selar a perman\u00eancia no clube por mais tempo \u00e9 Varela, que tamb\u00e9m tem v\u00ednculo at\u00e9 o fim de 2025. O Flamengo acertou os detalhes com o lateral-direito e acredita-se que a assinatura acontecer\u00e1 em breve.<\/p>\n\n\n\n<p>Quem tamb\u00e9m conversa com a diretoria por um novo acordo \u00e9 Wallace Yan. O atacante tem contrato longo, at\u00e9 dezembro de 2027, e o que se debate no momento \u00e9 um ajuste. Al\u00e9m da extens\u00e3o do v\u00ednculo, ele receber\u00e1 um aumento salarial.\u00a0A valoriza\u00e7\u00e3o acontece em momento em que o nome est\u00e1 em alta ap\u00f3s a boa participa\u00e7\u00e3o na Copa do Mundo de Clubes.<\/p>\n\n\n\n<p>O Flamengo chegou a iniciar conversas com Pedro e Arrascaeta nesta temporada, mas as negocia\u00e7\u00f5es n\u00e3o avan\u00e7aram. O tratamento do departamento de futebol aos casos, inclusive,\u00a0gerou insatisfa\u00e7\u00e3o dos atletas com o diretor de futebol Jos\u00e9 Boto.<\/p>\n\n\n\n<p>No caso de\u00a0Pedro, por exemplo, no in\u00edcio do ano, seu estafe procurou a diretoria para negociar a extens\u00e3o do v\u00ednculo, algo que havia sido prometido pela gest\u00e3o passada. Na ocasi\u00e3o, ouviu de Jos\u00e9 Boto que o assunto seria resolvido assim que o jogador voltasse de les\u00e3o. O atacante retornou aos campos em abril, e o diretor de futebol ainda n\u00e3o procurou os empres\u00e1rios do atleta. Ap\u00f3s discutir o assunto internamente, o Flamengo travou a conversa. O contrato atual vai at\u00e9 o fim de 2027.<\/p>\n\n\n\n<p>Com v\u00ednculo at\u00e9 o fim de 2026,\u00a0Arrascaeta\u00a0sinalizou o interesse de encerrar sua carreira no Flamengo e abriu negocia\u00e7\u00f5es para renovar no in\u00edcio deste ano. O clube considerou os valores apresentados altos e congelou as tratativas com o prop\u00f3sito de voltar a conversar ao fim da temporada. A ideia inicial era resolver a renova\u00e7\u00e3o logo ap\u00f3s a Copa do Mundo de Clubes, mas a condu\u00e7\u00e3o do processo afastou uma resolu\u00e7\u00e3o e deixou a rela\u00e7\u00e3o mais fria.<\/p>\n\n\n\n<p><strong><em>S\u00e3o Gon\u00e7alo vai mudar: Not\u00edcias de S\u00e3o Gon\u00e7alo e toda regi\u00e3o.<\/em><\/strong><\/p>\n\n\n\n<figure class=\"wp-block-image size-large\"><img fetchpriority=\"high\" decoding=\"async\" width=\"1024\" height=\"252\" src=\"https:\/\/sgvaimudar.com.br\/wp-content\/uploads\/2025\/03\/Anuncie-Aqui-Sao-Goncalo-vai-mudar-1024x252.jpg\" alt=\"\" class=\"wp-image-22693\" srcset=\"https:\/\/sgvaimudar.com.br\/wp-content\/uploads\/2025\/03\/Anuncie-Aqui-Sao-Goncalo-vai-mudar-1024x252.jpg 1024w, https:\/\/sgvaimudar.com.br\/wp-content\/uploads\/2025\/03\/Anuncie-Aqui-Sao-Goncalo-vai-mudar-300x74.jpg 300w, https:\/\/sgvaimudar.com.br\/wp-content\/uploads\/2025\/03\/Anuncie-Aqui-Sao-Goncalo-vai-mudar-768x189.jpg 768w, https:\/\/sgvaimudar.com.br\/wp-content\/uploads\/2025\/03\/Anuncie-Aqui-Sao-Goncalo-vai-mudar-1536x378.jpg 1536w, https:\/\/sgvaimudar.com.br\/wp-content\/uploads\/2025\/03\/Anuncie-Aqui-Sao-Goncalo-vai-mudar-2048x504.jpg 2048w\" sizes=\"(max-width: 1024px) 100vw, 1024px\" \/><\/figure>\n","protected":false},"excerpt":{"rendered":"<p>Clube negocia extens\u00e3o dos v\u00ednculos do t\u00e9cnico Filipe Lu\u00eds e do lateral-direito Varela A janela que abriu nesta quinta-feira aumenta&hellip;<\/p>\n","protected":false},"author":5,"featured_media":27846,"comment_status":"open","ping_status":"open","sticky":false,"template":"","format":"standard","meta":{"fifu_image_url":"","fifu_image_alt":"","footnotes":""},"categories":[5],"tags":[47],"class_list":["post-27845","post","type-post","status-publish","format-standard","has-post-thumbnail","hentry","category-esportes","tag-rj"],"_links":{"self":[{"href":"https:\/\/sgvaimudar.com.br\/index.php\/wp-json\/wp\/v2\/posts\/27845","targetHints":{"allow":["GET"]}}],"collection":[{"href":"https:\/\/sgvaimudar.com.br\/index.php\/wp-json\/wp\/v2\/posts"}],"about":[{"href":"https:\/\/sgvaimudar.com.br\/index.php\/wp-json\/wp\/v2\/types\/post"}],"author":[{"embeddable":true,"href":"https:\/\/sgvaimudar.com.br\/index.php\/wp-json\/wp\/v2\/users\/5"}],"replies":[{"embeddable":true,"href":"https:\/\/sgvaimudar.com.br\/index.php\/wp-json\/wp\/v2\/comments?post=27845"}],"version-history":[{"count":1,"href":"https:\/\/sgvaimudar.com.br\/index.php\/wp-json\/wp\/v2\/posts\/27845\/revisions"}],"predecessor-version":[{"id":27847,"href":"https:\/\/sgvaimudar.com.br\/index.php\/wp-json\/wp\/v2\/posts\/27845\/revisions\/27847"}],"wp:featuredmedia":[{"embeddable":true,"href":"https:\/\/sgvaimudar.com.br\/index.php\/wp-json\/wp\/v2\/media\/27846"}],"wp:attachment":[{"href":"https:\/\/sgvaimudar.com.br\/index.php\/wp-json\/wp\/v2\/media?parent=27845"}],"wp:term":[{"taxonomy":"category","embeddable":true,"href":"https:\/\/sgvaimudar.com.br\/index.php\/wp-json\/wp\/v2\/categories?post=27845"},{"taxonomy":"post_tag","embeddable":true,"href":"https:\/\/sgvaimudar.com.br\/index.php\/wp-json\/wp\/v2\/tags?post=27845"}],"curies":[{"name":"wp","href":"https:\/\/api.w.org\/{rel}","templated":true}]}}