{"id":27836,"date":"2025-07-10T17:00:00","date_gmt":"2025-07-10T20:00:00","guid":{"rendered":"https:\/\/sgvaimudar.com.br\/?p=27836"},"modified":"2025-07-10T11:06:28","modified_gmt":"2025-07-10T14:06:28","slug":"prefeitura-de-tangua-fortalece-apoio-as-gestantes-por-intermedio-dos-cras","status":"publish","type":"post","link":"https:\/\/sgvaimudar.com.br\/index.php\/2025\/07\/10\/prefeitura-de-tangua-fortalece-apoio-as-gestantes-por-intermedio-dos-cras\/","title":{"rendered":"Prefeitura de Tangu\u00e1 fortalece apoio \u00e0s gestantes por interm\u00e9dio dos CRAS"},"content":{"rendered":"\n<p><em>Trabalho conta como parte das a\u00e7\u00f5es do PAIF \u2014 Servi\u00e7o de Prote\u00e7\u00e3o e Atendimento Integral \u00e0 Fam\u00edlia<\/em><\/p>\n\n\n\n<p>A Prefeitura de Tangu\u00e1, por meio da Secretaria Municipal de Assist\u00eancia Social, desenvolve a\u00e7\u00f5es cont\u00ednuas voltadas ao acolhimento e orienta\u00e7\u00e3o das gestantes do munic\u00edpio, a partir dos Grupos de Gestantes realizados nos CRAS (Centros de Refer\u00eancia de Assist\u00eancia Social), como parte das a\u00e7\u00f5es do PAIF \u2014 Servi\u00e7o de Prote\u00e7\u00e3o e Atendimento Integral \u00e0 Fam\u00edlia.<\/p>\n\n\n\n<p>Esses grupos integram a Prote\u00e7\u00e3o Social B\u00e1sica, que atua na preven\u00e7\u00e3o de situa\u00e7\u00f5es de risco e vulnerabilidade social, fortalecendo v\u00ednculos familiares e comunit\u00e1rios, promovendo o acesso a direitos e o desenvolvimento da autonomia das participantes.<\/p>\n\n\n\n<p>Os grupos se re\u00fanem com o apoio de assistentes sociais e psic\u00f3logos, oferecendo:<\/p>\n\n\n\n<ul class=\"wp-block-list\">\n<li>Acompanhamento social e escuta qualificada;<\/li>\n\n\n\n<li>Orienta\u00e7\u00f5es sobre gesta\u00e7\u00e3o, parto, p\u00f3s-parto e cuidados com o beb\u00ea;<\/li>\n\n\n\n<li>Informa\u00e7\u00f5es sobre direitos da gestante e acesso a benef\u00edcios eventuais (como aux\u00edlio-natalidade ou alimenta\u00e7\u00e3o);<\/li>\n\n\n\n<li>Espa\u00e7o de troca de experi\u00eancias e fortalecimento dos v\u00ednculos entre gestantes.<\/li>\n<\/ul>\n\n\n\n<p>As atividades tamb\u00e9m contam com a parceria das visitadoras do Programa Primeira Inf\u00e2ncia no SUAS\/Crian\u00e7a Feliz, que realizam visitas domiciliares e acompanham mais de perto o desenvolvimento da gesta\u00e7\u00e3o e o bem-estar das futuras mam\u00e3es e dos beb\u00eas.<\/p>\n\n\n\n<p>Gestantes interessadas podem procurar o CRAS mais pr\u00f3ximo de sua resid\u00eancia para realizar o cadastro e participar das atividades. &#8220;Cuidar de quem gera vidas \u00e9 um compromisso da gest\u00e3o municipal&#8221;, concluiu a Prefeitura no texto.<\/p>\n\n\n\n<p><strong><em>S\u00e3o Gon\u00e7alo vai mudar: Not\u00edcias de S\u00e3o Gon\u00e7alo e toda regi\u00e3o.<\/em><\/strong><\/p>\n\n\n\n<figure class=\"wp-block-image size-large\"><img fetchpriority=\"high\" decoding=\"async\" width=\"1024\" height=\"252\" src=\"https:\/\/sgvaimudar.com.br\/wp-content\/uploads\/2025\/03\/Anuncie-Aqui-Sao-Goncalo-vai-mudar-1024x252.jpg\" alt=\"\" class=\"wp-image-22693\" srcset=\"https:\/\/sgvaimudar.com.br\/wp-content\/uploads\/2025\/03\/Anuncie-Aqui-Sao-Goncalo-vai-mudar-1024x252.jpg 1024w, https:\/\/sgvaimudar.com.br\/wp-content\/uploads\/2025\/03\/Anuncie-Aqui-Sao-Goncalo-vai-mudar-300x74.jpg 300w, https:\/\/sgvaimudar.com.br\/wp-content\/uploads\/2025\/03\/Anuncie-Aqui-Sao-Goncalo-vai-mudar-768x189.jpg 768w, https:\/\/sgvaimudar.com.br\/wp-content\/uploads\/2025\/03\/Anuncie-Aqui-Sao-Goncalo-vai-mudar-1536x378.jpg 1536w, https:\/\/sgvaimudar.com.br\/wp-content\/uploads\/2025\/03\/Anuncie-Aqui-Sao-Goncalo-vai-mudar-2048x504.jpg 2048w\" sizes=\"(max-width: 1024px) 100vw, 1024px\" \/><\/figure>\n\n\n\n<p><\/p>\n","protected":false},"excerpt":{"rendered":"<p>Trabalho conta como parte das a\u00e7\u00f5es do PAIF \u2014 Servi\u00e7o de Prote\u00e7\u00e3o e Atendimento Integral \u00e0 Fam\u00edlia A Prefeitura de&hellip;<\/p>\n","protected":false},"author":5,"featured_media":27837,"comment_status":"open","ping_status":"open","sticky":false,"template":"","format":"standard","meta":{"fifu_image_url":"","fifu_image_alt":"","footnotes":""},"categories":[7],"tags":[47],"class_list":["post-27836","post","type-post","status-publish","format-standard","has-post-thumbnail","hentry","category-saude","tag-rj"],"_links":{"self":[{"href":"https:\/\/sgvaimudar.com.br\/index.php\/wp-json\/wp\/v2\/posts\/27836","targetHints":{"allow":["GET"]}}],"collection":[{"href":"https:\/\/sgvaimudar.com.br\/index.php\/wp-json\/wp\/v2\/posts"}],"about":[{"href":"https:\/\/sgvaimudar.com.br\/index.php\/wp-json\/wp\/v2\/types\/post"}],"author":[{"embeddable":true,"href":"https:\/\/sgvaimudar.com.br\/index.php\/wp-json\/wp\/v2\/users\/5"}],"replies":[{"embeddable":true,"href":"https:\/\/sgvaimudar.com.br\/index.php\/wp-json\/wp\/v2\/comments?post=27836"}],"version-history":[{"count":1,"href":"https:\/\/sgvaimudar.com.br\/index.php\/wp-json\/wp\/v2\/posts\/27836\/revisions"}],"predecessor-version":[{"id":27838,"href":"https:\/\/sgvaimudar.com.br\/index.php\/wp-json\/wp\/v2\/posts\/27836\/revisions\/27838"}],"wp:featuredmedia":[{"embeddable":true,"href":"https:\/\/sgvaimudar.com.br\/index.php\/wp-json\/wp\/v2\/media\/27837"}],"wp:attachment":[{"href":"https:\/\/sgvaimudar.com.br\/index.php\/wp-json\/wp\/v2\/media?parent=27836"}],"wp:term":[{"taxonomy":"category","embeddable":true,"href":"https:\/\/sgvaimudar.com.br\/index.php\/wp-json\/wp\/v2\/categories?post=27836"},{"taxonomy":"post_tag","embeddable":true,"href":"https:\/\/sgvaimudar.com.br\/index.php\/wp-json\/wp\/v2\/tags?post=27836"}],"curies":[{"name":"wp","href":"https:\/\/api.w.org\/{rel}","templated":true}]}}