{"id":27829,"date":"2025-07-10T12:59:00","date_gmt":"2025-07-10T15:59:00","guid":{"rendered":"https:\/\/sgvaimudar.com.br\/?p=27829"},"modified":"2025-07-10T10:53:50","modified_gmt":"2025-07-10T13:53:50","slug":"homem-e-preso-apos-se-masturbar-ao-lado-de-adolescente-dentro-do-onibus-531-em-niteroi","status":"publish","type":"post","link":"https:\/\/sgvaimudar.com.br\/index.php\/2025\/07\/10\/homem-e-preso-apos-se-masturbar-ao-lado-de-adolescente-dentro-do-onibus-531-em-niteroi\/","title":{"rendered":"Homem \u00e9 preso ap\u00f3s se masturbar ao lado de adolescente dentro do \u00f4nibus 531, em Niter\u00f3i"},"content":{"rendered":"\n<p><em>Policiais militares ambientais que passavam pelo local foram acionados e conduziram o caso para a Deam da cidade<\/em><\/p>\n\n\n\n<p>Um homem foi detido por policiais militares ambientais na tarde desta quarta-feira, dia 9, acusado de se masturbar ao lado de uma adolescente de 17 anos dentro de um \u00f4nibus da linha 531 Jardim Alc\u00e2ntara x Niter\u00f3i, que fazia o trajeto entre o Terminal Jo\u00e3o Goulart, no Centro de Niter\u00f3i, e S\u00e3o Gon\u00e7alo. O caso est\u00e1 sendo apurado pela Delegacia de Atendimento \u00e0 Mulher, no Centro.<\/p>\n\n\n\n<p>De acordo com o relato do sargento Bruno Aguiar Falqueto, da Pol\u00edcia Militar Ambiental, a equipe trafegava pela Rua Doutor March, no Barreto, quando foi abordada por passageiros do coletivo. Eles seguravam o suspeito e pediram ajuda da guarni\u00e7\u00e3o. O homem, segundo as testemunhas, teria se sentado ao lado da jovem mesmo com outros assentos dispon\u00edveis. Ela dormia pr\u00f3xima \u00e0 janela.<\/p>\n\n\n\n<p>Minutos depois, ao acordar, a adolescente percebeu que o homem estava com as cal\u00e7as abertas. Ela gritou, e passageiros conseguiram cont\u00ea-lo at\u00e9 a chegada da viatura.<\/p>\n\n\n\n<p>&#8220;Fomos acionados por populares que informaram que uma adolescente havia sido v\u00edtima de importuna\u00e7\u00e3o sexual dentro do coletivo. O suspeito foi contido e conduzido por nossa equipe at\u00e9 a delegacia&#8221;, disse o policial.<\/p>\n\n\n\n<p>Ainda de acordo com Bruno, o homem, de 59 anos, identificado como Luciano, tem mais tr\u00eas passagens na pol\u00edcia pela mesma pr\u00e1tica.<\/p>\n\n\n\n<p>O caso foi encaminhado para Delegacia Especial de Atendimento a Mulher (Deam), no Centro de Niter\u00f3i. Segundo as informa\u00e7\u00f5es, o acusado ainda seria morador de Rio das Ostras.<\/p>\n\n\n\n<p><strong><em>Fa\u00e7a sua den\u00fancia pelo nosso WhatsApp: (21) <\/em><\/strong><strong><em>99744 5345<\/em><\/strong><strong><em><\/em><\/strong><\/p>\n\n\n\n<p><strong><em>S\u00e3o Gon\u00e7alo vai mudar: Not\u00edcias de S\u00e3o Gon\u00e7alo e toda regi\u00e3o.<\/em><\/strong><\/p>\n\n\n\n<figure class=\"wp-block-image size-large\"><img fetchpriority=\"high\" decoding=\"async\" width=\"1024\" height=\"252\" src=\"https:\/\/sgvaimudar.com.br\/wp-content\/uploads\/2025\/03\/Anuncie-Aqui-Sao-Goncalo-vai-mudar-1024x252.jpg\" alt=\"\" class=\"wp-image-22693\" srcset=\"https:\/\/sgvaimudar.com.br\/wp-content\/uploads\/2025\/03\/Anuncie-Aqui-Sao-Goncalo-vai-mudar-1024x252.jpg 1024w, https:\/\/sgvaimudar.com.br\/wp-content\/uploads\/2025\/03\/Anuncie-Aqui-Sao-Goncalo-vai-mudar-300x74.jpg 300w, https:\/\/sgvaimudar.com.br\/wp-content\/uploads\/2025\/03\/Anuncie-Aqui-Sao-Goncalo-vai-mudar-768x189.jpg 768w, https:\/\/sgvaimudar.com.br\/wp-content\/uploads\/2025\/03\/Anuncie-Aqui-Sao-Goncalo-vai-mudar-1536x378.jpg 1536w, https:\/\/sgvaimudar.com.br\/wp-content\/uploads\/2025\/03\/Anuncie-Aqui-Sao-Goncalo-vai-mudar-2048x504.jpg 2048w\" sizes=\"(max-width: 1024px) 100vw, 1024px\" \/><\/figure>\n","protected":false},"excerpt":{"rendered":"<p>Policiais militares ambientais que passavam pelo local foram acionados e conduziram o caso para a Deam da cidade Um homem&hellip;<\/p>\n","protected":false},"author":5,"featured_media":27830,"comment_status":"open","ping_status":"open","sticky":false,"template":"","format":"standard","meta":{"fifu_image_url":"","fifu_image_alt":"","footnotes":""},"categories":[32],"tags":[39,41,47,75],"class_list":["post-27829","post","type-post","status-publish","format-standard","has-post-thumbnail","hentry","category-casos-de-policia","tag-ataque","tag-conflito","tag-rj","tag-sao-goncalo"],"_links":{"self":[{"href":"https:\/\/sgvaimudar.com.br\/index.php\/wp-json\/wp\/v2\/posts\/27829","targetHints":{"allow":["GET"]}}],"collection":[{"href":"https:\/\/sgvaimudar.com.br\/index.php\/wp-json\/wp\/v2\/posts"}],"about":[{"href":"https:\/\/sgvaimudar.com.br\/index.php\/wp-json\/wp\/v2\/types\/post"}],"author":[{"embeddable":true,"href":"https:\/\/sgvaimudar.com.br\/index.php\/wp-json\/wp\/v2\/users\/5"}],"replies":[{"embeddable":true,"href":"https:\/\/sgvaimudar.com.br\/index.php\/wp-json\/wp\/v2\/comments?post=27829"}],"version-history":[{"count":1,"href":"https:\/\/sgvaimudar.com.br\/index.php\/wp-json\/wp\/v2\/posts\/27829\/revisions"}],"predecessor-version":[{"id":27831,"href":"https:\/\/sgvaimudar.com.br\/index.php\/wp-json\/wp\/v2\/posts\/27829\/revisions\/27831"}],"wp:featuredmedia":[{"embeddable":true,"href":"https:\/\/sgvaimudar.com.br\/index.php\/wp-json\/wp\/v2\/media\/27830"}],"wp:attachment":[{"href":"https:\/\/sgvaimudar.com.br\/index.php\/wp-json\/wp\/v2\/media?parent=27829"}],"wp:term":[{"taxonomy":"category","embeddable":true,"href":"https:\/\/sgvaimudar.com.br\/index.php\/wp-json\/wp\/v2\/categories?post=27829"},{"taxonomy":"post_tag","embeddable":true,"href":"https:\/\/sgvaimudar.com.br\/index.php\/wp-json\/wp\/v2\/tags?post=27829"}],"curies":[{"name":"wp","href":"https:\/\/api.w.org\/{rel}","templated":true}]}}