{"id":27815,"date":"2025-07-10T12:00:00","date_gmt":"2025-07-10T15:00:00","guid":{"rendered":"https:\/\/sgvaimudar.com.br\/?p=27815"},"modified":"2025-07-10T10:03:33","modified_gmt":"2025-07-10T13:03:33","slug":"secretaria-de-saude-de-sao-goncalo-capacita-servidores-para-melhorar-comunicacao-com-publico","status":"publish","type":"post","link":"https:\/\/sgvaimudar.com.br\/index.php\/2025\/07\/10\/secretaria-de-saude-de-sao-goncalo-capacita-servidores-para-melhorar-comunicacao-com-publico\/","title":{"rendered":"Secretaria de Sa\u00fade de S\u00e3o Gon\u00e7alo capacita servidores para melhorar comunica\u00e7\u00e3o com p\u00fablico"},"content":{"rendered":"\n<p><em>A qualifica\u00e7\u00e3o, que vai acontecer no Centro Cultural Joaquim Lavoura (Lavour\u00e3o), na Estrela do Norte, tem o objetivo de melhorar o atendimento aos usu\u00e1rios dos servi\u00e7os p\u00fablicos municipais<\/em><\/p>\n\n\n\n<p>O N\u00facleo de Educa\u00e7\u00e3o Permanente em Sa\u00fade (Neps), ligado \u00e0 Secretaria de Sa\u00fade da Prefeitura de S\u00e3o Gon\u00e7alo, est\u00e1 com inscri\u00e7\u00f5es abertas para o curso de capacita\u00e7\u00e3o em Comunica\u00e7\u00e3o Assertiva.<\/p>\n\n\n\n<p>A qualifica\u00e7\u00e3o \u00e9 destinada a todos os servidores p\u00fablicos municipais que lidam diretamente com o p\u00fablico e vai acontecer nas pr\u00f3ximas sextas-feiras \u2013 dias 11 e 18 de julho \u2013 no Centro Cultural Joaquim Lavoura (Lavour\u00e3o), na Estrela do Norte.\u00a0<\/p>\n\n\n\n<p>Ser\u00e3o duas turmas por dia. A primeira acontece no hor\u00e1rio da manh\u00e3, das 9h \u00e0s 12h. E a segunda, das 13h \u00e0s 16h. As inscri\u00e7\u00f5es devem ser feitas atrav\u00e9s dos links de cada dia e hor\u00e1rio. As vagas s\u00e3o limitadas a cem por turma e est\u00e3o sujeitas \u00e0 lota\u00e7\u00e3o do espa\u00e7o.<\/p>\n\n\n\n<figure class=\"wp-block-image size-large is-resized\"><img fetchpriority=\"high\" decoding=\"async\" width=\"819\" height=\"1024\" src=\"https:\/\/sgvaimudar.com.br\/wp-content\/uploads\/2025\/07\/unnamed-15-1-819x1024.jpg\" alt=\"\" class=\"wp-image-27816\" style=\"aspect-ratio:0.7998046875;width:693px;height:auto\" srcset=\"https:\/\/sgvaimudar.com.br\/wp-content\/uploads\/2025\/07\/unnamed-15-1-819x1024.jpg 819w, https:\/\/sgvaimudar.com.br\/wp-content\/uploads\/2025\/07\/unnamed-15-1-240x300.jpg 240w, https:\/\/sgvaimudar.com.br\/wp-content\/uploads\/2025\/07\/unnamed-15-1-768x960.jpg 768w, https:\/\/sgvaimudar.com.br\/wp-content\/uploads\/2025\/07\/unnamed-15-1.jpg 1080w\" sizes=\"(max-width: 819px) 100vw, 819px\" \/><\/figure>\n\n\n\n<p>Os funcion\u00e1rios municipais que quiserem participar no dia 11 no primeiro hor\u00e1rio (das 9h \u00e0s 12h), as inscri\u00e7\u00f5es devem ser feitas pelo link:&nbsp;<a href=\"https:\/\/click.cse360.com.br\/Click\/AddCampaignEmailClick\/9d6c4bc6-9e88-4687-eaf9-08ddbe38784a\/https%253a%252f%252fforms.gle%252fpQBm5AB14q8rUZwKA\/ac66966e-2b55-4484-fb2c-08dc491eed5f\/jornalistaws@gmail.com\/False\" rel=\"noreferrer noopener\" target=\"_blank\"><u>https:\/\/forms.gle\/pQBm5AB14q8rUZwKA<\/u><\/a>. Para o segundo hor\u00e1rio (das 13h \u00e0s 16h):&nbsp;<a href=\"https:\/\/click.cse360.com.br\/Click\/AddCampaignEmailClick\/9d6c4bc6-9e88-4687-eaf9-08ddbe38784a\/https%253a%252f%252fforms.gle%252fyempNUF7XY7WNrYv5\/ac66966e-2b55-4484-fb2c-08dc491eed5f\/jornalistaws@gmail.com\/False\" rel=\"noreferrer noopener\" target=\"_blank\"><u>https:\/\/forms.gle\/yempNUF7XY7WNrYv5<\/u><\/a>.<\/p>\n\n\n\n<p>J\u00e1 para o dia 18, as inscri\u00e7\u00f5es podem ser feitas atrav\u00e9s dos links para o hor\u00e1rio da manh\u00e3:&nbsp;<a href=\"https:\/\/click.cse360.com.br\/Click\/AddCampaignEmailClick\/9d6c4bc6-9e88-4687-eaf9-08ddbe38784a\/https%253a%252f%252fforms.gle%252fkxJ5vVg7w7cFKGLf9\/ac66966e-2b55-4484-fb2c-08dc491eed5f\/jornalistaws@gmail.com\/False\" rel=\"noreferrer noopener\" target=\"_blank\"><u>https:\/\/forms.gle\/kxJ5vVg7w7cFKGLf9<\/u><\/a>&nbsp;e da tarde:&nbsp;<a href=\"https:\/\/click.cse360.com.br\/Click\/AddCampaignEmailClick\/9d6c4bc6-9e88-4687-eaf9-08ddbe38784a\/https%253a%252f%252fforms.gle%252fRBde2fGTn3Zpkw386\/ac66966e-2b55-4484-fb2c-08dc491eed5f\/jornalistaws@gmail.com\/False\" rel=\"noreferrer noopener\" target=\"_blank\"><u>https:\/\/forms.gle\/RBde2fGTn3Zpkw386<\/u><\/a>.<\/p>\n\n\n\n<p>\u201c\u00c9 uma oportunidade para os servidores p\u00fablicos investirem no seu desenvolvimento profissional, aprimorarem as suas habilidades de atendimento, relacionamento interpessoal e ter uma comunica\u00e7\u00e3o eficaz no servi\u00e7o p\u00fablico. O objetivo \u00e9 fazer com que os funcion\u00e1rios consigam resolver conflitos de forma mais eficiente e transmitir informa\u00e7\u00f5es de maneira mais clara e emp\u00e1tica. Afinal, uma boa comunica\u00e7\u00e3o \u00e9 fundamental para garantir um atendimento de qualidade e mais humanizado\u201d, destacou a coordenadora do Neps, Vanessa Peres.<\/p>\n\n\n\n<p><strong><em>S\u00e3o Gon\u00e7alo vai mudar: Not\u00edcias de S\u00e3o Gon\u00e7alo e toda regi\u00e3o.<\/em><\/strong><\/p>\n\n\n\n<figure class=\"wp-block-image size-large\"><img decoding=\"async\" width=\"1024\" height=\"252\" src=\"https:\/\/sgvaimudar.com.br\/wp-content\/uploads\/2025\/03\/Anuncie-Aqui-Sao-Goncalo-vai-mudar-1024x252.jpg\" alt=\"\" class=\"wp-image-22693\" srcset=\"https:\/\/sgvaimudar.com.br\/wp-content\/uploads\/2025\/03\/Anuncie-Aqui-Sao-Goncalo-vai-mudar-1024x252.jpg 1024w, https:\/\/sgvaimudar.com.br\/wp-content\/uploads\/2025\/03\/Anuncie-Aqui-Sao-Goncalo-vai-mudar-300x74.jpg 300w, https:\/\/sgvaimudar.com.br\/wp-content\/uploads\/2025\/03\/Anuncie-Aqui-Sao-Goncalo-vai-mudar-768x189.jpg 768w, https:\/\/sgvaimudar.com.br\/wp-content\/uploads\/2025\/03\/Anuncie-Aqui-Sao-Goncalo-vai-mudar-1536x378.jpg 1536w, https:\/\/sgvaimudar.com.br\/wp-content\/uploads\/2025\/03\/Anuncie-Aqui-Sao-Goncalo-vai-mudar-2048x504.jpg 2048w\" sizes=\"(max-width: 1024px) 100vw, 1024px\" \/><\/figure>\n","protected":false},"excerpt":{"rendered":"<p>A qualifica\u00e7\u00e3o, que vai acontecer no Centro Cultural Joaquim Lavoura (Lavour\u00e3o), na Estrela do Norte, tem o objetivo de melhorar&hellip;<\/p>\n","protected":false},"author":5,"featured_media":7852,"comment_status":"open","ping_status":"open","sticky":false,"template":"","format":"standard","meta":{"fifu_image_url":"","fifu_image_alt":"","footnotes":""},"categories":[7],"tags":[47,75],"class_list":["post-27815","post","type-post","status-publish","format-standard","has-post-thumbnail","hentry","category-saude","tag-rj","tag-sao-goncalo"],"_links":{"self":[{"href":"https:\/\/sgvaimudar.com.br\/index.php\/wp-json\/wp\/v2\/posts\/27815","targetHints":{"allow":["GET"]}}],"collection":[{"href":"https:\/\/sgvaimudar.com.br\/index.php\/wp-json\/wp\/v2\/posts"}],"about":[{"href":"https:\/\/sgvaimudar.com.br\/index.php\/wp-json\/wp\/v2\/types\/post"}],"author":[{"embeddable":true,"href":"https:\/\/sgvaimudar.com.br\/index.php\/wp-json\/wp\/v2\/users\/5"}],"replies":[{"embeddable":true,"href":"https:\/\/sgvaimudar.com.br\/index.php\/wp-json\/wp\/v2\/comments?post=27815"}],"version-history":[{"count":1,"href":"https:\/\/sgvaimudar.com.br\/index.php\/wp-json\/wp\/v2\/posts\/27815\/revisions"}],"predecessor-version":[{"id":27817,"href":"https:\/\/sgvaimudar.com.br\/index.php\/wp-json\/wp\/v2\/posts\/27815\/revisions\/27817"}],"wp:featuredmedia":[{"embeddable":true,"href":"https:\/\/sgvaimudar.com.br\/index.php\/wp-json\/wp\/v2\/media\/7852"}],"wp:attachment":[{"href":"https:\/\/sgvaimudar.com.br\/index.php\/wp-json\/wp\/v2\/media?parent=27815"}],"wp:term":[{"taxonomy":"category","embeddable":true,"href":"https:\/\/sgvaimudar.com.br\/index.php\/wp-json\/wp\/v2\/categories?post=27815"},{"taxonomy":"post_tag","embeddable":true,"href":"https:\/\/sgvaimudar.com.br\/index.php\/wp-json\/wp\/v2\/tags?post=27815"}],"curies":[{"name":"wp","href":"https:\/\/api.w.org\/{rel}","templated":true}]}}