{"id":27802,"date":"2025-07-10T11:59:00","date_gmt":"2025-07-10T14:59:00","guid":{"rendered":"https:\/\/sgvaimudar.com.br\/?p=27802"},"modified":"2025-07-10T10:27:26","modified_gmt":"2025-07-10T13:27:26","slug":"moto-roubada-em-itaborai-e-recuperada-pelos-policiais-do-seguranca-presente","status":"publish","type":"post","link":"https:\/\/sgvaimudar.com.br\/index.php\/2025\/07\/10\/moto-roubada-em-itaborai-e-recuperada-pelos-policiais-do-seguranca-presente\/","title":{"rendered":"Moto roubada em Itabora\u00ed \u00e9 recuperada pelos policiais do Seguran\u00e7a Presente"},"content":{"rendered":"\n<p><em>A motocicleta foi apreendida pela autoridade policial quando passava pelo bairro Areal sem a placa e com o condutor sem capacete<\/em><\/p>\n\n\n\n<p>Agentes da Opera\u00e7\u00e3o Seguran\u00e7a Presente de Itabora\u00ed recuperaram na manh\u00e3 da \u00faltima ter\u00e7a-feira (08\/07) uma motocicleta Honda, cor prata, placa KRE2969, que havia sido roubada em Itabora\u00ed no dia 17\/02\/2025, \u00e0s 5h:30min, na Rodovia RJ 114, no bairro Pachecos. O ve\u00edculo, sem placa, retrovisores e lanternas, estava trafegando na Avenida Carlos Lacerda. O condutor, de 22 anos, permaneceu preso, sendo estipulada fian\u00e7a.<\/p>\n\n\n\n<figure class=\"wp-block-video\"><video height=\"478\" style=\"aspect-ratio: 848 \/ 478;\" width=\"848\" controls src=\"https:\/\/sgvaimudar.com.br\/wp-content\/uploads\/2025\/07\/WhatsApp-Video-2025-07-10-at-08.42.01.mp4\"><\/video><\/figure>\n\n\n\n<p><strong>DIN\u00c2MICA &#8211; <\/strong>Segundo a PM, o caso aconteceu durante patrulhamento de rotina quando os policiais tiveram a aten\u00e7\u00e3o voltada para uma motocicleta sem condi\u00e7\u00f5es de uso urbano e com o condutor desrespeitando o C\u00f3digo de Nacional de Tr\u00e2nsito.<\/p>\n\n\n\n<p>Os policiais ao realizarem abordagem verificaram que o condutor n\u00e3o possu\u00eda Carteira Nacional de Habilita\u00e7\u00e3o (CNH) e levava uma por\u00e7\u00e3o de erva seca prensada (maconha), que foi apresentada em sede policial e encaminhada para per\u00edcia.<\/p>\n\n\n\n<p>Atrav\u00e9s da consulta pelo chassi da motocicleta, no portal da Pol\u00edcia Militar do Estado do Rio de Janeiro (PMERJ), os agentes constataram que a moto era um produto de roubo.<\/p>\n\n\n\n<p>Na delegacia foi poss\u00edvel identificar que o roubo foi registrado na 71\u00ba DP. A ocorr\u00eancia foi encaminhada a 73\u00ba DP por se tratar de central de flagrantes da regi\u00e3o. O homem foi enquadrado em dois registros: um referente a recepta\u00e7\u00e3o da motocicleta e outro referente a posse de material entorpecente. <\/p>\n\n\n\n<p><strong><em>Fa\u00e7a sua den\u00fancia pelo nosso WhatsApp: (21) <\/em><\/strong><strong><em>99744 5345<\/em><\/strong><strong><em><\/em><\/strong><\/p>\n\n\n\n<p><strong><em>S\u00e3o Gon\u00e7alo vai mudar: Not\u00edcias de S\u00e3o Gon\u00e7alo e toda regi\u00e3o.<\/em><\/strong><\/p>\n\n\n\n<figure class=\"wp-block-image size-large\"><img fetchpriority=\"high\" decoding=\"async\" width=\"1024\" height=\"252\" src=\"https:\/\/sgvaimudar.com.br\/wp-content\/uploads\/2025\/03\/Anuncie-Aqui-Sao-Goncalo-vai-mudar-1024x252.jpg\" alt=\"\" class=\"wp-image-22693\" srcset=\"https:\/\/sgvaimudar.com.br\/wp-content\/uploads\/2025\/03\/Anuncie-Aqui-Sao-Goncalo-vai-mudar-1024x252.jpg 1024w, https:\/\/sgvaimudar.com.br\/wp-content\/uploads\/2025\/03\/Anuncie-Aqui-Sao-Goncalo-vai-mudar-300x74.jpg 300w, https:\/\/sgvaimudar.com.br\/wp-content\/uploads\/2025\/03\/Anuncie-Aqui-Sao-Goncalo-vai-mudar-768x189.jpg 768w, https:\/\/sgvaimudar.com.br\/wp-content\/uploads\/2025\/03\/Anuncie-Aqui-Sao-Goncalo-vai-mudar-1536x378.jpg 1536w, https:\/\/sgvaimudar.com.br\/wp-content\/uploads\/2025\/03\/Anuncie-Aqui-Sao-Goncalo-vai-mudar-2048x504.jpg 2048w\" sizes=\"(max-width: 1024px) 100vw, 1024px\" \/><\/figure>\n","protected":false},"excerpt":{"rendered":"<p>A motocicleta foi apreendida pela autoridade policial quando passava pelo bairro Areal sem a placa e com o condutor sem&hellip;<\/p>\n","protected":false},"author":5,"featured_media":27818,"comment_status":"open","ping_status":"open","sticky":false,"template":"","format":"standard","meta":{"fifu_image_url":"","fifu_image_alt":"","footnotes":""},"categories":[32],"tags":[41,47],"class_list":["post-27802","post","type-post","status-publish","format-standard","has-post-thumbnail","hentry","category-casos-de-policia","tag-conflito","tag-rj"],"_links":{"self":[{"href":"https:\/\/sgvaimudar.com.br\/index.php\/wp-json\/wp\/v2\/posts\/27802","targetHints":{"allow":["GET"]}}],"collection":[{"href":"https:\/\/sgvaimudar.com.br\/index.php\/wp-json\/wp\/v2\/posts"}],"about":[{"href":"https:\/\/sgvaimudar.com.br\/index.php\/wp-json\/wp\/v2\/types\/post"}],"author":[{"embeddable":true,"href":"https:\/\/sgvaimudar.com.br\/index.php\/wp-json\/wp\/v2\/users\/5"}],"replies":[{"embeddable":true,"href":"https:\/\/sgvaimudar.com.br\/index.php\/wp-json\/wp\/v2\/comments?post=27802"}],"version-history":[{"count":2,"href":"https:\/\/sgvaimudar.com.br\/index.php\/wp-json\/wp\/v2\/posts\/27802\/revisions"}],"predecessor-version":[{"id":27820,"href":"https:\/\/sgvaimudar.com.br\/index.php\/wp-json\/wp\/v2\/posts\/27802\/revisions\/27820"}],"wp:featuredmedia":[{"embeddable":true,"href":"https:\/\/sgvaimudar.com.br\/index.php\/wp-json\/wp\/v2\/media\/27818"}],"wp:attachment":[{"href":"https:\/\/sgvaimudar.com.br\/index.php\/wp-json\/wp\/v2\/media?parent=27802"}],"wp:term":[{"taxonomy":"category","embeddable":true,"href":"https:\/\/sgvaimudar.com.br\/index.php\/wp-json\/wp\/v2\/categories?post=27802"},{"taxonomy":"post_tag","embeddable":true,"href":"https:\/\/sgvaimudar.com.br\/index.php\/wp-json\/wp\/v2\/tags?post=27802"}],"curies":[{"name":"wp","href":"https:\/\/api.w.org\/{rel}","templated":true}]}}