{"id":27798,"date":"2025-07-10T10:00:00","date_gmt":"2025-07-10T13:00:00","guid":{"rendered":"https:\/\/sgvaimudar.com.br\/?p=27798"},"modified":"2025-07-10T08:47:05","modified_gmt":"2025-07-10T11:47:05","slug":"sao-goncalo-esta-com-as-ultimas-vagas-para-participar-do-projeto-medida-certa","status":"publish","type":"post","link":"https:\/\/sgvaimudar.com.br\/index.php\/2025\/07\/10\/sao-goncalo-esta-com-as-ultimas-vagas-para-participar-do-projeto-medida-certa\/","title":{"rendered":"S\u00e3o Gon\u00e7alo est\u00e1 com as \u00faltimas vagas para participar do Projeto Medida Certa"},"content":{"rendered":"\n<p><em>Servidores municipais poder\u00e3o se inscrever at\u00e9 o dia 16&nbsp;<\/em><\/p>\n\n\n\n<p>O Projeto Medida Certa do Servidor 2025 ainda est\u00e1 com vagas abertas para os servidores ativos e inativos do munic\u00edpio que desejam focar em melhorar a sua qualidade de vida e o bem-estar. <\/p>\n\n\n\n<p>Durante quatro meses, sendo um encontro por m\u00eas, os inscritos no projeto ser\u00e3o acompanhados por profissionais especializados para alcan\u00e7arem o objetivo de um corpo mais saud\u00e1vel. Ser\u00e3o desenvolvidas a\u00e7\u00f5es educativas e preventivas focadas na sa\u00fade f\u00edsica, mental, social e nutricional.<\/p>\n\n\n\n<figure class=\"wp-block-image size-large\"><img fetchpriority=\"high\" decoding=\"async\" width=\"819\" height=\"1024\" src=\"https:\/\/sgvaimudar.com.br\/wp-content\/uploads\/2025\/07\/unnamed-12-2-819x1024.jpg\" alt=\"\" class=\"wp-image-27799\" srcset=\"https:\/\/sgvaimudar.com.br\/wp-content\/uploads\/2025\/07\/unnamed-12-2-819x1024.jpg 819w, https:\/\/sgvaimudar.com.br\/wp-content\/uploads\/2025\/07\/unnamed-12-2-240x300.jpg 240w, https:\/\/sgvaimudar.com.br\/wp-content\/uploads\/2025\/07\/unnamed-12-2-768x960.jpg 768w, https:\/\/sgvaimudar.com.br\/wp-content\/uploads\/2025\/07\/unnamed-12-2.jpg 1080w\" sizes=\"(max-width: 819px) 100vw, 819px\" \/><\/figure>\n\n\n\n<p>As inscri\u00e7\u00f5es v\u00e3o at\u00e9 o dia 16 de julho, pelo n\u00famero de Whatsapp 99254-4448 ou diretamente na sede da Funasg. O p\u00fablico-alvo s\u00e3o os servidores do munic\u00edpio ativos e inativos e seus dependentes maiores de 18 anos.<\/p>\n\n\n\n<p>O projeto ser\u00e1 desenvolvido na sede da Funasg, na Rua Alu\u00edsio Neiva, 808, no Centro. O primeiro encontro est\u00e1 agendado para acontecer \u00e0s 10h do dia 23 de julho, no audit\u00f3rio da Secretaria Municipal de Educa\u00e7\u00e3o.<\/p>\n\n\n\n<p>&#8220;Disponibilizamos 30 vagas para os interessados e a maior parte das vagas j\u00e1 foi preenchida. Durante o projeto, teremos consultas com nutricionistas e enfermeiros, encontro com psic\u00f3logos e agentes do servi\u00e7o social e palestras com temas ligados aos cuidados da sa\u00fade integral. O nosso foco \u00e9 promover, da melhor forma, o bem-estar e o autocuidado dos nossos servidores e o projeto foi criado seguindo essa mesma inten\u00e7\u00e3o&#8221;, afirmou o presidente da Funasg, Eug\u00eanio Abreu.<\/p>\n\n\n\n<p>No primeiro encontro, o nutricionista e uma enfermeira ir\u00e3o identificar os dados socioecon\u00f4micos, a hist\u00f3ria cl\u00ednica e alimentar dos participantes, visando uma interven\u00e7\u00e3o nutricional individualizada, adequada \u00e0s necessidades e \u00e0 rotina de cada indiv\u00edduo. Al\u00e9m disso, ser\u00e3o solicitados os exames. <\/p>\n\n\n\n<p>Depois, ser\u00e1 prescrito um plano alimentar individualizado e de suplementa\u00e7\u00e3o, quando necess\u00e1rio. Ser\u00e3o tamb\u00e9m esclarecidas d\u00favidas e dadas orienta\u00e7\u00f5es para os participantes. Na \u00faltima consulta, ser\u00e1 feita a verifica\u00e7\u00e3o dos par\u00e2metros avaliados.<\/p>\n\n\n\n<p><strong><em>S\u00e3o Gon\u00e7alo vai mudar: Not\u00edcias de S\u00e3o Gon\u00e7alo e toda regi\u00e3o.<\/em><\/strong><\/p>\n\n\n\n<figure class=\"wp-block-image size-large\"><img decoding=\"async\" width=\"1024\" height=\"252\" src=\"https:\/\/sgvaimudar.com.br\/wp-content\/uploads\/2025\/03\/Anuncie-Aqui-Sao-Goncalo-vai-mudar-1024x252.jpg\" alt=\"\" class=\"wp-image-22693\" srcset=\"https:\/\/sgvaimudar.com.br\/wp-content\/uploads\/2025\/03\/Anuncie-Aqui-Sao-Goncalo-vai-mudar-1024x252.jpg 1024w, https:\/\/sgvaimudar.com.br\/wp-content\/uploads\/2025\/03\/Anuncie-Aqui-Sao-Goncalo-vai-mudar-300x74.jpg 300w, https:\/\/sgvaimudar.com.br\/wp-content\/uploads\/2025\/03\/Anuncie-Aqui-Sao-Goncalo-vai-mudar-768x189.jpg 768w, https:\/\/sgvaimudar.com.br\/wp-content\/uploads\/2025\/03\/Anuncie-Aqui-Sao-Goncalo-vai-mudar-1536x378.jpg 1536w, https:\/\/sgvaimudar.com.br\/wp-content\/uploads\/2025\/03\/Anuncie-Aqui-Sao-Goncalo-vai-mudar-2048x504.jpg 2048w\" sizes=\"(max-width: 1024px) 100vw, 1024px\" \/><\/figure>\n","protected":false},"excerpt":{"rendered":"<p>Servidores municipais poder\u00e3o se inscrever at\u00e9 o dia 16&nbsp; O Projeto Medida Certa do Servidor 2025 ainda est\u00e1 com vagas&hellip;<\/p>\n","protected":false},"author":5,"featured_media":27800,"comment_status":"open","ping_status":"open","sticky":false,"template":"","format":"standard","meta":{"fifu_image_url":"","fifu_image_alt":"","footnotes":""},"categories":[7],"tags":[47,75],"class_list":["post-27798","post","type-post","status-publish","format-standard","has-post-thumbnail","hentry","category-saude","tag-rj","tag-sao-goncalo"],"_links":{"self":[{"href":"https:\/\/sgvaimudar.com.br\/index.php\/wp-json\/wp\/v2\/posts\/27798","targetHints":{"allow":["GET"]}}],"collection":[{"href":"https:\/\/sgvaimudar.com.br\/index.php\/wp-json\/wp\/v2\/posts"}],"about":[{"href":"https:\/\/sgvaimudar.com.br\/index.php\/wp-json\/wp\/v2\/types\/post"}],"author":[{"embeddable":true,"href":"https:\/\/sgvaimudar.com.br\/index.php\/wp-json\/wp\/v2\/users\/5"}],"replies":[{"embeddable":true,"href":"https:\/\/sgvaimudar.com.br\/index.php\/wp-json\/wp\/v2\/comments?post=27798"}],"version-history":[{"count":1,"href":"https:\/\/sgvaimudar.com.br\/index.php\/wp-json\/wp\/v2\/posts\/27798\/revisions"}],"predecessor-version":[{"id":27801,"href":"https:\/\/sgvaimudar.com.br\/index.php\/wp-json\/wp\/v2\/posts\/27798\/revisions\/27801"}],"wp:featuredmedia":[{"embeddable":true,"href":"https:\/\/sgvaimudar.com.br\/index.php\/wp-json\/wp\/v2\/media\/27800"}],"wp:attachment":[{"href":"https:\/\/sgvaimudar.com.br\/index.php\/wp-json\/wp\/v2\/media?parent=27798"}],"wp:term":[{"taxonomy":"category","embeddable":true,"href":"https:\/\/sgvaimudar.com.br\/index.php\/wp-json\/wp\/v2\/categories?post=27798"},{"taxonomy":"post_tag","embeddable":true,"href":"https:\/\/sgvaimudar.com.br\/index.php\/wp-json\/wp\/v2\/tags?post=27798"}],"curies":[{"name":"wp","href":"https:\/\/api.w.org\/{rel}","templated":true}]}}