{"id":27778,"date":"2025-07-09T17:00:00","date_gmt":"2025-07-09T20:00:00","guid":{"rendered":"https:\/\/sgvaimudar.com.br\/?p=27778"},"modified":"2025-07-09T11:00:15","modified_gmt":"2025-07-09T14:00:15","slug":"claudio-castro-investe-r-4-milhoes-em-edital-de-mobilidade-cultural","status":"publish","type":"post","link":"https:\/\/sgvaimudar.com.br\/index.php\/2025\/07\/09\/claudio-castro-investe-r-4-milhoes-em-edital-de-mobilidade-cultural\/","title":{"rendered":"Cl\u00e1udio Castro investe R$ 4 milh\u00f5es em edital de mobilidade cultural"},"content":{"rendered":"\n<p><em>Iniciativa in\u00e9dita do Governo do Estado oferece apoio para que artistas fluminenses levem suas propostas culturais ao Brasil e ao exterior<\/em><\/p>\n\n\n\n<p>Os artistas fluminenses j\u00e1 podem preparar suas malas. O Governo do Estado, por meio da Secretaria de Estado de Cultura e Economia Criativa do Rio de Janeiro (SececRJ) lan\u00e7ou, nesta ter\u00e7a-feira (08\/07), o Edital Mobilidades, que vai apoiar a circula\u00e7\u00e3o de propostas culturais por todo o territ\u00f3rio nacional e tamb\u00e9m no exterior. Com investimento total de R$ 4,1 milh\u00f5es, a chamada p\u00fablica, realizada de forma in\u00e9dita, garante o custeio das despesas de locomo\u00e7\u00e3o para que agentes e produ\u00e7\u00f5es culturais participem de feiras, festivais, mostras e outros eventos.<\/p>\n\n\n\n<p>O edital est\u00e1 dividido em dois m\u00f3dulos e as inscri\u00e7\u00f5es ficar\u00e3o abertas das 9h do dia 8 de julho at\u00e9 as 18h do dia 8 de agosto, por meio da plataforma Desenvolve Cultura.<\/p>\n\n\n\n<p>&#8211; Estamos garantindo que artistas e produtores culturais tenham a oportunidade de levar sua arte para outros cantos do Brasil e do mundo. \u00c9 mais do que um apoio log\u00edstico, \u00e9 um investimento na proje\u00e7\u00e3o da nossa criatividade, na gera\u00e7\u00e3o de empregos e no fortalecimento da economia criativa do Rio de Janeiro &#8211; declarou o governador Cl\u00e1udio Castro.<\/p>\n\n\n\n<p>A chamada \u00e9 voltada para pessoas jur\u00eddicas ou microempreendedores individuais, com natureza e finalidade culturais explicitadas em seus atos constitutivos, estabelecida no Estado do Rio de Janeiro.&nbsp;&nbsp;<\/p>\n\n\n\n<p>&#8211; Vamos oferecer apoio financeiro para que a nossa rica produ\u00e7\u00e3o cultural fluminense cruze fronteiras e percorra estradas no Brasil e em todo mundo. A ideia \u00e9 fortalecer a circula\u00e7\u00e3o cultural, gerar novas parcerias e dar mais visibilidade para a produ\u00e7\u00e3o local, promovendo interc\u00e2mbio e fortalecendo nossa rede de parcerias- explica a secret\u00e1ria de Estado de Cultura e Economia Criativa do Rio de Janeiro, Danielle Barros.<\/p>\n\n\n\n<p><strong>Conhe\u00e7a os m\u00f3dulos<\/strong><\/p>\n\n\n\n<p>M\u00f3dulo I &#8211; R$ 3,3 milh\u00f5es<\/p>\n\n\n\n<p>Cada m\u00eas, de setembro a janeiro, ser\u00e1 disponibilizado R$ 660.000 para fomentar a circula\u00e7\u00e3o nacional e internacional de obras art\u00edsticas de profissionais do setor cultural fluminense por meio do custeio de despesas de locomo\u00e7\u00e3o.<\/p>\n\n\n\n<p>As propostas podem se enquadrar nos mais diversos segmentos art\u00edstico-culturais existentes, como audiovisual, dan\u00e7a, teatro, circo, literatura, artes visuais, culturas populares entre outros, podendo o proponente ser o pr\u00f3prio artista ou a empresa produtora da obra art\u00edstica.<\/p>\n\n\n\n<p>As propostas ser\u00e3o analisadas mensalmente, conforme a inscri\u00e7\u00e3o dos proponentes. N\u00e3o h\u00e1 n\u00famero de vagas por m\u00eas. Haver\u00e1 o limite de recurso mensal e este \u00e9 o teto de contemplados.<\/p>\n\n\n\n<p>O m\u00f3dulo \u00e9 pensado no formato de fluxo cont\u00ednuo de inscri\u00e7\u00f5es, sendo que as propostas inscritas devem prever que suas viagens sejam realizadas entre o dia 21 de agosto de 2025 e 31 de janeiro de 2026, desde que a sua viagem esteja marcada para ser realizada a partir de 45 dias corridos, ap\u00f3s o \u00faltimo dia \u00fatil do m\u00eas em que o proponente realizou a inscri\u00e7\u00e3o.<\/p>\n\n\n\n<p>A secretaria ressalta que uma vez o projeto inscrito inabilitado, o proponente poder\u00e1 submeter novamente a proposta, estando conforme os regramentos do Edital.<\/p>\n\n\n\n<p>O proponente deve, no ato da inscri\u00e7\u00e3o, apresentar uma carta convite oficial da institui\u00e7\u00e3o realizadora do evento em que a proposta ser\u00e1 executada, em papel timbrado, assinada por seu respons\u00e1vel legal, contendo data e local de realiza\u00e7\u00e3o, o nome do artista, grupo ou obra a ser realizada.<\/p>\n\n\n\n<p>A carta convite deve estar acompanhada do e-mail pelo qual recebeu o convite. Caso a carta convite e\/ou o e-mail esteja em uma l\u00edngua estrangeira, o proponente dever\u00e1 enviar em conjunto uma tradu\u00e7\u00e3o livre dos documentos.<\/p>\n\n\n\n<p>M\u00f3dulo II &#8211; R$ 800 mil<\/p>\n\n\n\n<p>Tem o objetivo de incentivar a divulga\u00e7\u00e3o dos projetos contemplados no M\u00f3dulo I desta chamada atrav\u00e9s da publica\u00e7\u00e3o de um livro a partir do estudo e acompanhamento da execu\u00e7\u00e3o das propostas culturais.<\/p>\n\n\n\n<p>As propostas culturais inscritas neste m\u00f3dulo devem prever o acompanhamento presencial da execu\u00e7\u00e3o da proposta de no m\u00ednimo cinco proponentes contemplados no M\u00f3dulo I desta chamada.<\/p>\n\n\n\n<p><strong>Servi\u00e7o<\/strong><\/p>\n\n\n\n<p>Per\u00edodo de inscri\u00e7\u00e3o: 9h de 8\/07 \u00e0s 18h de 8\/08<\/p>\n\n\n\n<p>Inscri\u00e7\u00f5es:&nbsp;<a href=\"http:\/\/cultura.rj.gov.br\/desenvolve-cultura\/inscricao\/\" target=\"_blank\" rel=\"noreferrer noopener\">http:\/\/cultura.rj.gov.br\/desenvolve-cultura\/inscricao\/<\/a><\/p>\n\n\n\n<p>E-mail para d\u00favidas:\u00a0<a rel=\"noreferrer noopener\" href=\"mailto:mobilidades@cultura.rj.gov.br\" target=\"_blank\">mobilidades@cultura.rj.gov.br<\/a>.<\/p>\n\n\n\n<p><strong><em>S\u00e3o Gon\u00e7alo vai mudar: Not\u00edcias de S\u00e3o Gon\u00e7alo e toda regi\u00e3o.<\/em><\/strong><\/p>\n\n\n\n<figure class=\"wp-block-image size-large\"><img fetchpriority=\"high\" decoding=\"async\" width=\"1024\" height=\"252\" src=\"https:\/\/sgvaimudar.com.br\/wp-content\/uploads\/2025\/03\/Anuncie-Aqui-Sao-Goncalo-vai-mudar-1024x252.jpg\" alt=\"\" class=\"wp-image-22693\" srcset=\"https:\/\/sgvaimudar.com.br\/wp-content\/uploads\/2025\/03\/Anuncie-Aqui-Sao-Goncalo-vai-mudar-1024x252.jpg 1024w, https:\/\/sgvaimudar.com.br\/wp-content\/uploads\/2025\/03\/Anuncie-Aqui-Sao-Goncalo-vai-mudar-300x74.jpg 300w, https:\/\/sgvaimudar.com.br\/wp-content\/uploads\/2025\/03\/Anuncie-Aqui-Sao-Goncalo-vai-mudar-768x189.jpg 768w, https:\/\/sgvaimudar.com.br\/wp-content\/uploads\/2025\/03\/Anuncie-Aqui-Sao-Goncalo-vai-mudar-1536x378.jpg 1536w, https:\/\/sgvaimudar.com.br\/wp-content\/uploads\/2025\/03\/Anuncie-Aqui-Sao-Goncalo-vai-mudar-2048x504.jpg 2048w\" sizes=\"(max-width: 1024px) 100vw, 1024px\" \/><\/figure>\n","protected":false},"excerpt":{"rendered":"<p>Iniciativa in\u00e9dita do Governo do Estado oferece apoio para que artistas fluminenses levem suas propostas culturais ao Brasil e ao&hellip;<\/p>\n","protected":false},"author":5,"featured_media":5707,"comment_status":"open","ping_status":"open","sticky":false,"template":"","format":"standard","meta":{"fifu_image_url":"","fifu_image_alt":"","footnotes":""},"categories":[6],"tags":[47],"class_list":["post-27778","post","type-post","status-publish","format-standard","has-post-thumbnail","hentry","category-entretenimento","tag-rj"],"_links":{"self":[{"href":"https:\/\/sgvaimudar.com.br\/index.php\/wp-json\/wp\/v2\/posts\/27778","targetHints":{"allow":["GET"]}}],"collection":[{"href":"https:\/\/sgvaimudar.com.br\/index.php\/wp-json\/wp\/v2\/posts"}],"about":[{"href":"https:\/\/sgvaimudar.com.br\/index.php\/wp-json\/wp\/v2\/types\/post"}],"author":[{"embeddable":true,"href":"https:\/\/sgvaimudar.com.br\/index.php\/wp-json\/wp\/v2\/users\/5"}],"replies":[{"embeddable":true,"href":"https:\/\/sgvaimudar.com.br\/index.php\/wp-json\/wp\/v2\/comments?post=27778"}],"version-history":[{"count":1,"href":"https:\/\/sgvaimudar.com.br\/index.php\/wp-json\/wp\/v2\/posts\/27778\/revisions"}],"predecessor-version":[{"id":27779,"href":"https:\/\/sgvaimudar.com.br\/index.php\/wp-json\/wp\/v2\/posts\/27778\/revisions\/27779"}],"wp:featuredmedia":[{"embeddable":true,"href":"https:\/\/sgvaimudar.com.br\/index.php\/wp-json\/wp\/v2\/media\/5707"}],"wp:attachment":[{"href":"https:\/\/sgvaimudar.com.br\/index.php\/wp-json\/wp\/v2\/media?parent=27778"}],"wp:term":[{"taxonomy":"category","embeddable":true,"href":"https:\/\/sgvaimudar.com.br\/index.php\/wp-json\/wp\/v2\/categories?post=27778"},{"taxonomy":"post_tag","embeddable":true,"href":"https:\/\/sgvaimudar.com.br\/index.php\/wp-json\/wp\/v2\/tags?post=27778"}],"curies":[{"name":"wp","href":"https:\/\/api.w.org\/{rel}","templated":true}]}}