{"id":27774,"date":"2025-07-09T15:00:00","date_gmt":"2025-07-09T18:00:00","guid":{"rendered":"https:\/\/sgvaimudar.com.br\/?p=27774"},"modified":"2025-07-09T10:57:11","modified_gmt":"2025-07-09T13:57:11","slug":"defesa-civil-ensina-sobre-percepcao-de-risco-em-escola-no-joquei","status":"publish","type":"post","link":"https:\/\/sgvaimudar.com.br\/index.php\/2025\/07\/09\/defesa-civil-ensina-sobre-percepcao-de-risco-em-escola-no-joquei\/","title":{"rendered":"Defesa Civil ensina sobre percep\u00e7\u00e3o de risco em escola no J\u00f3quei\u00a0"},"content":{"rendered":"\n<p><em>Alunos com idades entre 12 e 17 anos tamb\u00e9m realizaram um simulado de evacua\u00e7\u00e3o&nbsp;<\/em><\/p>\n\n\n\n<p>A Defesa Civil de S\u00e3o Gon\u00e7alo realizou, nesta manh\u00e3 de ter\u00e7a-feira (8), uma a\u00e7\u00e3o para ensinar a cerca de 40 alunos com idades entre 12 e 17 anos sobre o trabalho da corpora\u00e7\u00e3o. A iniciativa aconteceu no CIEP 440 Major Joaquim De Azevedo Coutinho, localizado no J\u00f3quei. Durante a aula, foram abordados temas como percep\u00e7\u00e3o de risco, com diferen\u00e7as sobre perigo e risco, al\u00e9m da execu\u00e7\u00e3o de um simulado de evacua\u00e7\u00e3o.<\/p>\n\n\n\n<p>Segundo o major Felipe Assump\u00e7\u00e3o, alunos e professores aprenderam sobre diversos temas ligados \u00e0 Defesa Civil. &#8220;Foi uma atividade bem proveitosa, com momentos te\u00f3ricos, com os conceitos, e pr\u00e1ticos, com o simulado de evacua\u00e7\u00e3o. Ensinamos a eles tamb\u00e9m sobre os n\u00fameros de emerg\u00eancia, como do Corpo de Bombeiros e do Samu&#8221;, disse o major. <\/p>\n\n\n\n<figure class=\"wp-block-image size-large\"><img fetchpriority=\"high\" decoding=\"async\" width=\"1024\" height=\"768\" src=\"https:\/\/sgvaimudar.com.br\/wp-content\/uploads\/2025\/07\/unnamed-8-4-1024x768.jpg\" alt=\"\" class=\"wp-image-27776\" srcset=\"https:\/\/sgvaimudar.com.br\/wp-content\/uploads\/2025\/07\/unnamed-8-4-1024x768.jpg 1024w, https:\/\/sgvaimudar.com.br\/wp-content\/uploads\/2025\/07\/unnamed-8-4-300x225.jpg 300w, https:\/\/sgvaimudar.com.br\/wp-content\/uploads\/2025\/07\/unnamed-8-4-768x576.jpg 768w, https:\/\/sgvaimudar.com.br\/wp-content\/uploads\/2025\/07\/unnamed-8-4.jpg 1280w\" sizes=\"(max-width: 1024px) 100vw, 1024px\" \/><\/figure>\n\n\n\n<p>Ele disse que essa parceria com as unidades escolares \u00e9 muito importante. &#8220;Um dos nossos representantes da Defesa Civil, o Rodrigo, foi aluno desse Ciep, o que deu um \u00e2nimo aos alunos por verem que uma pessoa que esteve na escola onde eles estiveram trilhou um caminho e hoje est\u00e1 na Defesa Civil&#8221;, disse Assump\u00e7\u00e3o.<\/p>\n\n\n\n<p>A diretora da unidade, Elaine Sarmento, elogiou a atua\u00e7\u00e3o dos agentes da Defesa Civil.<\/p>\n\n\n\n<p>&#8220;Fico muito feliz e grata com a presen\u00e7a dos agentes da Defesa Civil na unidade. Foi um trabalho muito proveitoso e levou conhecimento aos alunos&#8221;, disse a diretora.<\/p>\n\n\n\n<p>A presen\u00e7a dos agentes da Defesa Civil na unidade de ensino foi uma solicita\u00e7\u00e3o de representantes do CIEP. Al\u00e9m dessa atividade, a corpora\u00e7\u00e3o realiza o projeto Defesa Civil do Futuro, desenvolvido em parceria com a Secretaria de Educa\u00e7\u00e3o, no qual crian\u00e7as da rede municipal de ensino t\u00eam aulas sobre temas como meteorologia, percep\u00e7\u00f5es de risco e primeiros socorros.<\/p>\n\n\n\n<p><strong><em>S\u00e3o Gon\u00e7alo vai mudar: Not\u00edcias de S\u00e3o Gon\u00e7alo e toda regi\u00e3o.<\/em><\/strong><\/p>\n\n\n\n<figure class=\"wp-block-image size-large\"><img decoding=\"async\" width=\"1024\" height=\"252\" src=\"https:\/\/sgvaimudar.com.br\/wp-content\/uploads\/2025\/03\/Anuncie-Aqui-Sao-Goncalo-vai-mudar-1024x252.jpg\" alt=\"\" class=\"wp-image-22693\" srcset=\"https:\/\/sgvaimudar.com.br\/wp-content\/uploads\/2025\/03\/Anuncie-Aqui-Sao-Goncalo-vai-mudar-1024x252.jpg 1024w, https:\/\/sgvaimudar.com.br\/wp-content\/uploads\/2025\/03\/Anuncie-Aqui-Sao-Goncalo-vai-mudar-300x74.jpg 300w, https:\/\/sgvaimudar.com.br\/wp-content\/uploads\/2025\/03\/Anuncie-Aqui-Sao-Goncalo-vai-mudar-768x189.jpg 768w, https:\/\/sgvaimudar.com.br\/wp-content\/uploads\/2025\/03\/Anuncie-Aqui-Sao-Goncalo-vai-mudar-1536x378.jpg 1536w, https:\/\/sgvaimudar.com.br\/wp-content\/uploads\/2025\/03\/Anuncie-Aqui-Sao-Goncalo-vai-mudar-2048x504.jpg 2048w\" sizes=\"(max-width: 1024px) 100vw, 1024px\" \/><\/figure>\n","protected":false},"excerpt":{"rendered":"<p>Alunos com idades entre 12 e 17 anos tamb\u00e9m realizaram um simulado de evacua\u00e7\u00e3o&nbsp; A Defesa Civil de S\u00e3o Gon\u00e7alo&hellip;<\/p>\n","protected":false},"author":5,"featured_media":27775,"comment_status":"open","ping_status":"open","sticky":false,"template":"","format":"standard","meta":{"fifu_image_url":"","fifu_image_alt":"","footnotes":""},"categories":[3],"tags":[47,75],"class_list":["post-27774","post","type-post","status-publish","format-standard","has-post-thumbnail","hentry","category-sao-goncalo","tag-rj","tag-sao-goncalo"],"_links":{"self":[{"href":"https:\/\/sgvaimudar.com.br\/index.php\/wp-json\/wp\/v2\/posts\/27774","targetHints":{"allow":["GET"]}}],"collection":[{"href":"https:\/\/sgvaimudar.com.br\/index.php\/wp-json\/wp\/v2\/posts"}],"about":[{"href":"https:\/\/sgvaimudar.com.br\/index.php\/wp-json\/wp\/v2\/types\/post"}],"author":[{"embeddable":true,"href":"https:\/\/sgvaimudar.com.br\/index.php\/wp-json\/wp\/v2\/users\/5"}],"replies":[{"embeddable":true,"href":"https:\/\/sgvaimudar.com.br\/index.php\/wp-json\/wp\/v2\/comments?post=27774"}],"version-history":[{"count":1,"href":"https:\/\/sgvaimudar.com.br\/index.php\/wp-json\/wp\/v2\/posts\/27774\/revisions"}],"predecessor-version":[{"id":27777,"href":"https:\/\/sgvaimudar.com.br\/index.php\/wp-json\/wp\/v2\/posts\/27774\/revisions\/27777"}],"wp:featuredmedia":[{"embeddable":true,"href":"https:\/\/sgvaimudar.com.br\/index.php\/wp-json\/wp\/v2\/media\/27775"}],"wp:attachment":[{"href":"https:\/\/sgvaimudar.com.br\/index.php\/wp-json\/wp\/v2\/media?parent=27774"}],"wp:term":[{"taxonomy":"category","embeddable":true,"href":"https:\/\/sgvaimudar.com.br\/index.php\/wp-json\/wp\/v2\/categories?post=27774"},{"taxonomy":"post_tag","embeddable":true,"href":"https:\/\/sgvaimudar.com.br\/index.php\/wp-json\/wp\/v2\/tags?post=27774"}],"curies":[{"name":"wp","href":"https:\/\/api.w.org\/{rel}","templated":true}]}}