{"id":27770,"date":"2025-07-09T13:00:00","date_gmt":"2025-07-09T16:00:00","guid":{"rendered":"https:\/\/sgvaimudar.com.br\/?p=27770"},"modified":"2025-07-09T10:51:15","modified_gmt":"2025-07-09T13:51:15","slug":"secretaria-de-meio-ambiente-lanca-edital-para-doacao-de-animais-de-grande-porte-apreendidos","status":"publish","type":"post","link":"https:\/\/sgvaimudar.com.br\/index.php\/2025\/07\/09\/secretaria-de-meio-ambiente-lanca-edital-para-doacao-de-animais-de-grande-porte-apreendidos\/","title":{"rendered":"Secretaria de Meio Ambiente lan\u00e7a edital para doa\u00e7\u00e3o de animais de grande porte apreendidos"},"content":{"rendered":"\n<p><em>Credenciamento \u00e9 destinado a pessoas f\u00edsicas, ONGs e entidades que atuam com bem-estar animal<\/em><\/p>\n\n\n\n<p>Lembra daqueles animais de grande porte largados nas ruas e apreendidos pela Prefeitura? Pois \u00e9, a Secretaria de Meio Ambiente publicou nesta ter\u00e7a-feira (8) um Edital de Credenciamento que visa selecionar pessoas f\u00edsicas, organiza\u00e7\u00f5es n\u00e3o governamentais (ONGs), entidades filantr\u00f3picas e associa\u00e7\u00f5es civis sem fins lucrativos interessadas em receb\u00ea-los.<\/p>\n\n\n\n<p>A iniciativa busca garantir a destina\u00e7\u00e3o respons\u00e1vel desses animais que foram deixados de lado pelos seus tutores, em conson\u00e2ncia com a Lei Municipal n\u00ba 1.518\/2023 e o Decreto n\u00ba 536\/2023, que regulamentam o manejo, apreens\u00e3o, guarda e bem-estar dos animais de grande porte em S\u00e3o Gon\u00e7alo. Os interessados t\u00eam o prazo de 15 dias \u00fateis para realizar suas inscri\u00e7\u00f5es, contados a partir da publica\u00e7\u00e3o do edital.<\/p>\n\n\n\n<figure class=\"wp-block-image size-large\"><img fetchpriority=\"high\" decoding=\"async\" width=\"1024\" height=\"684\" src=\"https:\/\/sgvaimudar.com.br\/wp-content\/uploads\/2025\/07\/unnamed-3-7-1024x684.jpg\" alt=\"\" class=\"wp-image-27771\" srcset=\"https:\/\/sgvaimudar.com.br\/wp-content\/uploads\/2025\/07\/unnamed-3-7-1024x684.jpg 1024w, https:\/\/sgvaimudar.com.br\/wp-content\/uploads\/2025\/07\/unnamed-3-7-300x200.jpg 300w, https:\/\/sgvaimudar.com.br\/wp-content\/uploads\/2025\/07\/unnamed-3-7-768x513.jpg 768w, https:\/\/sgvaimudar.com.br\/wp-content\/uploads\/2025\/07\/unnamed-3-7-1536x1027.jpg 1536w, https:\/\/sgvaimudar.com.br\/wp-content\/uploads\/2025\/07\/unnamed-3-7.jpg 1616w\" sizes=\"(max-width: 1024px) 100vw, 1024px\" \/><\/figure>\n\n\n\n<p>O edital estabelece que poder\u00e3o se credenciar pessoas f\u00edsicas ou jur\u00eddicas regularmente constitu\u00eddas, que comprovem capacidade t\u00e9cnica e infraestrutura adequada para abrigar animais de grande porte \u2014 como cavalos, bois e vacas \u2014 com acesso \u00e0 \u00e1rea rural, abrigo, alimenta\u00e7\u00e3o, \u00e1gua, cuidados veterin\u00e1rios e seguran\u00e7a. <\/p>\n\n\n\n<p>Al\u00e9m disso, \u00e9 necess\u00e1rio apresentar documentos que comprovem a idoneidade do proponente, aus\u00eancia de hist\u00f3rico de maus-tratos e v\u00ednculo legal com a propriedade indicada para acolhimento dos animais.<\/p>\n\n\n\n<p>A doa\u00e7\u00e3o dos animais ser\u00e1 formalizada por meio de um Termo de Doa\u00e7\u00e3o e de Responsabilidade, vedando qualquer forma de explora\u00e7\u00e3o comercial ou econ\u00f4mica dos animais. A escolha dos animais ser\u00e1 feita pela Secretaria de Meio Ambiente e Transportes, de forma aleat\u00f3ria, conforme disponibilidade no momento da doa\u00e7\u00e3o.<\/p>\n\n\n\n<p>Segundo o secret\u00e1rio de Meio Ambiente, Fabio Lemos, o edital \u00e9 um avan\u00e7o importante na pol\u00edtica p\u00fablica de prote\u00e7\u00e3o animal.<\/p>\n\n\n\n<p>\u201cA publica\u00e7\u00e3o deste edital fortalece a rede de apoio \u00e0 causa animal em S\u00e3o Gon\u00e7alo e representa um passo essencial para garantir o destino adequado e digno aos animais de grande porte que s\u00e3o apreendidos nas vias p\u00fablicas. Com isso, ampliamos a capacidade de resposta do munic\u00edpio e refor\u00e7amos nosso compromisso com o bem-estar animal e a seguran\u00e7a da popula\u00e7\u00e3o\u201d, destacou o secret\u00e1rio.<\/p>\n\n\n\n<p>As inscri\u00e7\u00f5es devem ser feitas presencialmente na sede da Secretaria de Meio Ambiente e Transportes, localizada na Travessa Peri dos Santos, n\u00ba 42, Estrela do Norte, de segunda a sexta-feira, das 9h \u00e0s 17h.<\/p>\n\n\n\n<p>O Edital de Credenciamento n\u00ba 01\/SEMMATRAN\/2025 est\u00e1 dispon\u00edvel no di\u00e1rio oficial do munic\u00edpio atrav\u00e9s do link:&nbsp;<a href=\"https:\/\/click.cse360.com.br\/Click\/AddCampaignEmailClick\/526fe0fd-2ef6-4090-eb7b-08ddbe36ee0c\/https%253a%252f%252fdo.pmsg.rj.gov.br%252fdiario%252f2025_07_08.pdf\/ac66966e-2b55-4484-fb2c-08dc491eed5f\/jornalistaws@gmail.com\/False\" rel=\"noreferrer noopener\" target=\"_blank\">https:\/\/do.pmsg.rj.gov.br\/diario\/2025_07_08.pdf<\/a>.<\/p>\n\n\n\n<p><em>Fotos: Ascom<\/em><\/p>\n\n\n\n<p><strong><em>S\u00e3o Gon\u00e7alo vai mudar: Not\u00edcias de S\u00e3o Gon\u00e7alo e toda regi\u00e3o.<\/em><\/strong><\/p>\n\n\n\n<figure class=\"wp-block-image size-large\"><img decoding=\"async\" width=\"1024\" height=\"252\" src=\"https:\/\/sgvaimudar.com.br\/wp-content\/uploads\/2025\/03\/Anuncie-Aqui-Sao-Goncalo-vai-mudar-1024x252.jpg\" alt=\"\" class=\"wp-image-22693\" srcset=\"https:\/\/sgvaimudar.com.br\/wp-content\/uploads\/2025\/03\/Anuncie-Aqui-Sao-Goncalo-vai-mudar-1024x252.jpg 1024w, https:\/\/sgvaimudar.com.br\/wp-content\/uploads\/2025\/03\/Anuncie-Aqui-Sao-Goncalo-vai-mudar-300x74.jpg 300w, https:\/\/sgvaimudar.com.br\/wp-content\/uploads\/2025\/03\/Anuncie-Aqui-Sao-Goncalo-vai-mudar-768x189.jpg 768w, https:\/\/sgvaimudar.com.br\/wp-content\/uploads\/2025\/03\/Anuncie-Aqui-Sao-Goncalo-vai-mudar-1536x378.jpg 1536w, https:\/\/sgvaimudar.com.br\/wp-content\/uploads\/2025\/03\/Anuncie-Aqui-Sao-Goncalo-vai-mudar-2048x504.jpg 2048w\" sizes=\"(max-width: 1024px) 100vw, 1024px\" \/><\/figure>\n","protected":false},"excerpt":{"rendered":"<p>Credenciamento \u00e9 destinado a pessoas f\u00edsicas, ONGs e entidades que atuam com bem-estar animal Lembra daqueles animais de grande porte&hellip;<\/p>\n","protected":false},"author":5,"featured_media":27772,"comment_status":"open","ping_status":"open","sticky":false,"template":"","format":"standard","meta":{"fifu_image_url":"","fifu_image_alt":"","footnotes":""},"categories":[3],"tags":[47,75],"class_list":["post-27770","post","type-post","status-publish","format-standard","has-post-thumbnail","hentry","category-sao-goncalo","tag-rj","tag-sao-goncalo"],"_links":{"self":[{"href":"https:\/\/sgvaimudar.com.br\/index.php\/wp-json\/wp\/v2\/posts\/27770","targetHints":{"allow":["GET"]}}],"collection":[{"href":"https:\/\/sgvaimudar.com.br\/index.php\/wp-json\/wp\/v2\/posts"}],"about":[{"href":"https:\/\/sgvaimudar.com.br\/index.php\/wp-json\/wp\/v2\/types\/post"}],"author":[{"embeddable":true,"href":"https:\/\/sgvaimudar.com.br\/index.php\/wp-json\/wp\/v2\/users\/5"}],"replies":[{"embeddable":true,"href":"https:\/\/sgvaimudar.com.br\/index.php\/wp-json\/wp\/v2\/comments?post=27770"}],"version-history":[{"count":1,"href":"https:\/\/sgvaimudar.com.br\/index.php\/wp-json\/wp\/v2\/posts\/27770\/revisions"}],"predecessor-version":[{"id":27773,"href":"https:\/\/sgvaimudar.com.br\/index.php\/wp-json\/wp\/v2\/posts\/27770\/revisions\/27773"}],"wp:featuredmedia":[{"embeddable":true,"href":"https:\/\/sgvaimudar.com.br\/index.php\/wp-json\/wp\/v2\/media\/27772"}],"wp:attachment":[{"href":"https:\/\/sgvaimudar.com.br\/index.php\/wp-json\/wp\/v2\/media?parent=27770"}],"wp:term":[{"taxonomy":"category","embeddable":true,"href":"https:\/\/sgvaimudar.com.br\/index.php\/wp-json\/wp\/v2\/categories?post=27770"},{"taxonomy":"post_tag","embeddable":true,"href":"https:\/\/sgvaimudar.com.br\/index.php\/wp-json\/wp\/v2\/tags?post=27770"}],"curies":[{"name":"wp","href":"https:\/\/api.w.org\/{rel}","templated":true}]}}