{"id":27745,"date":"2025-07-09T09:59:00","date_gmt":"2025-07-09T12:59:00","guid":{"rendered":"https:\/\/sgvaimudar.com.br\/?p=27745"},"modified":"2025-07-09T09:57:37","modified_gmt":"2025-07-09T12:57:37","slug":"trio-e-preso-por-trafico-e-porte-ilegal-de-arma-na-comunidade-do-xerecao-em-sao-goncalo","status":"publish","type":"post","link":"https:\/\/sgvaimudar.com.br\/index.php\/2025\/07\/09\/trio-e-preso-por-trafico-e-porte-ilegal-de-arma-na-comunidade-do-xerecao-em-sao-goncalo\/","title":{"rendered":"Trio \u00e9 preso por tr\u00e1fico e porte ilegal de arma na Comunidade do Xerec\u00e3o, em S\u00e3o Gon\u00e7alo"},"content":{"rendered":"\n<p><em>Com os suspeitos foram apreendidos uma pistola com carregador, dois r\u00e1dios transmissores e um material entorpecente que at\u00e9 o fechamento desta mat\u00e9ria n\u00e3o havia sido contabilizado<\/em><\/p>\n\n\n\n<p>Os policiais militares do 7\u00ba BPM (S\u00e3o Gon\u00e7alo), durante uma opera\u00e7\u00e3o na noite desta ter\u00e7a-feira (8), prenderam tr\u00eas suspeitos de envolvimento com o tr\u00e1fico de drogas na comunidade conhecida como Xerec\u00e3o, no bairro Vista Alegre, em S\u00e3o Gon\u00e7alo.<\/p>\n\n\n\n<p>Eles foram identificados como Guilherme de Souza Duarte, de 20 anos, vulgo <strong><em>Artilheiro do Salgueiro<\/em><\/strong>, Jo\u00e3o Miguel Carvalho da Silva, de 19 anos, conhecido como <strong><em>MG<\/em><\/strong>, e um adolescente de 17 anos cujo apelido \u00e9 <strong><em>Vasca\u00edno<\/em><\/strong>.<\/p>\n\n\n\n<figure class=\"wp-block-video\"><video height=\"1280\" style=\"aspect-ratio: 720 \/ 1280;\" width=\"720\" controls src=\"https:\/\/sgvaimudar.com.br\/wp-content\/uploads\/2025\/07\/VID-20250709-WA0046.mp4\"><\/video><\/figure>\n\n\n\n<p>A a\u00e7\u00e3o foi realizada por equipes do Grupamento de A\u00e7\u00f5es T\u00e1ticas (GAT) da 4\u00aa Companhia, com o objetivo de coibir roubos de ve\u00edculos e o tr\u00e1fico de drogas na regi\u00e3o do Complexo do Brejal e entorno da RJ-104.<\/p>\n\n\n\n<p>Durante o patrulhamento, por volta das 20h30min, os policiais se depararam com os tr\u00eas suspeitos em atividade t\u00edpica de venda de entorpecentes. Houve cerco t\u00e1tico e os indiv\u00edduos foram capturados sem resist\u00eancia.<\/p>\n\n\n\n<p>Com os suspeitos foram apreendidos uma pistola calibre .38 com carregador (sem muni\u00e7\u00f5es), dois r\u00e1dios transmissores e um farto material entorpecente que ainda n\u00e3o havia sido contabilizado.<\/p>\n\n\n\n<p>A pol\u00edcia disse que <strong><em>Artilheiro do Salgueiro<\/em><\/strong> portava a arma e um r\u00e1dio comunicador, enquanto <strong><em>Vasca\u00edno<\/em><\/strong> e o menor de idade estavam com mochilas contendo drogas embaladas e prontas para a comercializa\u00e7\u00e3o. Eles foram conduzidos \u00e0 74\u00aa DP (Alc\u00e2ntara), onde permaneceram presos.<\/p>\n\n\n\n<p>Segundo a Secretaria de Estado de Pol\u00edcia Militar (SEPM), a opera\u00e7\u00e3o faz parte de uma ofensiva mais ampla da Pol\u00edcia Militar para desarticular o tr\u00e1fico e garantir a seguran\u00e7a nas comunidades afetadas por a\u00e7\u00f5es criminosas que, segundo relatos oficiais, t\u00eam restringido o acesso da popula\u00e7\u00e3o a servi\u00e7os p\u00fablicos e o direito de ir e vir.<\/p>\n\n\n\n<p><strong><em>Fa\u00e7a sua den\u00fancia pelo nosso WhatsApp: (21) <\/em><\/strong><strong><em>99744 5345<\/em><\/strong><strong><em><\/em><\/strong><\/p>\n\n\n\n<p><strong><em>S\u00e3o Gon\u00e7alo vai mudar: Not\u00edcias de S\u00e3o Gon\u00e7alo e toda regi\u00e3o.<\/em><\/strong><\/p>\n\n\n\n<figure class=\"wp-block-image size-large\"><img fetchpriority=\"high\" decoding=\"async\" width=\"1024\" height=\"252\" src=\"https:\/\/sgvaimudar.com.br\/wp-content\/uploads\/2023\/10\/Anuncie-Aqui-Sao-Goncalo-vai-mudar-2-1024x252.jpg\" alt=\"\" class=\"wp-image-3625\" srcset=\"https:\/\/sgvaimudar.com.br\/wp-content\/uploads\/2023\/10\/Anuncie-Aqui-Sao-Goncalo-vai-mudar-2-1024x252.jpg 1024w, https:\/\/sgvaimudar.com.br\/wp-content\/uploads\/2023\/10\/Anuncie-Aqui-Sao-Goncalo-vai-mudar-2-300x74.jpg 300w, https:\/\/sgvaimudar.com.br\/wp-content\/uploads\/2023\/10\/Anuncie-Aqui-Sao-Goncalo-vai-mudar-2-768x189.jpg 768w, https:\/\/sgvaimudar.com.br\/wp-content\/uploads\/2023\/10\/Anuncie-Aqui-Sao-Goncalo-vai-mudar-2-1536x378.jpg 1536w, https:\/\/sgvaimudar.com.br\/wp-content\/uploads\/2023\/10\/Anuncie-Aqui-Sao-Goncalo-vai-mudar-2-2048x504.jpg 2048w\" sizes=\"(max-width: 1024px) 100vw, 1024px\" \/><\/figure>\n","protected":false},"excerpt":{"rendered":"<p>Com os suspeitos foram apreendidos uma pistola com carregador, dois r\u00e1dios transmissores e um material entorpecente que at\u00e9 o fechamento&hellip;<\/p>\n","protected":false},"author":5,"featured_media":27746,"comment_status":"open","ping_status":"open","sticky":false,"template":"","format":"standard","meta":{"fifu_image_url":"","fifu_image_alt":"","footnotes":""},"categories":[32],"tags":[41,40,47,75],"class_list":["post-27745","post","type-post","status-publish","format-standard","has-post-thumbnail","hentry","category-casos-de-policia","tag-conflito","tag-guerra","tag-rj","tag-sao-goncalo"],"_links":{"self":[{"href":"https:\/\/sgvaimudar.com.br\/index.php\/wp-json\/wp\/v2\/posts\/27745","targetHints":{"allow":["GET"]}}],"collection":[{"href":"https:\/\/sgvaimudar.com.br\/index.php\/wp-json\/wp\/v2\/posts"}],"about":[{"href":"https:\/\/sgvaimudar.com.br\/index.php\/wp-json\/wp\/v2\/types\/post"}],"author":[{"embeddable":true,"href":"https:\/\/sgvaimudar.com.br\/index.php\/wp-json\/wp\/v2\/users\/5"}],"replies":[{"embeddable":true,"href":"https:\/\/sgvaimudar.com.br\/index.php\/wp-json\/wp\/v2\/comments?post=27745"}],"version-history":[{"count":3,"href":"https:\/\/sgvaimudar.com.br\/index.php\/wp-json\/wp\/v2\/posts\/27745\/revisions"}],"predecessor-version":[{"id":27756,"href":"https:\/\/sgvaimudar.com.br\/index.php\/wp-json\/wp\/v2\/posts\/27745\/revisions\/27756"}],"wp:featuredmedia":[{"embeddable":true,"href":"https:\/\/sgvaimudar.com.br\/index.php\/wp-json\/wp\/v2\/media\/27746"}],"wp:attachment":[{"href":"https:\/\/sgvaimudar.com.br\/index.php\/wp-json\/wp\/v2\/media?parent=27745"}],"wp:term":[{"taxonomy":"category","embeddable":true,"href":"https:\/\/sgvaimudar.com.br\/index.php\/wp-json\/wp\/v2\/categories?post=27745"},{"taxonomy":"post_tag","embeddable":true,"href":"https:\/\/sgvaimudar.com.br\/index.php\/wp-json\/wp\/v2\/tags?post=27745"}],"curies":[{"name":"wp","href":"https:\/\/api.w.org\/{rel}","templated":true}]}}