{"id":27734,"date":"2025-07-09T10:00:00","date_gmt":"2025-07-09T13:00:00","guid":{"rendered":"https:\/\/sgvaimudar.com.br\/?p=27734"},"modified":"2025-07-09T08:32:56","modified_gmt":"2025-07-09T11:32:56","slug":"vigilancia-sanitaria-inscreve-para-nova-capacitacao-de-empresarios","status":"publish","type":"post","link":"https:\/\/sgvaimudar.com.br\/index.php\/2025\/07\/09\/vigilancia-sanitaria-inscreve-para-nova-capacitacao-de-empresarios\/","title":{"rendered":"Vigil\u00e2ncia Sanit\u00e1ria inscreve para nova capacita\u00e7\u00e3o de empres\u00e1rios"},"content":{"rendered":"\n<p><em>Evento detalha regras e legisla\u00e7\u00e3o para abertura de cl\u00ednicas m\u00e9dicas<\/em><\/p>\n\n\n\n<p>As inscri\u00e7\u00f5es para a terceira capacita\u00e7\u00e3o para o p\u00fablico, realizada pela Vigil\u00e2ncia Sanit\u00e1ria da Prefeitura de S\u00e3o Gon\u00e7alo, est\u00e3o abertas atrav\u00e9s do email\u00a0<a rel=\"noreferrer noopener\" href=\"mailto:vigilanciasanitaria@pmsg.rj.gov.br\" target=\"_blank\">vigilanciasanitaria@pmsg.rj.gov.br<\/a>. <\/p>\n\n\n\n<p>A orienta\u00e7\u00e3o ser\u00e1 para os respons\u00e1veis pelos estabelecimentos que trabalham com cl\u00ednica m\u00e9dica na cidade e vai acontecer no pr\u00f3ximo dia 17, das 9h \u00e0s 14h, no audit\u00f3rio da Secretaria de Sa\u00fade, no Boa Vista.<\/p>\n\n\n\n<p>Para as capacita\u00e7\u00f5es s\u00e3o oferecidas 42 vagas e as inscri\u00e7\u00f5es est\u00e3o sujeitas \u00e0 lota\u00e7\u00e3o do audit\u00f3rio. A palestra \u00e9 sobre as legisla\u00e7\u00f5es pertinentes a cada tipo de estabelecimento e as quest\u00f5es sanit\u00e1rias que devem ser observadas pelos profissionais no ambiente de trabalho para que consigam obter a licen\u00e7a sanit\u00e1ria de funcionamento. Os participantes receber\u00e3o o certificado emitido pelo N\u00facleo de Educa\u00e7\u00e3o Permanente em Sa\u00fade (Neps).<\/p>\n\n\n\n<figure class=\"wp-block-image size-large\"><img fetchpriority=\"high\" decoding=\"async\" width=\"819\" height=\"1024\" src=\"https:\/\/sgvaimudar.com.br\/wp-content\/uploads\/2025\/07\/unnamed-2-6-819x1024.jpg\" alt=\"\" class=\"wp-image-27735\" srcset=\"https:\/\/sgvaimudar.com.br\/wp-content\/uploads\/2025\/07\/unnamed-2-6-819x1024.jpg 819w, https:\/\/sgvaimudar.com.br\/wp-content\/uploads\/2025\/07\/unnamed-2-6-240x300.jpg 240w, https:\/\/sgvaimudar.com.br\/wp-content\/uploads\/2025\/07\/unnamed-2-6-768x960.jpg 768w, https:\/\/sgvaimudar.com.br\/wp-content\/uploads\/2025\/07\/unnamed-2-6.jpg 1080w\" sizes=\"(max-width: 819px) 100vw, 819px\" \/><\/figure>\n\n\n\n<p>Ap\u00f3s a cl\u00ednica m\u00e9dica, a pr\u00f3xima capacita\u00e7\u00e3o ser\u00e1 para as institui\u00e7\u00f5es de longa perman\u00eancia para idosos (Ilpis). E os interessados j\u00e1 podem fazer as inscri\u00e7\u00f5es atrav\u00e9s do mesmo email:&nbsp;<a href=\"mailto:vigilanciasanitaria@pmsg.rj.gov.br\" rel=\"noreferrer noopener\" target=\"_blank\">vigilanciasanitaria@pmsg.rj.gov.br<\/a>. Aqueles aptos para assistirem \u00e0 palestra receber\u00e3o um email de confirma\u00e7\u00e3o.&nbsp;<\/p>\n\n\n\n<p><strong>Palestras:<\/strong>&nbsp;&nbsp;&nbsp;&nbsp;&nbsp;<\/p>\n\n\n\n<p>17\/07 \u2013 Cl\u00ednica M\u00e9dica, das 9h \u00e0s 14h&nbsp;<\/p>\n\n\n\n<p>12\/08 \u2013 ILPI, das 9h \u00e0s 17h&nbsp;<\/p>\n\n\n\n<p>21\/08 \u2013 MEI, das 9h \u00e0s 14h&nbsp;<\/p>\n\n\n\n<p>28\/08 \u2013 Academia, das 14h \u00e0s 17h&nbsp;<\/p>\n\n\n\n<p>16\/09 \u2013 Zoonoses, das 9h \u00e0s 14h&nbsp;<\/p>\n\n\n\n<p>10\/10 \u2013 Balan\u00e7o, das 9h \u00e0s 14h&nbsp;<\/p>\n\n\n\n<p>23\/10 \u2013 Documenta\u00e7\u00e3o, das 14h \u00e0s 17h&nbsp;<\/p>\n\n\n\n<p>24\/11 \u2013 Laborat\u00f3rio, das 9h \u00e0s 14h.<\/p>\n\n\n\n<p><strong><em>S\u00e3o Gon\u00e7alo vai mudar: Not\u00edcias de S\u00e3o Gon\u00e7alo e toda regi\u00e3o.<\/em><\/strong><\/p>\n\n\n\n<figure class=\"wp-block-image size-large\"><img decoding=\"async\" width=\"1024\" height=\"46\" src=\"https:\/\/sgvaimudar.com.br\/wp-content\/uploads\/2023\/08\/Anuncie-Aqui-Sao-Goncalo-vai-mudar-1024x46.png\" alt=\"\" class=\"wp-image-2740\" srcset=\"https:\/\/sgvaimudar.com.br\/wp-content\/uploads\/2023\/08\/Anuncie-Aqui-Sao-Goncalo-vai-mudar-1024x46.png 1024w, https:\/\/sgvaimudar.com.br\/wp-content\/uploads\/2023\/08\/Anuncie-Aqui-Sao-Goncalo-vai-mudar-300x13.png 300w, https:\/\/sgvaimudar.com.br\/wp-content\/uploads\/2023\/08\/Anuncie-Aqui-Sao-Goncalo-vai-mudar-768x35.png 768w, https:\/\/sgvaimudar.com.br\/wp-content\/uploads\/2023\/08\/Anuncie-Aqui-Sao-Goncalo-vai-mudar-1536x69.png 1536w, https:\/\/sgvaimudar.com.br\/wp-content\/uploads\/2023\/08\/Anuncie-Aqui-Sao-Goncalo-vai-mudar.png 2002w\" sizes=\"(max-width: 1024px) 100vw, 1024px\" \/><\/figure>\n","protected":false},"excerpt":{"rendered":"<p>Evento detalha regras e legisla\u00e7\u00e3o para abertura de cl\u00ednicas m\u00e9dicas As inscri\u00e7\u00f5es para a terceira capacita\u00e7\u00e3o para o p\u00fablico, realizada&hellip;<\/p>\n","protected":false},"author":5,"featured_media":27736,"comment_status":"open","ping_status":"open","sticky":false,"template":"","format":"standard","meta":{"fifu_image_url":"","fifu_image_alt":"","footnotes":""},"categories":[7],"tags":[],"class_list":["post-27734","post","type-post","status-publish","format-standard","has-post-thumbnail","hentry","category-saude"],"_links":{"self":[{"href":"https:\/\/sgvaimudar.com.br\/index.php\/wp-json\/wp\/v2\/posts\/27734","targetHints":{"allow":["GET"]}}],"collection":[{"href":"https:\/\/sgvaimudar.com.br\/index.php\/wp-json\/wp\/v2\/posts"}],"about":[{"href":"https:\/\/sgvaimudar.com.br\/index.php\/wp-json\/wp\/v2\/types\/post"}],"author":[{"embeddable":true,"href":"https:\/\/sgvaimudar.com.br\/index.php\/wp-json\/wp\/v2\/users\/5"}],"replies":[{"embeddable":true,"href":"https:\/\/sgvaimudar.com.br\/index.php\/wp-json\/wp\/v2\/comments?post=27734"}],"version-history":[{"count":1,"href":"https:\/\/sgvaimudar.com.br\/index.php\/wp-json\/wp\/v2\/posts\/27734\/revisions"}],"predecessor-version":[{"id":27737,"href":"https:\/\/sgvaimudar.com.br\/index.php\/wp-json\/wp\/v2\/posts\/27734\/revisions\/27737"}],"wp:featuredmedia":[{"embeddable":true,"href":"https:\/\/sgvaimudar.com.br\/index.php\/wp-json\/wp\/v2\/media\/27736"}],"wp:attachment":[{"href":"https:\/\/sgvaimudar.com.br\/index.php\/wp-json\/wp\/v2\/media?parent=27734"}],"wp:term":[{"taxonomy":"category","embeddable":true,"href":"https:\/\/sgvaimudar.com.br\/index.php\/wp-json\/wp\/v2\/categories?post=27734"},{"taxonomy":"post_tag","embeddable":true,"href":"https:\/\/sgvaimudar.com.br\/index.php\/wp-json\/wp\/v2\/tags?post=27734"}],"curies":[{"name":"wp","href":"https:\/\/api.w.org\/{rel}","templated":true}]}}