{"id":27726,"date":"2025-07-09T08:09:41","date_gmt":"2025-07-09T11:09:41","guid":{"rendered":"https:\/\/sgvaimudar.com.br\/?p=27726"},"modified":"2025-07-09T08:09:42","modified_gmt":"2025-07-09T11:09:42","slug":"guarda-municipal-prende-dupla-que-tentava-furtar-cabos-no-centro-de-sao-goncalo","status":"publish","type":"post","link":"https:\/\/sgvaimudar.com.br\/index.php\/2025\/07\/09\/guarda-municipal-prende-dupla-que-tentava-furtar-cabos-no-centro-de-sao-goncalo\/","title":{"rendered":"Guarda Municipal prende dupla que tentava furtar cabos no Centro de S\u00e3o Gon\u00e7alo\u00a0"},"content":{"rendered":"\n<p><em>Com os suspeitos, foram apreendidos um tubo de pl\u00e1stico de tr\u00eas metros e uma faca de serra<\/em><\/p>\n\n\n\n<p>Agentes da Guarda Municipal prenderam, nesta madrugada de ter\u00e7a-feira (8), dois homens que estavam tentando furtar cabos na Rua Dr. Fel\u00edciano Sodr\u00e9, no Centro. Com os suspeitos, foram apreendidos um tubo de pl\u00e1stico de tr\u00eas metros e uma faca de serra. <\/p>\n\n\n\n<p>A pris\u00e3o foi feita em parceria com a Central de Seguran\u00e7a de S\u00e3o Gon\u00e7alo (CSSG), coordenada pela Secretaria de Meio Ambiente e Transportes. Agentes da Guarda Municipal que estavam em patrulhamento foram acionados pelas equipes da CSSG, que relataram que dois homens estavam tentando furtar cabos. <\/p>\n\n\n\n<figure class=\"wp-block-image size-full\"><img fetchpriority=\"high\" decoding=\"async\" width=\"1024\" height=\"681\" src=\"https:\/\/sgvaimudar.com.br\/wp-content\/uploads\/2025\/07\/unnamed-10-3.jpg\" alt=\"\" class=\"wp-image-27727\" srcset=\"https:\/\/sgvaimudar.com.br\/wp-content\/uploads\/2025\/07\/unnamed-10-3.jpg 1024w, https:\/\/sgvaimudar.com.br\/wp-content\/uploads\/2025\/07\/unnamed-10-3-300x200.jpg 300w, https:\/\/sgvaimudar.com.br\/wp-content\/uploads\/2025\/07\/unnamed-10-3-768x511.jpg 768w\" sizes=\"(max-width: 1024px) 100vw, 1024px\" \/><\/figure>\n\n\n\n<p>Ao chegar no endere\u00e7o informado, a equipe avistou os dois suspeitos e perceberam que eles estavam com um tubo de pl\u00e1stico que protegia um cabo de cobre de larga espessura em um poste de luz. <\/p>\n\n\n\n<p>Eles tinham conseguido cortar o cano com uma faca de serra para, posteriormente, cortar os cabos. A a\u00e7\u00e3o foi interrompida pelos agentes. Os suspeitos ainda tentaram se livrar da faca de serra utilizada, mas n\u00e3o conseguiram.<\/p>\n\n\n\n<p>Os dois homens foram detidos e levados para a 72\u00aa DP (Mutu\u00e1), sendo encaminhados posteriormente para a 73\u00aa DP (Neves), onde permanecem presos. Ambos os suspeitos j\u00e1 possuiam anota\u00e7\u00f5es criminais.<\/p>\n\n\n\n<p><em>Foto: Julio Diniz<\/em><\/p>\n\n\n\n<p><strong><em>Fa\u00e7a sua den\u00fancia pelo nosso WhatsApp: (21) <\/em><\/strong><strong><em>99744 5345<\/em><\/strong><strong><em><\/em><\/strong><\/p>\n\n\n\n<p><strong><em>S\u00e3o Gon\u00e7alo vai mudar: Not\u00edcias de S\u00e3o Gon\u00e7alo e toda regi\u00e3o.<\/em><\/strong><\/p>\n\n\n\n<figure class=\"wp-block-image size-large\"><img decoding=\"async\" width=\"1024\" height=\"252\" src=\"https:\/\/sgvaimudar.com.br\/wp-content\/uploads\/2023\/10\/Anuncie-Aqui-Sao-Goncalo-vai-mudar-2-1024x252.jpg\" alt=\"\" class=\"wp-image-3625\" srcset=\"https:\/\/sgvaimudar.com.br\/wp-content\/uploads\/2023\/10\/Anuncie-Aqui-Sao-Goncalo-vai-mudar-2-1024x252.jpg 1024w, https:\/\/sgvaimudar.com.br\/wp-content\/uploads\/2023\/10\/Anuncie-Aqui-Sao-Goncalo-vai-mudar-2-300x74.jpg 300w, https:\/\/sgvaimudar.com.br\/wp-content\/uploads\/2023\/10\/Anuncie-Aqui-Sao-Goncalo-vai-mudar-2-768x189.jpg 768w, https:\/\/sgvaimudar.com.br\/wp-content\/uploads\/2023\/10\/Anuncie-Aqui-Sao-Goncalo-vai-mudar-2-1536x378.jpg 1536w, https:\/\/sgvaimudar.com.br\/wp-content\/uploads\/2023\/10\/Anuncie-Aqui-Sao-Goncalo-vai-mudar-2-2048x504.jpg 2048w\" sizes=\"(max-width: 1024px) 100vw, 1024px\" \/><\/figure>\n","protected":false},"excerpt":{"rendered":"<p>Com os suspeitos, foram apreendidos um tubo de pl\u00e1stico de tr\u00eas metros e uma faca de serra Agentes da Guarda&hellip;<\/p>\n","protected":false},"author":5,"featured_media":27728,"comment_status":"open","ping_status":"open","sticky":false,"template":"","format":"standard","meta":{"fifu_image_url":"","fifu_image_alt":"","footnotes":""},"categories":[32],"tags":[39,41,40,47,75],"class_list":["post-27726","post","type-post","status-publish","format-standard","has-post-thumbnail","hentry","category-casos-de-policia","tag-ataque","tag-conflito","tag-guerra","tag-rj","tag-sao-goncalo"],"_links":{"self":[{"href":"https:\/\/sgvaimudar.com.br\/index.php\/wp-json\/wp\/v2\/posts\/27726","targetHints":{"allow":["GET"]}}],"collection":[{"href":"https:\/\/sgvaimudar.com.br\/index.php\/wp-json\/wp\/v2\/posts"}],"about":[{"href":"https:\/\/sgvaimudar.com.br\/index.php\/wp-json\/wp\/v2\/types\/post"}],"author":[{"embeddable":true,"href":"https:\/\/sgvaimudar.com.br\/index.php\/wp-json\/wp\/v2\/users\/5"}],"replies":[{"embeddable":true,"href":"https:\/\/sgvaimudar.com.br\/index.php\/wp-json\/wp\/v2\/comments?post=27726"}],"version-history":[{"count":1,"href":"https:\/\/sgvaimudar.com.br\/index.php\/wp-json\/wp\/v2\/posts\/27726\/revisions"}],"predecessor-version":[{"id":27729,"href":"https:\/\/sgvaimudar.com.br\/index.php\/wp-json\/wp\/v2\/posts\/27726\/revisions\/27729"}],"wp:featuredmedia":[{"embeddable":true,"href":"https:\/\/sgvaimudar.com.br\/index.php\/wp-json\/wp\/v2\/media\/27728"}],"wp:attachment":[{"href":"https:\/\/sgvaimudar.com.br\/index.php\/wp-json\/wp\/v2\/media?parent=27726"}],"wp:term":[{"taxonomy":"category","embeddable":true,"href":"https:\/\/sgvaimudar.com.br\/index.php\/wp-json\/wp\/v2\/categories?post=27726"},{"taxonomy":"post_tag","embeddable":true,"href":"https:\/\/sgvaimudar.com.br\/index.php\/wp-json\/wp\/v2\/tags?post=27726"}],"curies":[{"name":"wp","href":"https:\/\/api.w.org\/{rel}","templated":true}]}}