{"id":27723,"date":"2025-07-09T08:02:14","date_gmt":"2025-07-09T11:02:14","guid":{"rendered":"https:\/\/sgvaimudar.com.br\/?p=27723"},"modified":"2025-07-09T08:02:14","modified_gmt":"2025-07-09T11:02:14","slug":"arthur-elias-admite-favoritismo-do-brasil-na-copa-america","status":"publish","type":"post","link":"https:\/\/sgvaimudar.com.br\/index.php\/2025\/07\/09\/arthur-elias-admite-favoritismo-do-brasil-na-copa-america\/","title":{"rendered":"Arthur Elias admite favoritismo do Brasil na Copa Am\u00e9rica"},"content":{"rendered":"\n<p><em>A sele\u00e7\u00e3o brasileira passa por um processo de renova\u00e7\u00e3o<\/em><\/p>\n\n\n\n<p>O Brasil tem a responsabilidade de vencer a Copa Am\u00e9rica de futebol feminino, afirmou, nesta ter\u00e7a-feira (8), o t\u00e9cnico Arthur Elias em entrevista coletiva sobre a competi\u00e7\u00e3o, que ser\u00e1 disputada em Quito (Equador) entre os dias 12 de julho e 2 de agosto e que ter\u00e1 os jogos do Brasil transmitidos ao vivo pela\u00a0TV Brasil.<img decoding=\"async\" src=\"https:\/\/agenciabrasil.ebc.com.br\/ebc.png?id=1650127&amp;o=node\"><img decoding=\"async\" src=\"https:\/\/agenciabrasil.ebc.com.br\/ebc.gif?id=1650127&amp;o=node\"><\/p>\n\n\n\n<p>\u201cEncaro [a Copa Am\u00e9rica] como uma competi\u00e7\u00e3o que n\u00f3s temos, sim, a responsabilidade de vencer. O Brasil venceu oito de nove [edi\u00e7\u00f5es], ent\u00e3o n\u00e3o podemos fazer diferente. Queremos que a sele\u00e7\u00e3o evolua e conquiste mais do que conquistou. Mas entendendo que o futebol sul-americano, assim como no mundo inteiro, cresceu\u201d, declarou o comandante do time canarinho.<\/p>\n\n\n\n<p>Na entrevista, Arthur Elias deixou claro que a sele\u00e7\u00e3o brasileira passa por um processo de renova\u00e7\u00e3o, no qual novas jogadoras receber\u00e3o oportunidades de mostrar seu valor: \u201cN\u00e3o adianta realizar um processo de renova\u00e7\u00e3o sem realmente dar oportunidade de serem convocadas e de jogarem\u201d.<\/p>\n\n\n\n<p>A caminhada do Brasil na competi\u00e7\u00e3o ter\u00e1 in\u00edcio no pr\u00f3ximo domingo (13) contra a Venezuela. A bola rola a partir das 21h (hor\u00e1rio de Bras\u00edlia) no Est\u00e1dio Gonzalo Pozo Ripalda, mas a transmiss\u00e3o inicia antes, \u00e0s 20h30min. A narra\u00e7\u00e3o ser\u00e1 de Luciana Zogaib, com coment\u00e1rios de Brenda Balbi e Rachel Motta.<\/p>\n\n\n\n<p>A Copa Am\u00e9rica re\u00fane as 10 sele\u00e7\u00f5es filiadas \u00e0 Confedera\u00e7\u00e3o Sul-Americana de Futebol (Conmebol), divididas em duas chaves de cinco times. O Brasil est\u00e1 no Grupo B. As brasileiras ainda ter\u00e3o pela frente a Bol\u00edvia (no dia 16 de julho a partir das 18h), o Paraguai (no dia 21 de julho \u00e0s 21h) e a Col\u00f4mbia (no dia 25 de julho novamente \u00e0s 21h).<\/p>\n\n\n\n<p>No Grupo A figuram Argentina, Chile, Peru, Uruguai e o Equador. Os dois primeiros colocados de cada chave avan\u00e7am \u00e0s semifinais, previstas para os dias 28 e 29 de julho. A decis\u00e3o est\u00e1 agendada para o dia 2 de agosto.<\/p>\n\n\n\n<p><strong><em>S\u00e3o Gon\u00e7alo vai mudar: Not\u00edcias de S\u00e3o Gon\u00e7alo e toda regi\u00e3o.<\/em><\/strong><\/p>\n\n\n\n<figure class=\"wp-block-image size-large\"><img fetchpriority=\"high\" decoding=\"async\" width=\"1024\" height=\"252\" src=\"https:\/\/sgvaimudar.com.br\/wp-content\/uploads\/2025\/03\/Anuncie-Aqui-Sao-Goncalo-vai-mudar-1024x252.jpg\" alt=\"\" class=\"wp-image-22693\" srcset=\"https:\/\/sgvaimudar.com.br\/wp-content\/uploads\/2025\/03\/Anuncie-Aqui-Sao-Goncalo-vai-mudar-1024x252.jpg 1024w, https:\/\/sgvaimudar.com.br\/wp-content\/uploads\/2025\/03\/Anuncie-Aqui-Sao-Goncalo-vai-mudar-300x74.jpg 300w, https:\/\/sgvaimudar.com.br\/wp-content\/uploads\/2025\/03\/Anuncie-Aqui-Sao-Goncalo-vai-mudar-768x189.jpg 768w, https:\/\/sgvaimudar.com.br\/wp-content\/uploads\/2025\/03\/Anuncie-Aqui-Sao-Goncalo-vai-mudar-1536x378.jpg 1536w, https:\/\/sgvaimudar.com.br\/wp-content\/uploads\/2025\/03\/Anuncie-Aqui-Sao-Goncalo-vai-mudar-2048x504.jpg 2048w\" sizes=\"(max-width: 1024px) 100vw, 1024px\" \/><\/figure>\n","protected":false},"excerpt":{"rendered":"<p>A sele\u00e7\u00e3o brasileira passa por um processo de renova\u00e7\u00e3o O Brasil tem a responsabilidade de vencer a Copa Am\u00e9rica de&hellip;<\/p>\n","protected":false},"author":5,"featured_media":27724,"comment_status":"open","ping_status":"open","sticky":false,"template":"","format":"standard","meta":{"fifu_image_url":"","fifu_image_alt":"","footnotes":""},"categories":[5],"tags":[47],"class_list":["post-27723","post","type-post","status-publish","format-standard","has-post-thumbnail","hentry","category-esportes","tag-rj"],"_links":{"self":[{"href":"https:\/\/sgvaimudar.com.br\/index.php\/wp-json\/wp\/v2\/posts\/27723","targetHints":{"allow":["GET"]}}],"collection":[{"href":"https:\/\/sgvaimudar.com.br\/index.php\/wp-json\/wp\/v2\/posts"}],"about":[{"href":"https:\/\/sgvaimudar.com.br\/index.php\/wp-json\/wp\/v2\/types\/post"}],"author":[{"embeddable":true,"href":"https:\/\/sgvaimudar.com.br\/index.php\/wp-json\/wp\/v2\/users\/5"}],"replies":[{"embeddable":true,"href":"https:\/\/sgvaimudar.com.br\/index.php\/wp-json\/wp\/v2\/comments?post=27723"}],"version-history":[{"count":1,"href":"https:\/\/sgvaimudar.com.br\/index.php\/wp-json\/wp\/v2\/posts\/27723\/revisions"}],"predecessor-version":[{"id":27725,"href":"https:\/\/sgvaimudar.com.br\/index.php\/wp-json\/wp\/v2\/posts\/27723\/revisions\/27725"}],"wp:featuredmedia":[{"embeddable":true,"href":"https:\/\/sgvaimudar.com.br\/index.php\/wp-json\/wp\/v2\/media\/27724"}],"wp:attachment":[{"href":"https:\/\/sgvaimudar.com.br\/index.php\/wp-json\/wp\/v2\/media?parent=27723"}],"wp:term":[{"taxonomy":"category","embeddable":true,"href":"https:\/\/sgvaimudar.com.br\/index.php\/wp-json\/wp\/v2\/categories?post=27723"},{"taxonomy":"post_tag","embeddable":true,"href":"https:\/\/sgvaimudar.com.br\/index.php\/wp-json\/wp\/v2\/tags?post=27723"}],"curies":[{"name":"wp","href":"https:\/\/api.w.org\/{rel}","templated":true}]}}